{"id":46407,"date":"2024-06-17T07:12:09","date_gmt":"2024-06-17T07:12:09","guid":{"rendered":"https:\/\/kamucalisani.net\/?p=46407"},"modified":"2024-06-17T07:12:09","modified_gmt":"2024-06-17T07:12:09","slug":"bu-davanin-hirsizliktan-aciliyor-olmasi-muhsin-yazicioglu-davasinin-kapatilmasi-demektir","status":"publish","type":"post","link":"https:\/\/kamucalisani.net\/index.php\/2024\/06\/17\/bu-davanin-hirsizliktan-aciliyor-olmasi-muhsin-yazicioglu-davasinin-kapatilmasi-demektir\/","title":{"rendered":"&#8216;Bu davan\u0131n h\u0131rs\u0131zl\u0131ktan a\u00e7\u0131l\u0131yor olmas\u0131, Muhsin Yaz\u0131c\u0131o\u011flu davas\u0131n\u0131n kapat\u0131lmas\u0131 demektir&#8217;"},"content":{"rendered":"<p><p>Kahramanmara\u015f&#8217;ta 15 y\u0131l \u00f6nce d\u00fc\u015fen helikopterde bulunan B\u00fcy\u00fck Birlik Partisi (BBP) Kurucu Genel Ba\u015fkan\u0131 Muhsin Yaz\u0131c\u0131o\u011flu ile beraberindeki 5 ki\u015finin \u00f6l\u00fcm\u00fcyle ilgili y\u00fcr\u00fct\u00fclen soru\u015fturmay\u0131 y\u00f6nlendirdikleri iddias\u0131yla 19 ki\u015finin yarg\u0131land\u0131\u011f\u0131 davan\u0131n 12&#8217;nci duru\u015fmas\u0131 g\u00f6r\u00fcld\u00fc. Kahramanmara\u015f 2&#8217;nci A\u011f\u0131r Ceza Mahkemesi&#8217;nde g\u00f6r\u00fclen duru\u015fmaya tutuksuz san\u0131k Ebubekir Semih Y\u00fcksekkaya, taraflar avukatlar\u0131, Muhsin Yaz\u0131c\u0131o\u011flu&#8217;nun a\u011fabeyi Yusuf Yaz\u0131c\u0131o\u011flu ve Milli Yol Partisi Genel Ba\u015fkan\u0131 Remzi \u00c7ay\u0131r kat\u0131l\u0131rken, tutuksuz san\u0131k Davut U\u00e7um ba\u015fka bir su\u00e7tan h\u00fck\u00fcml\u00fc oldu\u011fu cezaevinden SEGB\u0130S arac\u0131l\u0131\u011f\u0131yla mahkeme salonuna ba\u011flad\u0131. Duru\u015fmada ilk olarak Ebubekir Semih Y\u00fcksekkaya, savunma yapt\u0131.<\/p>\n<p><strong>SU\u00c7LAMALARI REDDETT\u0130<\/strong><\/p>\n<p>Muhsin Yaz\u0131c\u0131o\u011flu&#8217;nun helikopterindeki GPS cihazlar\u0131n\u0131 \u00e7ald\u0131klar\u0131 iddias\u0131yla &#8216;ki\u015finin \u00f6l\u00fcm\u00fcnden yararlanarak h\u0131rs\u0131zl\u0131k ve silahl\u0131 ter\u00f6r \u00f6rg\u00fct\u00fcne \u00fcye olma&#8217; su\u00e7lar\u0131ndan yarg\u0131lanan Y\u00fcksekkaya, su\u00e7lamalar\u0131 kabul etmedi. Ayn\u0131 su\u00e7lardan yarg\u0131lanan Davut U\u00e7um da su\u00e7lamalar\u0131 reddetti. Helikopter d\u00fc\u015ft\u00fckten sonra \u00e7ekilen foto\u011fraf \u00fczerinden savunma yapan U\u00e7um, karlar \u00fczerinde \u00e7ekilen foto\u011frafta \u00e7al\u0131nd\u0131\u011f\u0131 \u00f6ne s\u00fcr\u00fclen cihaz\u0131n panelde oldu\u011funun g\u00f6r\u00fcld\u00fc\u011f\u00fc belirterek, e\u011fer cihazlar ortada yoksa bunun sorumlular\u0131n\u0131n Kaza Soru\u015fturma Kurulu (KSK) heyeti oldu\u011funu s\u00f6yledi. San\u0131k avukatlar\u0131 da KSK heyetini sorumlu tutarak, m\u00fcvekkillerinin beraatini talep etti. Mahkeme heyeti, duru\u015fmay\u0131 16 Ekim&#8217;e erteledi.<\/p>\n<p><strong>&#8216;ZATEN DAVA ZAMAN A\u015eIMI TEHL\u0130KES\u0130YLE KAR\u015eI KAR\u015eIYA&#8217;<\/strong><\/p>\n<p>Duru\u015fman\u0131n ard\u0131ndan gazetecilere a\u00e7\u0131klama yapan Remzi \u00c7ay\u0131r, aradan ge\u00e7en 15 y\u0131la ra\u011fmen Yaz\u0131c\u0131o\u011flu davas\u0131n\u0131n bir t\u00fcrl\u00fc ayd\u0131nlat\u0131lamad\u0131\u011f\u0131n\u0131 s\u00f6yledi. \u00c7ay\u0131r, bug\u00fcn 12&#8217;nci duru\u015fmas\u0131 g\u00f6r\u00fclen davan\u0131n zaman a\u015f\u0131m\u0131 tehlikesiyle kar\u015f\u0131 kar\u015f\u0131ya oldu\u011funu belirterek, \u015f\u00f6yle konu\u015ftu: &#8220;\u00dcz\u00fclerek, i\u00e7imiz kan a\u011flayarak ve i\u00e7imizdeki o \u00f6fkeyi de diri tutarak kamuoyu bilmelidir ki bu davay\u0131 kimse ne zaman a\u015f\u0131m\u0131na u\u011fratabilir ne kapatabilir ne unutturabilir. \u015eu anda yap\u0131lmak istenenin fark\u0131nday\u0131z. Zaten dava zaman a\u015f\u0131m\u0131 tehlikesiyle kar\u015f\u0131 kar\u015f\u0131ya. Ana dava a\u00e7\u0131lmam\u0131\u015f; \u015fu an y\u00fcr\u00fct\u00fclmekte olan dava da daha \u00f6nce ifade etti\u011fimiz gibi kamuoyunda \u00e7ok yanl\u0131\u015f bir \u015fekilde bir tezah\u00fcr\u00fc var. Sanki Kahramanmara\u015f&#8217;ta Muhsin Yaz\u0131c\u0131o\u011flu&#8217;nun katillerinin sorguland\u0131\u011f\u0131, yarg\u0131land\u0131\u011f\u0131 bir davaya geliyoruz. Alakas\u0131 yok. Ortada ne katiller var ne dava var ne dava s\u00fcreci var. Sadece G\u00f6ksun&#8217;da ilgili savc\u0131n\u0131n bir iddianamesi var. \u0130ddianame ne? Muhsin Ba\u015fkan\u0131m\u0131z\u0131n, \u015fehit liderimizin helikopterinden \u00e7al\u0131nan, \u00e7al\u0131nd\u0131\u011f\u0131 iddia edilen veya s\u00f6k\u00fcld\u00fc\u011f\u00fc iddia edilen aletleri tutmu\u015flar davay\u0131 \u00f6rtmek, delil karartmaktan de\u011fil de h\u0131rs\u0131zl\u0131ktan dava a\u00e7\u0131lm\u0131\u015f. \u015eu anda FET\u00d6&#8217;den yarg\u0131lananlar, i\u00e7eride olanlar ve kaza k\u0131r\u0131m ekibi g\u00fcya bu h\u0131rs\u0131zl\u0131k davas\u0131ndan yarg\u0131lan\u0131yor. Bir insan b\u00f6yle bir \u015feyden nas\u0131l nemalanabilir? Neden h\u0131rs\u0131zl\u0131k yapabilir? Sa\u00e7ma, sapan. Do\u011frudan davan\u0131n \u00f6rt\u00fcld\u00fc\u011f\u00fc, davan\u0131n ba\u015fkala\u015ft\u0131r\u0131ld\u0131\u011f\u0131, i\u015fin ba\u015fka y\u00f6ne \u00e7ekildi\u011fi gibi bir ger\u00e7eklik var ortada. Resmen i\u015fi karartmaya, kapatmaya, ba\u015fkala\u015ft\u0131rmaya \u00e7al\u0131\u015f\u0131yorlar. Zaten bu davan\u0131n \u015fu an h\u0131rs\u0131zl\u0131ktan a\u00e7\u0131l\u0131yor olmas\u0131 ve g\u00f6r\u00fcl\u00fcyor olmas\u0131, tek ba\u015f\u0131na Muhsin Yaz\u0131c\u0131o\u011flu davas\u0131n\u0131n kapat\u0131lmas\u0131 demektir.&#8221;<\/p>\n\n<p><\/p>\n<p>Kaynak :\u00a0<span style=\"background-color: rgb(255, 249, 236); color: rgb(55, 58, 60); font-size: 14px;\">http:\/\/www.milliyet.com.tr\/gundem\/bu-davanin-hirsizliktan-aciliyor-olmasi-muhsin-yazicioglu-davasinin-kapatilmasi-demektir-7137673<\/span><\/p>\n","protected":false},"excerpt":{"rendered":"<p>Milli Yol Partisi Genel Ba\u015fkan\u0131 Remzi \u00c7ay\u0131r, aradan ge\u00e7en 15 y\u0131la ra\u011fmen Muhsin Yaz\u0131c\u0131o\u011flu davas\u0131n\u0131n bir t\u00fcrl\u00fc ayd\u0131nlat\u0131lamad\u0131\u011f\u0131n\u0131 belirterek, &#8220;Resmen i\u015fi karartmaya, kapatmaya, ba\u015fkala\u015ft\u0131rmaya \u00e7al\u0131\u015f\u0131yorlar. Zaten bu davan\u0131n \u015fu an h\u0131rs\u0131zl\u0131ktan a\u00e7\u0131l\u0131yor olmas\u0131, tek ba\u015f\u0131na Muhsin Yaz\u0131c\u0131o\u011flu davas\u0131n\u0131n kapat\u0131lmas\u0131 demektir&#8221; dedi.<\/p>\n","protected":false},"author":1,"featured_media":46408,"comment_status":"open","ping_status":"open","sticky":false,"template":"","format":"standard","meta":{"footnotes":""},"categories":[3],"tags":[1406,2221,2220,645,2222],"class_list":["post-46407","post","type-post","status-publish","format-standard","has-post-thumbnail","hentry","category-guncel","tag-dava","tag-davanin","tag-hirsizlik","tag-iddia","tag-muhsin-yazicioglu"],"_links":{"self":[{"href":"https:\/\/kamucalisani.net\/index.php\/wp-json\/wp\/v2\/posts\/46407","targetHints":{"allow":["GET"]}}],"collection":[{"href":"https:\/\/kamucalisani.net\/index.php\/wp-json\/wp\/v2\/posts"}],"about":[{"href":"https:\/\/kamucalisani.net\/index.php\/wp-json\/wp\/v2\/types\/post"}],"author":[{"embeddable":true,"href":"https:\/\/kamucalisani.net\/index.php\/wp-json\/wp\/v2\/users\/1"}],"replies":[{"embeddable":true,"href":"https:\/\/kamucalisani.net\/index.php\/wp-json\/wp\/v2\/comments?post=46407"}],"version-history":[{"count":1,"href":"https:\/\/kamucalisani.net\/index.php\/wp-json\/wp\/v2\/posts\/46407\/revisions"}],"predecessor-version":[{"id":46409,"href":"https:\/\/kamucalisani.net\/index.php\/wp-json\/wp\/v2\/posts\/46407\/revisions\/46409"}],"wp:featuredmedia":[{"embeddable":true,"href":"https:\/\/kamucalisani.net\/index.php\/wp-json\/wp\/v2\/media\/46408"}],"wp:attachment":[{"href":"https:\/\/kamucalisani.net\/index.php\/wp-json\/wp\/v2\/media?parent=46407"}],"wp:term":[{"taxonomy":"category","embeddable":true,"href":"https:\/\/kamucalisani.net\/index.php\/wp-json\/wp\/v2\/categories?post=46407"},{"taxonomy":"post_tag","embeddable":true,"href":"https:\/\/kamucalisani.net\/index.php\/wp-json\/wp\/v2\/tags?post=46407"}],"curies":[{"name":"wp","href":"https:\/\/api.w.org\/{rel}","templated":true}]}}