{"id":46901,"date":"2024-06-17T21:24:08","date_gmt":"2024-06-17T21:24:08","guid":{"rendered":"https:\/\/kamucalisani.net\/?p=46901"},"modified":"2024-06-17T21:24:08","modified_gmt":"2024-06-17T21:24:08","slug":"fenerbahcede-aziz-yildirimin-yonetim-listesinde-degisiklik-2-isim-dahil-oldu","status":"publish","type":"post","link":"https:\/\/kamucalisani.net\/index.php\/2024\/06\/17\/fenerbahcede-aziz-yildirimin-yonetim-listesinde-degisiklik-2-isim-dahil-oldu\/","title":{"rendered":"Fenerbah\u00e7e&#8217;de Aziz Y\u0131ld\u0131r\u0131m\u2019\u0131n y\u00f6netim listesinde de\u011fi\u015fiklik! 2 isim dahil oldu"},"content":{"rendered":"<p><p>Fenerbah\u00e7e&#8217;de ba\u015fkan aday\u0131 olan Aziz Y\u0131ld\u0131r\u0131m&#8217;\u0131n, y\u00f6netim kurulu listesinde de\u011fi\u015fiklik ger\u00e7ekle\u015fti.<\/p>\n<p><strong>2 \u0130S\u0130M DAH\u0130L OLDU\u00a0<\/strong><\/p>\n<p>Sercan Hamzao\u011flu&#8217;nun haberine g\u00f6re Fenerbah\u00e7e Kul\u00fcb\u00fc Ba\u015fkan Aday\u0131 Aziz Y\u0131ld\u0131r\u0131m\u2019\u0131n y\u00f6netim listesine Mustafa \u00d6mer Topba\u015f ve Sava\u015f Adalet dahil oldu.<\/p>\n<p>Aziz Y\u0131ld\u0131r\u0131m\u2019\u0131n kongredeki kesin y\u00f6netim kurulu listesi \u015fu \u015fekilde:\u00a0<\/p>\n<div>\n<div> <img decoding=\"async\" src=\"https:\/\/kamucalisani.net\/wp-content\/uploads\/2024\/06\/fenerbahcede-aziz-yildirimin-yonetim-listesinde-degisiklik-2-isim-dahil-oldu-0-N8y8MhBR.jpg\"\/><\/img> <\/div>\n<\/p><\/div>\n<\/p>\n<p><\/p>\n<p>Kaynak :\u00a0<span style=\"background-color: rgb(255, 249, 236); color: rgb(55, 58, 60); font-size: 14px;\">http:\/\/www.milliyet.com.tr\/skorer\/fenerbahcede-aziz-yildirimin-yonetim-listesinde-degisiklik-2-isim-dahil-oldu-7137720<\/span><\/p>\n","protected":false},"excerpt":{"rendered":"<p>Fenerbah\u00e7e&#8217;de se\u00e7ime k\u0131sa s\u00fcre kala ba\u015fkan aday\u0131 Aziz Y\u0131ld\u0131r\u0131m&#8217;\u0131n y\u00f6netim kurulu listesine iki isim dahil oldu.<\/p>\n","protected":false},"author":1,"featured_media":46902,"comment_status":"open","ping_status":"open","sticky":false,"template":"","format":"standard","meta":{"footnotes":""},"categories":[7],"tags":[],"class_list":["post-46901","post","type-post","status-publish","format-standard","has-post-thumbnail","hentry","category-spor"],"_links":{"self":[{"href":"https:\/\/kamucalisani.net\/index.php\/wp-json\/wp\/v2\/posts\/46901","targetHints":{"allow":["GET"]}}],"collection":[{"href":"https:\/\/kamucalisani.net\/index.php\/wp-json\/wp\/v2\/posts"}],"about":[{"href":"https:\/\/kamucalisani.net\/index.php\/wp-json\/wp\/v2\/types\/post"}],"author":[{"embeddable":true,"href":"https:\/\/kamucalisani.net\/index.php\/wp-json\/wp\/v2\/users\/1"}],"replies":[{"embeddable":true,"href":"https:\/\/kamucalisani.net\/index.php\/wp-json\/wp\/v2\/comments?post=46901"}],"version-history":[{"count":1,"href":"https:\/\/kamucalisani.net\/index.php\/wp-json\/wp\/v2\/posts\/46901\/revisions"}],"predecessor-version":[{"id":46904,"href":"https:\/\/kamucalisani.net\/index.php\/wp-json\/wp\/v2\/posts\/46901\/revisions\/46904"}],"wp:featuredmedia":[{"embeddable":true,"href":"https:\/\/kamucalisani.net\/index.php\/wp-json\/wp\/v2\/media\/46902"}],"wp:attachment":[{"href":"https:\/\/kamucalisani.net\/index.php\/wp-json\/wp\/v2\/media?parent=46901"}],"wp:term":[{"taxonomy":"category","embeddable":true,"href":"https:\/\/kamucalisani.net\/index.php\/wp-json\/wp\/v2\/categories?post=46901"},{"taxonomy":"post_tag","embeddable":true,"href":"https:\/\/kamucalisani.net\/index.php\/wp-json\/wp\/v2\/tags?post=46901"}],"curies":[{"name":"wp","href":"https:\/\/api.w.org\/{rel}","templated":true}]}}