{"id":47640,"date":"2024-06-18T04:24:08","date_gmt":"2024-06-18T04:24:08","guid":{"rendered":"https:\/\/kamucalisani.net\/?p=47640"},"modified":"2024-06-18T04:24:08","modified_gmt":"2024-06-18T04:24:08","slug":"chp-lideri-ozgur-ozel-erdogan-gorusmesi-icin-tarih-verdi","status":"publish","type":"post","link":"https:\/\/kamucalisani.net\/index.php\/2024\/06\/18\/chp-lideri-ozgur-ozel-erdogan-gorusmesi-icin-tarih-verdi\/","title":{"rendered":"CHP lideri \u00d6zg\u00fcr \u00d6zel, Erdo\u011fan g\u00f6r\u00fc\u015fmesi i\u00e7in tarih verdi"},"content":{"rendered":"<p><p>CHP Genel Ba\u015fkan\u0131 \u00d6zg\u00fcr \u00d6zel yapt\u0131\u011f\u0131 a\u00e7\u0131klamada &#8220;Cumhurba\u015fkan\u0131 ile gelecek hafta g\u00f6r\u00fc\u015fece\u011fiz, g\u00fcn\u00fc saati yar\u0131n belli olacak.&#8221; ifadelerini kulland\u0131.<\/p>\n<p><strong>\u0130LK G\u00d6R\u00dc\u015eME 2 MAYIS&#8217;TA GER\u00c7EKLE\u015eM\u0130\u015eT\u0130<\/strong><\/p>\n<p>Cumhurba\u015fkan\u0131 Erdo\u011fan ve CHP Lideri \u00d6zg\u00fcr \u00d6zel aras\u0131ndaki ilk g\u00f6r\u00fc\u015fme 2 May\u0131s tarihinde\u00a0AK Parti Genel Merkezi&#8217;nde ger\u00e7ekle\u015fmi\u015fti. AK Parti S\u00f6zc\u00fcs\u00fc \u00d6mer \u00c7elik g\u00f6r\u00fc\u015fmeye dair, &#8220;Say\u0131n Cumhurba\u015fkan\u0131m\u0131z CHP Genel Ba\u015fkan\u0131 Say\u0131n \u00d6zg\u00fcr \u00d6zel\u2019in ziyaretinden memnuniyet duymu\u015flard\u0131r. Olumlu bir havada ge\u00e7mi\u015ftir ziyaret. Cumhurba\u015fkan\u0131m\u0131z, diyalo\u011fun devam etmesi gerekti\u011fini belirtmi\u015flerdir. Kendi takvimlerine uygun bir zamanda iade-i ziyaret ger\u00e7ekle\u015ftireceklerdir.&#8221; ifadelerini kullanm\u0131\u015ft\u0131.<\/p>\n<div>\n<div> <img decoding=\"async\" src=\"https:\/\/kamucalisani.net\/wp-content\/uploads\/2024\/06\/chp-lideri-ozgur-ozel-erdogan-gorusmesi-icin-tarih-verdi-0-Aw7NpfWG.jpg\"\/><\/img> <\/div>\n<\/p><\/div>\n<\/p>\n<p><strong>TEBR\u0130K TELEFONU \u0130LE BA\u015eLAYAN S\u00dcRE\u00c7<\/strong><\/p>\n<p>G\u00f6r\u00fc\u015fme 8 y\u0131l sonra bir ilk niteli\u011fi ta\u015f\u0131m\u0131\u015ft\u0131. AK Parti ve CHP genel ba\u015fkanlar\u0131 2016&#8217;dan sonra ilk kez bir araya gelmi\u015fti.<\/p>\n<div>\n<div> <img decoding=\"async\" src=\"https:\/\/kamucalisani.net\/wp-content\/uploads\/2024\/06\/chp-lideri-ozgur-ozel-erdogan-gorusmesi-icin-tarih-verdi-1-1shN7qYR.jpg\"\/><\/img> <\/div>\n<\/p><\/div>\n<\/p>\n<p>Cumhurba\u015fkan\u0131 Erdo\u011fan ve \u00d6zel&#8217;i bir araya getiren s\u00fcre\u00e7, CHP Genel Ba\u015fkan\u0131&#8217;n\u0131n Erdo\u011fan\u2019a a\u00e7t\u0131\u011f\u0131 bayram tebri\u011fi telefonu ile ba\u015flam\u0131\u015ft\u0131. Erdo\u011fan ve \u00d6zel, T\u00fcrkiye B\u00fcy\u00fck Millet Meclisi&#8217;nin 104&#8217;\u00fcnc\u00fc a\u00e7\u0131l\u0131\u015f y\u0131l d\u00f6n\u00fcm\u00fc nedeniyle d\u00fczenlenen 23 Nisan resepsiyonunda k\u0131sa bir g\u00f6r\u00fc\u015fme ger\u00e7ekle\u015ftirmi\u015fti. O g\u00f6r\u00fc\u015fmede bir araya gelme karar\u0131 al\u0131nm\u0131\u015ft\u0131.<\/p>\n\n<p><\/p>\n<p>Kaynak :\u00a0<span style=\"background-color: rgb(255, 249, 236); color: rgb(55, 58, 60); font-size: 14px;\">http:\/\/www.milliyet.com.tr\/gundem\/chp-lideri-ozgur-ozel-erdogan-gorusmesi-icin-tarih-verdi-7137774<\/span><\/p>\n","protected":false},"excerpt":{"rendered":"<p>CHP Genel Ba\u015fkan\u0131 \u00d6zg\u00fcr \u00d6zel yapt\u0131\u011f\u0131 a\u00e7\u0131klamada &#8220;Cumhurba\u015fkan\u0131 ile gelecek hafta g\u00f6r\u00fc\u015fece\u011fiz, g\u00fcn\u00fc saati yar\u0131n belli olacak.&#8221; ifadelerini kulland\u0131.<\/p>\n","protected":false},"author":1,"featured_media":47641,"comment_status":"open","ping_status":"open","sticky":false,"template":"","format":"standard","meta":{"footnotes":""},"categories":[3],"tags":[271,594,2257],"class_list":["post-47640","post","type-post","status-publish","format-standard","has-post-thumbnail","hentry","category-guncel","tag-chp","tag-cumhurbaskani","tag-gorusme"],"_links":{"self":[{"href":"https:\/\/kamucalisani.net\/index.php\/wp-json\/wp\/v2\/posts\/47640","targetHints":{"allow":["GET"]}}],"collection":[{"href":"https:\/\/kamucalisani.net\/index.php\/wp-json\/wp\/v2\/posts"}],"about":[{"href":"https:\/\/kamucalisani.net\/index.php\/wp-json\/wp\/v2\/types\/post"}],"author":[{"embeddable":true,"href":"https:\/\/kamucalisani.net\/index.php\/wp-json\/wp\/v2\/users\/1"}],"replies":[{"embeddable":true,"href":"https:\/\/kamucalisani.net\/index.php\/wp-json\/wp\/v2\/comments?post=47640"}],"version-history":[{"count":1,"href":"https:\/\/kamucalisani.net\/index.php\/wp-json\/wp\/v2\/posts\/47640\/revisions"}],"predecessor-version":[{"id":47644,"href":"https:\/\/kamucalisani.net\/index.php\/wp-json\/wp\/v2\/posts\/47640\/revisions\/47644"}],"wp:featuredmedia":[{"embeddable":true,"href":"https:\/\/kamucalisani.net\/index.php\/wp-json\/wp\/v2\/media\/47641"}],"wp:attachment":[{"href":"https:\/\/kamucalisani.net\/index.php\/wp-json\/wp\/v2\/media?parent=47640"}],"wp:term":[{"taxonomy":"category","embeddable":true,"href":"https:\/\/kamucalisani.net\/index.php\/wp-json\/wp\/v2\/categories?post=47640"},{"taxonomy":"post_tag","embeddable":true,"href":"https:\/\/kamucalisani.net\/index.php\/wp-json\/wp\/v2\/tags?post=47640"}],"curies":[{"name":"wp","href":"https:\/\/api.w.org\/{rel}","templated":true}]}}