{"id":51856,"date":"2024-06-20T10:36:09","date_gmt":"2024-06-20T10:36:09","guid":{"rendered":"https:\/\/kamucalisani.net\/?p=51856"},"modified":"2024-06-20T10:36:09","modified_gmt":"2024-06-20T10:36:09","slug":"fenerbahce-baskani-ali-koctan-ebrar-karakurta-seni-alacagiz","status":"publish","type":"post","link":"https:\/\/kamucalisani.net\/index.php\/2024\/06\/20\/fenerbahce-baskani-ali-koctan-ebrar-karakurta-seni-alacagiz\/","title":{"rendered":"Fenerbah\u00e7e Ba\u015fkan\u0131 Ali Ko\u00e7&#8217;tan Ebrar Karakurt&#8217;a: Seni alaca\u011f\u0131z"},"content":{"rendered":"<p><p>Sultanlar Ligi&#8217;nde \u00fcst \u00fcste ikinci kez \u015fampiyonlu\u011fa ula\u015fan Fenerbah\u00e7e Opet, b\u00fcy\u00fck hedef olarak CEV \u015eampiyonlar Ligi&#8217;ni berlirledi. Bu sezon i\u00e7in kadrosundaki \u00f6nemli isimleri koruyan sar\u0131-lacivertli tak\u0131mda bir sonraki sezonun transferi i\u00e7in Ali Ko\u00e7 devreye girdi.<\/p>\n<p><strong>&#8216;S\u00d6ZLE\u015eME UZATMA SEN\u0130 ALACA\u011eIZ&#8217;<\/strong><br \/>Sar\u0131-lacivertli kul\u00fcb\u00fcn ba\u015fkan\u0131 Ali Ko\u00e7, Filenin Sultanlar\u0131 ile performans\u0131n\u0131 \u00fcst seviye \u00e7\u0131karan Ebrar Karakurt&#8217;a teklif yapt\u0131\u011f\u0131n\u0131 a\u00e7\u0131klad\u0131. Ali Ko\u00e7: \u201cEbrar Karakurt\u2019a \u2018seneye s\u00f6zle\u015fme uzatma seni alaca\u011f\u0131z\u201d dedim.\u201d ifadelerini kulland\u0131.\u00a0<\/p>\n<p>&#8220;Ebrar&#8217;a s\u00f6yledim seni alaca\u011f\u0131z diye. M\u00fcthi\u015f bir oyuncu, \u00e7\u0131lg\u0131n bir karakter.\u00a0Rusya&#8217;da istatistikleri k\u0131rd\u0131, rekor b\u0131rakmad\u0131.\u00a0Orada da \u015fakayla kar\u0131\u015f\u0131k laf a\u00e7\u0131ld\u0131. Yemek yemi\u015ftik orada a\u00e7\u0131ld\u0131. D\u00fcnya \u015fampiyonu olacaksak en iyi yerli oyuncular\u0131 kadroya almam\u0131z laz\u0131m. Ebrar \u00f6yle bir isim&#8221;<\/p>\n<p>Ali Ko\u00e7 ile Ebrar Karakurt aras\u0131ndaki konu\u015fma, Rahmi Ko\u00e7\u2019un A Milli Kad\u0131n Voleybol Milli Tak\u0131m\u0131&#8217;na verdi\u011fi yemekte ya\u015fand\u0131\u011f\u0131 \u00f6\u011frenildi.<\/p>\n<p><strong>EBRAR KARAKURT&#8217;TAN SAYI REKORU<\/strong><br \/>Filenin Sultanlar\u0131&#8217;n\u0131n y\u0131ld\u0131z isimlerinden Ebrar Karakurt, VNL tarihinin en skorer ismi oldu.<\/p>\n<p><strong>VARGAS FENERBAH\u00c7E&#8217;DE KALDI<\/strong><br \/>Sezonu \u00c7in&#8217;de a\u00e7\u0131p devre aras\u0131nda Fenerbah\u00e7e&#8217;ye dahil olan Melissa Vargas art\u0131k yar\u0131m sezon oynamayacak. Milli pas\u00f6r \u00e7apraz\u0131 Melissa Vargas, gelecek sezon ilk yar\u0131dan itibaren t\u00fcm sezon sar\u0131 lacivertli formay\u0131 giyecek.<\/p>\n<p><strong>AR\u0130NA YEN\u0130 TAKIMINI A\u00c7IKLADI<\/strong><br \/>Arina Fedorovtseva gelecek sezon \u00c7in ekibi Shanghai&#8217;da forma giyece\u011fini \u015fu s\u00f6zlerle a\u00e7\u0131klad\u0131: Merhaba benim ad\u0131m Arina Fedorovtseva. Gelecek sezon Shanghai&#8217;da forma giyece\u011fimi duyurdu\u011fum i\u00e7in \u00e7ok mutluyum. Eminim iyi bir voleybol ve tutku g\u00f6sterece\u011fiz yak\u0131nda g\u00f6r\u00fc\u015f\u00fcr\u00fcz.<\/p>\n<p>Fenerbah\u00e7e Ba\u015fkan\u0131 Ali Ko\u00e7, Arina&#8217;n\u0131n devre aras\u0131ndan sonra tak\u0131ma dahil olaca\u011f\u0131na vurgu yaparak \u015funlar\u0131 s\u00f6yledi: Nas\u0131l ki ge\u00e7en sene Melissa Vargas sonradan geldi, Arina Fedorovtseva da \u00f6yle gelecek. Bizim kadromuz tamamd\u0131r. Arina da buna dahildir. Bir ki\u015fi var belki alaca\u011f\u0131m\u0131z.<\/p>\n\n<p><\/p>\n<p>Kaynak :\u00a0<span style=\"background-color: rgb(255, 249, 236); color: rgb(55, 58, 60); font-size: 14px;\">http:\/\/www.milliyet.com.tr\/skorer\/fenerbahce-baskani-ali-koctan-ebrar-karakurta-seni-alacagiz-7137958<\/span><\/p>\n","protected":false},"excerpt":{"rendered":"<p>Sultanlar Ligi&#8217;nde \u00fcst \u00fcste ikinci kez \u015fampiyonlu\u011fa ula\u015fan Fenerbah\u00e7e Opet, b\u00fcy\u00fck hedef olarak CEV \u015eampiyonlar Ligi&#8217;ni berlirledi. Fenerbah\u00e7e Ba\u015fkan\u0131 Ali Ko\u00e7&#8217;un Ebrar Karakurt ile yapt\u0131\u011f\u0131 g\u00f6r\u00fc\u015fme ortaya \u00e7\u0131kt\u0131.<\/p>\n","protected":false},"author":1,"featured_media":51857,"comment_status":"open","ping_status":"open","sticky":false,"template":"","format":"standard","meta":{"footnotes":""},"categories":[7],"tags":[1104,2136,890,256],"class_list":["post-51856","post","type-post","status-publish","format-standard","has-post-thumbnail","hentry","category-spor","tag-ali-koc","tag-arina","tag-ebrar-karakurt","tag-sezon"],"_links":{"self":[{"href":"https:\/\/kamucalisani.net\/index.php\/wp-json\/wp\/v2\/posts\/51856","targetHints":{"allow":["GET"]}}],"collection":[{"href":"https:\/\/kamucalisani.net\/index.php\/wp-json\/wp\/v2\/posts"}],"about":[{"href":"https:\/\/kamucalisani.net\/index.php\/wp-json\/wp\/v2\/types\/post"}],"author":[{"embeddable":true,"href":"https:\/\/kamucalisani.net\/index.php\/wp-json\/wp\/v2\/users\/1"}],"replies":[{"embeddable":true,"href":"https:\/\/kamucalisani.net\/index.php\/wp-json\/wp\/v2\/comments?post=51856"}],"version-history":[{"count":1,"href":"https:\/\/kamucalisani.net\/index.php\/wp-json\/wp\/v2\/posts\/51856\/revisions"}],"predecessor-version":[{"id":51858,"href":"https:\/\/kamucalisani.net\/index.php\/wp-json\/wp\/v2\/posts\/51856\/revisions\/51858"}],"wp:featuredmedia":[{"embeddable":true,"href":"https:\/\/kamucalisani.net\/index.php\/wp-json\/wp\/v2\/media\/51857"}],"wp:attachment":[{"href":"https:\/\/kamucalisani.net\/index.php\/wp-json\/wp\/v2\/media?parent=51856"}],"wp:term":[{"taxonomy":"category","embeddable":true,"href":"https:\/\/kamucalisani.net\/index.php\/wp-json\/wp\/v2\/categories?post=51856"},{"taxonomy":"post_tag","embeddable":true,"href":"https:\/\/kamucalisani.net\/index.php\/wp-json\/wp\/v2\/tags?post=51856"}],"curies":[{"name":"wp","href":"https:\/\/api.w.org\/{rel}","templated":true}]}}