{"id":54333,"date":"2024-06-21T16:12:07","date_gmt":"2024-06-21T16:12:07","guid":{"rendered":"https:\/\/kamucalisani.net\/?p=54333"},"modified":"2024-06-21T16:12:07","modified_gmt":"2024-06-21T16:12:07","slug":"galatasarayda-okan-buruk-kutlamalar-sebebiyle-ozur-diledi-jose-mourinho-vurgusu","status":"publish","type":"post","link":"https:\/\/kamucalisani.net\/index.php\/2024\/06\/21\/galatasarayda-okan-buruk-kutlamalar-sebebiyle-ozur-diledi-jose-mourinho-vurgusu\/","title":{"rendered":"Galatasaray&#8217;da Okan Buruk kutlamalar sebebiyle \u00f6z\u00fcr diledi! Jose Mourinho vurgusu"},"content":{"rendered":"<p><p>S\u00fcper Lig&#8217;de sezonu \u015fampiyon tamamlayan Galatasaray&#8217;da teknik direkt\u00f6r Okan Buruk a\u00e7\u0131klamalarda bulundu. Sar\u0131-k\u0131rm\u0131z\u0131l\u0131 tak\u0131m\u0131n resmi YouTube hesab\u0131na r\u00f6portaj veren Okan Buruk, Florya&#8217;daki \u015fampiyonluk kutlamalar\u0131 sebebiyle \u00f6z\u00fcr diledi.<\/p>\n<p>Galatasaray&#8217;\u0131n hedeflerinin \u00e7ok b\u00fcy\u00fck oldu\u011funu belirten Okan Buruk, &#8220;M\u00fczedeki b\u00fct\u00fcn kupalar\u0131 getirsek b\u00fct\u00fcn aday\u0131 dolduraca\u011f\u0131z herhalde. Galatasaray&#8217;\u0131n teknik direkt\u00f6r\u00fc olmak \u00e7ok ayr\u0131 bir \u015fey. Galatasarayl\u0131lar\u0131 mutlu etmek i\u00e7in \u00e7ok \u00e7aba sarf ettik ve mutlu olduk. \u00d6n\u00fcm\u00fczdeki S\u00fcper Kupa&#8217;y\u0131 da alarak bi kupa daha hediye etmek istiyoruz taraftarlar\u0131m\u0131za. Bir b\u00fct\u00fcn olduk ve bu b\u00fct\u00fcnl\u00fck bize ba\u015far\u0131lar\u0131 getirdi. \u015eampiyonlar Ligi bizim i\u00e7in b\u00fcy\u00fck bir hedef. Galatasaray&#8217;\u0131n hedefleri \u00e7ok b\u00fcy\u00fck, Galatasaray camias\u0131 aksine izin vermez&#8221; dedi.<\/p>\n<p>S\u00fcper Lig&#8217;deki rekabete dikkat \u00e7eken Okan Buruk, &#8220;Be\u015fikta\u015f d\u00fcn yeni hocas\u0131n\u0131 a\u00e7\u0131klad\u0131. Avrupa&#8217;da \u00e7ok ba\u015far\u0131l\u0131 olmu\u015f ve ad\u0131ndan s\u00f6z ettirmi\u015f bir isim van Bronckhorst. Mourinho&#8217;yu zaten s\u00f6ylemeye gerek yok. Avrupa&#8217;da T\u00fcrk futbolundan bahsettirebilecek iki isim geldi. Bu bizi daha da motive eden bir \u015fey. Onun d\u0131\u015f\u0131nda Trabzonspor&#8217;un ba\u015f\u0131nda Abdullah Avc\u0131 gibi bir teknik direkt\u00f6r var. Bizim hedefimiz yine bu zorlu yar\u0131\u015ftan \u015fampiyonlukla \u00e7\u0131kmak. Hedef 25. Bir sene bitiyor, yeni hedefler ba\u015fl\u0131yor&#8221; ifadelerini kulland\u0131.<\/p>\n<p>Transfer \u00e7al\u0131\u015fmalar\u0131 hakk\u0131nda bilgi veren Okan Buruk, &#8220;Transfer \u00e7al\u0131\u015fmalar\u0131 ba\u015fl\u0131yor, Galatasaray taraftarlar\u0131n\u0131 mutlu edecek \u00e7ok opsiyonumuz var. Ba\u015fkan\u0131m\u0131z bu konuda \u00e7ok istekli. Transfer konusunda ne isterse yapt\u0131\u011f\u0131m\u0131z\u0131 s\u00f6yledi&#8221; diye konu\u015ftu.<\/p>\n<p>\u015eampiyonluk kutlamalar\u0131ndaki abart\u0131l\u0131 tav\u0131rlar\u0131 sebebiyle \u00f6z\u00fcr dileyen Okan Buruk, &#8220;\u015eampiyonluk kutlamalar\u0131nda abartt\u0131\u011f\u0131m\u0131z yerler oldu, rahats\u0131z oldu\u011fum \u015feyler oldu. Okan Buruk olarak y\u0131llard\u0131r verdi\u011fim bir imaj var. \u00d6z\u00fcr dilemek istiyorum. Kimseyi i\u015fin i\u00e7ine katmasak da yanl\u0131\u015f \u015feyler olabiliyor. Bu kul\u00fcp ba\u015fkanlar\u0131nda da futbolcularda da oldu. Bizler \u00f6rnek insanlar\u0131z, T\u00fcrk futboluna yak\u0131\u015f\u0131r ki\u015filer olmam\u0131z gerekiyor&#8221; dedi.<\/p>\n<p>&#8220;Astroglar, falc\u0131lar konu\u015ftu. Hi\u00e7 &#8216;acaba&#8217; dediniz mi&#8221; sorusuna Okan Buruk \u015fu cevab\u0131 verdi:<\/p>\n<p>&#8220;Allah&#8217;\u0131n dedi\u011fi olur. O inan\u00e7ta biriyim. Bazen bir ma\u00e7 kaybetmek bile ki\u015fisel egolar\u0131m\u0131z\u0131 a\u015fa\u011f\u0131 \u00e7ekebiliyor. Futbolun i\u00e7inde her \u015fey var. Ge\u00e7en sene i\u00e7 sahadaki tek ma\u011flubiyeti Giresunspor&#8217;a kar\u015f\u0131 alm\u0131\u015ft\u0131k, bu sezon da Fenerbah\u00e7e&#8217;ye kar\u015f\u0131 ald\u0131k. Oyunculara \u015fampiyon olacaklar\u0131n\u0131 tekrar anlatmak gerekiyordu, anlatt\u0131k. Sezon ba\u015f\u0131nda son haftaya 3 puan \u00f6nde girece\u011fimiz s\u00f6ylense hemen kabul ederdim. Son hafta \u00e7ok fazla korkum olmad\u0131. Ba\u015fkan\u0131m\u0131z hep bizimle birlikte oldu. Son ma\u00e7ta da zaten ne kadar inand\u0131\u011f\u0131m\u0131z\u0131 sahada g\u00f6stermi\u015f olduk.&#8221;<\/p>\n\n<p><\/p>\n<p>Kaynak :\u00a0<span style=\"background-color: rgb(255, 249, 236); color: rgb(55, 58, 60); font-size: 14px;\">http:\/\/www.milliyet.com.tr\/skorer\/galatasarayda-okan-buruk-kutlamalar-sebebiyle-ozur-diledi-jose-mourinho-vurgusu-7138303<\/span><\/p>\n","protected":false},"excerpt":{"rendered":"<p>Galatasaray Teknik Direkt\u00f6r\u00fc Okan Buruk, sar\u0131-k\u0131rm\u0131z\u0131l\u0131 tak\u0131m\u0131n YouTube hesab\u0131na konu\u015ftu. Okan Buruk, \u015fampiyonluk kutlamalar\u0131 nedeniyle \u00f6z\u00fcr diledi. Tecr\u00fcbeli teknik direkt\u00f6r, Jose Mourinho ile ilgili konu\u015ftu.<\/p>\n","protected":false},"author":1,"featured_media":54334,"comment_status":"open","ping_status":"open","sticky":false,"template":"","format":"standard","meta":{"footnotes":""},"categories":[7],"tags":[257,112,833,188,506],"class_list":["post-54333","post","type-post","status-publish","format-standard","has-post-thumbnail","hentry","category-spor","tag-galatasaray","tag-hedef","tag-okan-buruk","tag-sampiyon","tag-tek"],"_links":{"self":[{"href":"https:\/\/kamucalisani.net\/index.php\/wp-json\/wp\/v2\/posts\/54333","targetHints":{"allow":["GET"]}}],"collection":[{"href":"https:\/\/kamucalisani.net\/index.php\/wp-json\/wp\/v2\/posts"}],"about":[{"href":"https:\/\/kamucalisani.net\/index.php\/wp-json\/wp\/v2\/types\/post"}],"author":[{"embeddable":true,"href":"https:\/\/kamucalisani.net\/index.php\/wp-json\/wp\/v2\/users\/1"}],"replies":[{"embeddable":true,"href":"https:\/\/kamucalisani.net\/index.php\/wp-json\/wp\/v2\/comments?post=54333"}],"version-history":[{"count":1,"href":"https:\/\/kamucalisani.net\/index.php\/wp-json\/wp\/v2\/posts\/54333\/revisions"}],"predecessor-version":[{"id":54335,"href":"https:\/\/kamucalisani.net\/index.php\/wp-json\/wp\/v2\/posts\/54333\/revisions\/54335"}],"wp:featuredmedia":[{"embeddable":true,"href":"https:\/\/kamucalisani.net\/index.php\/wp-json\/wp\/v2\/media\/54334"}],"wp:attachment":[{"href":"https:\/\/kamucalisani.net\/index.php\/wp-json\/wp\/v2\/media?parent=54333"}],"wp:term":[{"taxonomy":"category","embeddable":true,"href":"https:\/\/kamucalisani.net\/index.php\/wp-json\/wp\/v2\/categories?post=54333"},{"taxonomy":"post_tag","embeddable":true,"href":"https:\/\/kamucalisani.net\/index.php\/wp-json\/wp\/v2\/tags?post=54333"}],"curies":[{"name":"wp","href":"https:\/\/api.w.org\/{rel}","templated":true}]}}