{"id":54340,"date":"2024-06-21T16:36:08","date_gmt":"2024-06-21T16:36:08","guid":{"rendered":"https:\/\/kamucalisani.net\/?p=54340"},"modified":"2024-06-21T16:36:08","modified_gmt":"2024-06-21T16:36:08","slug":"ekrem-memnun-bizim-amacimiz-oyuncu-arkadaslari-tanimak","status":"publish","type":"post","link":"https:\/\/kamucalisani.net\/index.php\/2024\/06\/21\/ekrem-memnun-bizim-amacimiz-oyuncu-arkadaslari-tanimak\/","title":{"rendered":"Ekrem Memnun: Bizim amac\u0131m\u0131z oyuncu arkada\u015flar\u0131 tan\u0131mak!"},"content":{"rendered":"<p><p>FIBA 2025 Avrupa \u015eampiyonas\u0131 Elemeleri\u2019nde m\u00fccadele eden A Kad\u0131n Milli Tak\u0131m\u0131n\u0131n \u0130stanbul\u2019da ba\u015flad\u0131\u011f\u0131 kamp \u00e7al\u0131\u015fmalar\u0131nda A Kad\u0131n Milli Tak\u0131m Ba\u015fantren\u00f6r\u00fc Ekrem Memnun ile oyunculardan G\u00f6k\u015fen Fitik ve Sinem Ata\u015f a\u00e7\u0131klamalarda bulundu.<\/p>\n<p>\u00c7al\u0131\u015fmalar\u0131n\u0131 \u0130stanbul&#8217;da s\u00fcrd\u00fcren milliler, 10 Haziran\u2019da ikili temas kar\u015f\u0131la\u015fmalar\u0131 oynamak \u00fczere S\u0131rbistan\u2019a gidecek. Ay-y\u0131ld\u0131zl\u0131lar, 14-19 Haziran\u2019da \u0130stanbul\u2019da haz\u0131rl\u0131klar\u0131n\u0131 s\u00fcrd\u00fcrecek. A Kad\u0131n Milli Tak\u0131m\u0131, son olarak 20-23 Haziran tarihlerinde \u0130spanya\u2019da turnuvaya kat\u0131larak kamp d\u00f6nemini noktalayacak.<\/p>\n<p>FIBA 2025 Kad\u0131nlar Avrupa \u015eampiyonas\u0131 Elemeleri F Grubu&#8217;nda bulunan Ay-y\u0131ld\u0131zl\u0131lar, Slovakya ve \u0130zlanda\u2019y\u0131 ma\u011flup ederek 2\u2019de 2 yapm\u0131\u015ft\u0131. A Kad\u0131n Milli Tak\u0131m\u0131 7 Kas\u0131m\u2019da evinde Romanya ve 10 Kas\u0131m\u2019da deplasmanda Slovakya ile kar\u015f\u0131la\u015facak. Milliler, gruptaki son ma\u00e7lar\u0131nda 6 \u015eubat 2025\u2019te \u0130zlanda\u2019y\u0131 konuk edecek. 9 \u015eubat 2025\u2019te ise Romanya ile deplasmanda kar\u015f\u0131la\u015facak.<\/p>\n<p>Kampta esas ama\u00e7lar\u0131n\u0131n oyuncular\u0131 g\u00f6rmek ve milli ma\u00e7 tecr\u00fcbesi kazand\u0131rmak oldu\u011funu belirten Ba\u015fantren\u00f6r Ekrem Memnun, &#8220;Bu yaz resmi bir ma\u00e7\u0131m\u0131z yok. Milli Tak\u0131m oyuncu havuzunu geni\u015fletmek, \u00e7ok \u015fans veremedi\u011fimiz oyuncular\u0131 g\u00f6rmek ve ileride kadroda g\u00f6rmek istedi\u011fimiz oyuncular\u0131 tan\u0131mak i\u00e7in bir kamp organize ettik. 4 tane haz\u0131rl\u0131k ma\u00e7\u0131m\u0131z olacak. Olimpiyatlara haz\u0131rlanan, en ciddi S\u0131rbistan kadrosu ile kar\u015f\u0131 kar\u015f\u0131ya gelece\u011fiz. Ondan sonra, son Avrupa \u015eampiyonas\u0131 finalisti \u0130spanya ve son D\u00fcnya Kupas\u0131 finalisti \u00c7in ile oynayaca\u011f\u0131z. Bizim amac\u0131m\u0131z oyuncu arkada\u015flar\u0131 tan\u0131mak, Milli Tak\u0131m k\u00fclt\u00fcr\u00fcn\u00fc \u00f6\u011fretmek. Bu ma\u00e7larda oyunumuzu oturtarak baz\u0131 arkada\u015flara milli ma\u00e7 tecr\u00fcbesi kazand\u0131rmak istiyoruz. Umar\u0131m bu kamp\u0131 ama\u00e7lad\u0131\u011f\u0131m\u0131z ve istedi\u011fimiz \u015feylere ula\u015farak, sakatl\u0131ks\u0131z bir \u015fekilde bitiririz&#8221; diye konu\u015ftu.<\/p>\n<p>Kamp\u0131 verimli bir \u015fekilde tamamlamak i\u00e7in \u00e7al\u0131\u015ft\u0131klar\u0131n\u0131 s\u00f6yleyen milli oyuncu G\u00f6k\u015fen Fitik, &#8220;Buraya iyi bir kamp ge\u00e7irmeye geldik. \u00d6n\u00fcm\u00fczde FIBA 2025 Kad\u0131nlar Avrupa \u015eampiyonas\u0131 Elemeleri var. Oraya da en haz\u0131r \u015fekilde gidip, galibiyetle bitirmek istiyoruz. Buradaki d\u00f6nemimizi de, haz\u0131rl\u0131k ma\u00e7lar\u0131m\u0131z\u0131 da en verimli \u015fekilde ge\u00e7irip, Eleme ma\u00e7lar\u0131na haz\u0131r olarak gitmek istiyoruz. Onun do\u011frultusunda haz\u0131rl\u0131klar\u0131m\u0131z s\u00fcr\u00fcyor&#8221; ifadelerini kulland\u0131.<\/p>\n<p>Tak\u0131m olarak birbirlerine daha iyi adapte olmak i\u00e7in kampta \u00e7ok \u00e7al\u0131\u015ft\u0131klar\u0131n\u0131 ifade eden milli basketbolcu Sinem Ata\u015f ise, &#8220;Haz\u0131rl\u0131klar\u0131m\u0131z iyi gidiyor. Gen\u00e7 ve potansiyelli bir kadroyla yaz haz\u0131rl\u0131klar\u0131m\u0131za devam ediyoruz. \u0130yi \u00e7al\u0131\u015f\u0131yoruz ve kendimizi deneme f\u0131rsat\u0131 buluyoruz. Aram\u0131zda yeni arkada\u015flar\u0131m\u0131z da var. FIBA 2025 Kad\u0131nlar Avrupa \u015eampiyonas\u0131 Elemeleri&#8217;nin Kas\u0131m ay\u0131 penceresinde oynayaca\u011f\u0131m\u0131z ma\u00e7larda bir arada olaca\u011f\u0131m\u0131z i\u00e7in birbirimize daha iyi adapte olmaya \u00e7al\u0131\u015f\u0131yoruz. Kamp\u0131 iyi noktalamak istiyoruz. Haz\u0131rl\u0131k ma\u00e7lar\u0131m\u0131zda \u00e7ok iyi tak\u0131mlarla kar\u015f\u0131la\u015faca\u011f\u0131z ve bu ma\u00e7larda m\u00fccadele edip kamp\u0131 en iyi \u015fekilde tamamlamak istiyoruz&#8221; \u015feklinde konu\u015ftu.<\/p>\n\n<p><\/p>\n<p>Kaynak :\u00a0<span style=\"background-color: rgb(255, 249, 236); color: rgb(55, 58, 60); font-size: 14px;\">http:\/\/www.milliyet.com.tr\/skorer\/ekrem-memnun-bizim-amacimiz-oyuncu-arkadaslari-tanimak-7138311<\/span><\/p>\n","protected":false},"excerpt":{"rendered":"<p>A Milli Kad\u0131n Basketbol Tak\u0131m\u0131 Ba\u015fantren\u00f6r\u00fc Ekrem Memnun ve milli sporcular, \u0130stanbul&#8217;da ba\u015flayan kamp \u00e7al\u0131\u015fmalar\u0131na dair konu\u015ftu.<\/p>\n","protected":false},"author":1,"featured_media":54341,"comment_status":"open","ping_status":"open","sticky":false,"template":"","format":"standard","meta":{"footnotes":""},"categories":[7],"tags":[1907,308,2403,288,967],"class_list":["post-54340","post","type-post","status-publish","format-standard","has-post-thumbnail","hentry","category-spor","tag-hazirlik","tag-kadin","tag-kamp","tag-mac","tag-oyuncu"],"_links":{"self":[{"href":"https:\/\/kamucalisani.net\/index.php\/wp-json\/wp\/v2\/posts\/54340","targetHints":{"allow":["GET"]}}],"collection":[{"href":"https:\/\/kamucalisani.net\/index.php\/wp-json\/wp\/v2\/posts"}],"about":[{"href":"https:\/\/kamucalisani.net\/index.php\/wp-json\/wp\/v2\/types\/post"}],"author":[{"embeddable":true,"href":"https:\/\/kamucalisani.net\/index.php\/wp-json\/wp\/v2\/users\/1"}],"replies":[{"embeddable":true,"href":"https:\/\/kamucalisani.net\/index.php\/wp-json\/wp\/v2\/comments?post=54340"}],"version-history":[{"count":1,"href":"https:\/\/kamucalisani.net\/index.php\/wp-json\/wp\/v2\/posts\/54340\/revisions"}],"predecessor-version":[{"id":54342,"href":"https:\/\/kamucalisani.net\/index.php\/wp-json\/wp\/v2\/posts\/54340\/revisions\/54342"}],"wp:featuredmedia":[{"embeddable":true,"href":"https:\/\/kamucalisani.net\/index.php\/wp-json\/wp\/v2\/media\/54341"}],"wp:attachment":[{"href":"https:\/\/kamucalisani.net\/index.php\/wp-json\/wp\/v2\/media?parent=54340"}],"wp:term":[{"taxonomy":"category","embeddable":true,"href":"https:\/\/kamucalisani.net\/index.php\/wp-json\/wp\/v2\/categories?post=54340"},{"taxonomy":"post_tag","embeddable":true,"href":"https:\/\/kamucalisani.net\/index.php\/wp-json\/wp\/v2\/tags?post=54340"}],"curies":[{"name":"wp","href":"https:\/\/api.w.org\/{rel}","templated":true}]}}