{"id":56270,"date":"2024-06-22T12:36:05","date_gmt":"2024-06-22T12:36:05","guid":{"rendered":"https:\/\/kamucalisani.net\/?p=56270"},"modified":"2024-06-22T12:36:05","modified_gmt":"2024-06-22T12:36:05","slug":"trabzonspor-roman-yaremchukta-geri-sayimda","status":"publish","type":"post","link":"https:\/\/kamucalisani.net\/index.php\/2024\/06\/22\/trabzonspor-roman-yaremchukta-geri-sayimda\/","title":{"rendered":"Trabzonspor, Roman Yaremchuk&#8217;ta geri say\u0131mda!"},"content":{"rendered":"<p><p>Nijeryal\u0131 forvet Paul Onuachu\u2019yu 1 y\u0131ll\u0131\u011f\u0131na yeniden kiralamak \u00fczere Southampton\u2019a resmi teklif yapan ancak \u0130ngiliz ekibinden olumlu yan\u0131t alamayan bordo-mavililer, Yaremchuk i\u00e7in harekete ge\u00e7mi\u015fti.<\/p>\n<p>Karadeniz ekibinin, 28 ya\u015f\u0131ndaki Ukraynal\u0131 golc\u00fc Yaremchuk\u2019la her konuda anla\u015ft\u0131\u011f\u0131, Club Brugge\u2019le yap\u0131lan bonservis pazarl\u0131klar\u0131n\u0131n ise olumlu y\u00f6nde devam etti\u011fi bildirildi. Taraflar\u0131n ortak bir noktada bulu\u015fmaya \u00e7ok yak\u0131n olduklar\u0131 ifade edildi. Kul\u00fcplerin anla\u015fmas\u0131 halinde Roman Yaremchuk, bordo-mavili tak\u0131mla s\u00f6zle\u015fme imzalamak \u00fczere T\u00fcrkiye\u2019ye davet edilecek.<\/p>\n<p>Bu arada Trabzonspor\u2019un Wout Weghorst\u2019u kiral\u0131k olarak kadrosuna katman\u0131n hesaplar\u0131n\u0131 yapt\u0131\u011f\u0131 ileri s\u00fcr\u00fcld\u00fc. Bordo-mavililerin, T\u00fcrkiye\u2019de daha \u00f6nce Be\u015fikta\u015f formas\u0131 giyen 31 ya\u015f\u0131ndaki Hollandal\u0131 golc\u00fc i\u00e7in Hoffenheim\u2019e resmi teklif g\u00f6t\u00fcrd\u00fc\u011f\u00fc iddia edildi. Alman kul\u00fcb\u00fcn\u00fcn teklife olumlu yakla\u015fmas\u0131 halinde Weghorst\u2019la g\u00f6r\u00fc\u015fmelere ba\u015flanaca\u011f\u0131 vurguland\u0131.<\/p>\n\n<p><\/p>\n<p>Kaynak :\u00a0<span style=\"background-color: rgb(255, 249, 236); color: rgb(55, 58, 60); font-size: 14px;\">http:\/\/www.milliyet.com.tr\/skorer\/trabzonspor-roman-yaremchukta-geri-sayimda-7138393<\/span><\/p>\n","protected":false},"excerpt":{"rendered":"<p>Golc\u00fc aray\u0131\u015f\u0131n\u0131 s\u00fcrd\u00fcren Trabzonspor\u2019da t\u00fcm g\u00f6zler Roman Yaremchuk\u2019a \u00e7evrildi.<\/p>\n","protected":false},"author":1,"featured_media":56271,"comment_status":"open","ping_status":"open","sticky":false,"template":"","format":"standard","meta":{"footnotes":""},"categories":[7],"tags":[],"class_list":["post-56270","post","type-post","status-publish","format-standard","has-post-thumbnail","hentry","category-spor"],"_links":{"self":[{"href":"https:\/\/kamucalisani.net\/index.php\/wp-json\/wp\/v2\/posts\/56270","targetHints":{"allow":["GET"]}}],"collection":[{"href":"https:\/\/kamucalisani.net\/index.php\/wp-json\/wp\/v2\/posts"}],"about":[{"href":"https:\/\/kamucalisani.net\/index.php\/wp-json\/wp\/v2\/types\/post"}],"author":[{"embeddable":true,"href":"https:\/\/kamucalisani.net\/index.php\/wp-json\/wp\/v2\/users\/1"}],"replies":[{"embeddable":true,"href":"https:\/\/kamucalisani.net\/index.php\/wp-json\/wp\/v2\/comments?post=56270"}],"version-history":[{"count":1,"href":"https:\/\/kamucalisani.net\/index.php\/wp-json\/wp\/v2\/posts\/56270\/revisions"}],"predecessor-version":[{"id":56272,"href":"https:\/\/kamucalisani.net\/index.php\/wp-json\/wp\/v2\/posts\/56270\/revisions\/56272"}],"wp:featuredmedia":[{"embeddable":true,"href":"https:\/\/kamucalisani.net\/index.php\/wp-json\/wp\/v2\/media\/56271"}],"wp:attachment":[{"href":"https:\/\/kamucalisani.net\/index.php\/wp-json\/wp\/v2\/media?parent=56270"}],"wp:term":[{"taxonomy":"category","embeddable":true,"href":"https:\/\/kamucalisani.net\/index.php\/wp-json\/wp\/v2\/categories?post=56270"},{"taxonomy":"post_tag","embeddable":true,"href":"https:\/\/kamucalisani.net\/index.php\/wp-json\/wp\/v2\/tags?post=56270"}],"curies":[{"name":"wp","href":"https:\/\/api.w.org\/{rel}","templated":true}]}}