{"id":56299,"date":"2024-06-22T14:24:08","date_gmt":"2024-06-22T14:24:08","guid":{"rendered":"https:\/\/kamucalisani.net\/?p=56299"},"modified":"2024-06-22T14:24:08","modified_gmt":"2024-06-22T14:24:08","slug":"erdogan-18-yil-sonra-chpye-gidiyor","status":"publish","type":"post","link":"https:\/\/kamucalisani.net\/index.php\/2024\/06\/22\/erdogan-18-yil-sonra-chpye-gidiyor\/","title":{"rendered":"&#8216;Erdo\u011fan 18 y\u0131l sonra CHP\u2019ye gidiyor&#8217;"},"content":{"rendered":"<p><p><strong>MEHTAP G\u00d6KDEM\u0130R\/ANKARA-\u00a0\u00a0<\/strong>\u00d6zel, d\u00fcn partisinin genel merkezinde Ba\u011f\u0131ms\u0131z T\u00fcrkiye Partisi Genel Ba\u015fkan\u0131 H\u00fcseyin Ba\u015f ile g\u00f6r\u00fc\u015fmesinin ard\u0131ndan bas\u0131n mensuplar\u0131n\u0131n sorular\u0131n\u0131 yan\u0131tlad\u0131. Cumhurba\u015fkan\u0131 Erdo\u011fan\u2019\u0131n iade-i ziyaretinin tarihine ili\u015fkin soruya \u00d6zel, \u201cGelecek hafta 11 Haziran g\u00fcn\u00fc saat 16.00\u2019da Say\u0131n Cumhurba\u015fkan\u0131n\u0131 Genel Merkezimizde a\u011f\u0131rlayaca\u011f\u0131z\u201d yan\u0131t\u0131n\u0131 verdi.<\/p>\n<p><strong>\u2018Her \u015feyi konu\u015faca\u011f\u0131z\u2019<\/strong><\/p>\n<p>\u00d6zel, \u015f\u00f6yle devam etti: \u201cSay\u0131n Cumhurba\u015fkan\u0131 gelecek. \u0130ade-i ziyarette bulunacak. T\u00fcm konular\u0131 g\u00f6r\u00fc\u015fece\u011fiz. \u00d6nemli olan g\u00f6r\u00fc\u015febilmek, konu\u015fabilmek. Siyaset\u00e7iler el s\u0131k\u0131\u015fmazsa birtak\u0131m vesayet odaklar\u0131 ellerini ovu\u015fturmaya ba\u015flarlar. Siyaset\u00e7iler g\u00f6r\u00fc\u015fmezse baz\u0131 gizli mahfiller de ba\u015fka planlar yap\u0131lmaya ba\u015flar. Siyaset\u00e7iler g\u00f6r\u00fc\u015f\u00fcr. Konu\u015fur. Tart\u0131\u015f\u0131r. Yar\u0131\u015f\u0131r. Sand\u0131k gelir. Vatanda\u015f kazan\u0131r. T\u00fcrkiye kazan\u0131r. O y\u00fczden demokratik siyaset kanallar\u0131n\u0131 a\u00e7\u0131k tutmaya devam edece\u011fiz. Biz bir yumu\u015famadan bahsetmiyoruz. Vatanda\u015f\u0131n can\u0131 burnundayken muhalefeti yumu\u015fataca\u011f\u0131m\u0131z\u0131 kimse beklemesin. Ama bir normalle\u015fmeden bahsediyoruz.\u201d<\/p>\n<p><strong>\u2018G\u00fcc\u00fcm olsa yar\u0131n se\u00e7im karar\u0131 al\u0131r\u0131m\u2019<\/strong><\/p>\n<p>\u00d6zel, DEM Parti\u2019nin \u201cArt\u0131k T\u00fcrkiye\u2019de erken se\u00e7imin ko\u015fullar\u0131 olu\u015fmu\u015ftur\u201d a\u00e7\u0131klamas\u0131na ili\u015fkin sorulara da \u015fu yan\u0131t\u0131 verdi: \u201cBiz bir erken se\u00e7im \u00e7a\u011fr\u0131s\u0131 yapm\u0131yoruz. Erken se\u00e7im karar\u0131n\u0131 millet verir. Ben CHP\u2019nin 127 milletvekili ile erken se\u00e7im karar\u0131n\u0131 zaten alabilecek g\u00fc\u00e7te de\u011filim. Olsa yar\u0131n al\u0131r\u0131m, \u00f6b\u00fcr pazar iktidara gelirim. CHP erken se\u00e7im istemez mi? Evet, ister. Ama erken se\u00e7imin yap\u0131labilmesi i\u00e7in bunu milletin g\u00fcndemi olmas\u0131 ve vatanda\u015f\u0131n istemesi laz\u0131m. Anayasa Mahkemesi, A\u0130HM kararlar\u0131na uymazsan\u0131z ve asgari \u00fccrete zam yapmama gibi bir noktaya gelirseniz, toplumun hangi kesimi sizden memnun olacak da devam edeceksiniz? O zaman erken se\u00e7im ka\u00e7\u0131n\u0131lmaz\u00a0olur.\u201d<\/p>\n\n<p><\/p>\n<p>Kaynak :\u00a0<span style=\"background-color: rgb(255, 249, 236); color: rgb(55, 58, 60); font-size: 14px;\">http:\/\/www.milliyet.com.tr\/gundem\/erdogan-18-yil-sonra-chpye-gidiyor-7138445<\/span><\/p>\n","protected":false},"excerpt":{"rendered":"<p>Cumhurba\u015fkan\u0131 Recep Tayyip Erdo\u011fan, CHP Genel Ba\u015fkan\u0131 \u00d6zg\u00fcr \u00d6zel\u2019e 11 Haziran g\u00fcn\u00fc saat 16.00\u2019da iade-i ziyarette bulunacak.<\/p>\n","protected":false},"author":1,"featured_media":56300,"comment_status":"open","ping_status":"open","sticky":false,"template":"","format":"standard","meta":{"footnotes":""},"categories":[3],"tags":[852,2504],"class_list":["post-56299","post","type-post","status-publish","format-standard","has-post-thumbnail","hentry","category-guncel","tag-bas","tag-erken-secim"],"_links":{"self":[{"href":"https:\/\/kamucalisani.net\/index.php\/wp-json\/wp\/v2\/posts\/56299","targetHints":{"allow":["GET"]}}],"collection":[{"href":"https:\/\/kamucalisani.net\/index.php\/wp-json\/wp\/v2\/posts"}],"about":[{"href":"https:\/\/kamucalisani.net\/index.php\/wp-json\/wp\/v2\/types\/post"}],"author":[{"embeddable":true,"href":"https:\/\/kamucalisani.net\/index.php\/wp-json\/wp\/v2\/users\/1"}],"replies":[{"embeddable":true,"href":"https:\/\/kamucalisani.net\/index.php\/wp-json\/wp\/v2\/comments?post=56299"}],"version-history":[{"count":1,"href":"https:\/\/kamucalisani.net\/index.php\/wp-json\/wp\/v2\/posts\/56299\/revisions"}],"predecessor-version":[{"id":56301,"href":"https:\/\/kamucalisani.net\/index.php\/wp-json\/wp\/v2\/posts\/56299\/revisions\/56301"}],"wp:featuredmedia":[{"embeddable":true,"href":"https:\/\/kamucalisani.net\/index.php\/wp-json\/wp\/v2\/media\/56300"}],"wp:attachment":[{"href":"https:\/\/kamucalisani.net\/index.php\/wp-json\/wp\/v2\/media?parent=56299"}],"wp:term":[{"taxonomy":"category","embeddable":true,"href":"https:\/\/kamucalisani.net\/index.php\/wp-json\/wp\/v2\/categories?post=56299"},{"taxonomy":"post_tag","embeddable":true,"href":"https:\/\/kamucalisani.net\/index.php\/wp-json\/wp\/v2\/tags?post=56299"}],"curies":[{"name":"wp","href":"https:\/\/api.w.org\/{rel}","templated":true}]}}