{"id":56302,"date":"2024-06-22T14:36:09","date_gmt":"2024-06-22T14:36:09","guid":{"rendered":"https:\/\/kamucalisani.net\/?p=56302"},"modified":"2024-06-22T14:36:09","modified_gmt":"2024-06-22T14:36:09","slug":"aksener-ziyareti-konusunda-beni-bilgilendirdi","status":"publish","type":"post","link":"https:\/\/kamucalisani.net\/index.php\/2024\/06\/22\/aksener-ziyareti-konusunda-beni-bilgilendirdi\/","title":{"rendered":"\u2018Ak\u015fener ziyareti konusunda beni bilgilendirdi\u2019"},"content":{"rendered":"<p><p>\u00a0<\/p>\n<p><strong>CO\u015eKUN ERG\u00dcL\/ANKARA-<\/strong>\u00a0 Dervi\u015fo\u011flu, \u00f6zetle \u015funlar\u0131 s\u00f6yledi:<\/p>\n<p><strong>GE\u00c7M\u0130\u015eE DAYALI DOSTLUKLARI VAR:<\/strong> G\u00f6r\u00fc\u015fme sa\u011flanaca\u011f\u0131 anla\u015f\u0131ld\u0131ktan sonra nezaket g\u00f6stererek bilgilendirme yapt\u0131. Te\u015fekk\u00fcr ettim. Genel Ba\u015fkan\u0131m\u0131z\u0131n ve Cumhurba\u015fkan\u0131m\u0131z\u0131n ge\u00e7mi\u015fe dayal\u0131 bir dostluklar\u0131 da var. Ziyaretten sonra telefonla beni arayarak bilgilendirdi. T\u00fcrkiye\u2019yi konu\u015ftuklar\u0131na dair birtak\u0131m ifadelerde bulundu.<\/p>\n<p><strong>NE DAVET NE TEBR\u0130K:<\/strong> (Cumhurba\u015fkan\u0131 Erdo\u011fan ile g\u00f6r\u00fc\u015fme olas\u0131l\u0131\u011f\u0131) Bana intikal eden bir \u015fey yok. \u015eu ana kadar kendisinden gelen ne bir davet ne de genel ba\u015fkan se\u00e7ilmemden dolay\u0131 bir tebrik ziyareti var.<\/p>\n<p><strong>\u0130HT\u0130MAL VERMEM: <\/strong>(Ak\u015fener\u2019e Cumhurba\u015fkan\u0131 Yard\u0131m\u0131cl\u0131\u011f\u0131 \u00f6nerildi\u011fi iddias\u0131) B\u00f6yle bir \u015feye ihtimal vermem, g\u00fcndeme gelmi\u015f olabilece\u011fini bile d\u00fc\u015f\u00fcnm\u00fcyorum.<\/p>\n\n<p><\/p>\n<p>Kaynak :\u00a0<span style=\"background-color: rgb(255, 249, 236); color: rgb(55, 58, 60); font-size: 14px;\">http:\/\/www.milliyet.com.tr\/gundem\/aksener-ziyareti-konusunda-beni-bilgilendirdi-7138447<\/span><\/p>\n","protected":false},"excerpt":{"rendered":"<p>\u0130Y\u0130 Parti Genel Ba\u015fkan\u0131 M\u00fcsavat Dervi\u015fo\u011flu, \u00f6nceki ak\u015fam kat\u0131ld\u0131\u011f\u0131 televizyon program\u0131nda, Cumhurba\u015fkan\u0131 Recep Tayyip Erdo\u011fan ve \u0130Y\u0130 Parti Kurucu Genel Ba\u015fkan\u0131 Meral Ak\u015fener\u2019in g\u00f6r\u00fc\u015fmesi ba\u015fta olmak \u00fczere g\u00fcndemdeki konulara ili\u015fkin a\u00e7\u0131klamalarda bulundu.<\/p>\n","protected":false},"author":1,"featured_media":56303,"comment_status":"open","ping_status":"open","sticky":false,"template":"","format":"standard","meta":{"footnotes":""},"categories":[3],"tags":[],"class_list":["post-56302","post","type-post","status-publish","format-standard","has-post-thumbnail","hentry","category-guncel"],"_links":{"self":[{"href":"https:\/\/kamucalisani.net\/index.php\/wp-json\/wp\/v2\/posts\/56302","targetHints":{"allow":["GET"]}}],"collection":[{"href":"https:\/\/kamucalisani.net\/index.php\/wp-json\/wp\/v2\/posts"}],"about":[{"href":"https:\/\/kamucalisani.net\/index.php\/wp-json\/wp\/v2\/types\/post"}],"author":[{"embeddable":true,"href":"https:\/\/kamucalisani.net\/index.php\/wp-json\/wp\/v2\/users\/1"}],"replies":[{"embeddable":true,"href":"https:\/\/kamucalisani.net\/index.php\/wp-json\/wp\/v2\/comments?post=56302"}],"version-history":[{"count":1,"href":"https:\/\/kamucalisani.net\/index.php\/wp-json\/wp\/v2\/posts\/56302\/revisions"}],"predecessor-version":[{"id":56304,"href":"https:\/\/kamucalisani.net\/index.php\/wp-json\/wp\/v2\/posts\/56302\/revisions\/56304"}],"wp:featuredmedia":[{"embeddable":true,"href":"https:\/\/kamucalisani.net\/index.php\/wp-json\/wp\/v2\/media\/56303"}],"wp:attachment":[{"href":"https:\/\/kamucalisani.net\/index.php\/wp-json\/wp\/v2\/media?parent=56302"}],"wp:term":[{"taxonomy":"category","embeddable":true,"href":"https:\/\/kamucalisani.net\/index.php\/wp-json\/wp\/v2\/categories?post=56302"},{"taxonomy":"post_tag","embeddable":true,"href":"https:\/\/kamucalisani.net\/index.php\/wp-json\/wp\/v2\/tags?post=56302"}],"curies":[{"name":"wp","href":"https:\/\/api.w.org\/{rel}","templated":true}]}}