{"id":56451,"date":"2024-06-22T18:12:15","date_gmt":"2024-06-22T18:12:15","guid":{"rendered":"https:\/\/kamucalisani.net\/?p=56451"},"modified":"2024-06-22T18:12:15","modified_gmt":"2024-06-22T18:12:15","slug":"cemal-resit-reyde-led-ekran-sahneye-dustu-6-kisi-yaralandi","status":"publish","type":"post","link":"https:\/\/kamucalisani.net\/index.php\/2024\/06\/22\/cemal-resit-reyde-led-ekran-sahneye-dustu-6-kisi-yaralandi\/","title":{"rendered":"Cemal Re\u015fit Rey&#8217;de led ekran sahneye d\u00fc\u015ft\u00fc! 6 ki\u015fi yaraland\u0131"},"content":{"rendered":"<p><p>Olay, saat 22.15 s\u0131ralar\u0131nda Harbiye Mahallesi Dar&#8217;\u00fcl Bedayi Caddesi&#8217;ndeki Cemal Re\u015fit Rey Konser Salonu&#8217;nda meydana geldi. Edinilen bilgiye g\u00f6re, ELEV okullar\u0131n\u0131n y\u0131l sonu g\u00f6sterisi ve mezuniyet t\u00f6reninin bitiminin ard\u0131ndan \u00f6\u011frenciler, \u00f6\u011fretmenleriyle sahnede foto\u011fraf \u00e7ektirmek istedi. Foto\u011fraf \u00e7ekimi s\u0131ras\u0131nda sahnedeki dev LED ekran devrilmeye ba\u015flad\u0131. Durumu fark eden \u00f6\u011frenci, \u00f6\u011fretmen ve velilerin b\u00fcy\u00fck \u00e7o\u011funlu\u011fu sahneden atlad\u0131. Ya\u015fanan karga\u015fa s\u0131ras\u0131nda, 1 velinin aya\u011f\u0131 devrilen ekran\u0131n alt\u0131nda kalarak yaralan\u0131rken, 2 veli ve 3 \u00f6\u011frenci ise hafif \u015fekilde yaraland\u0131.<\/p>\n<div>\n<div> <img decoding=\"async\" src=\"https:\/\/kamucalisani.net\/wp-content\/uploads\/2024\/06\/cemal-resit-reyde-led-ekran-sahneye-dustu-6-kisi-yaralandi-0-kIFUErYz.jpg\"\/><\/img> <\/div>\n<\/p><\/div>\n<\/p>\n<p>Haber verilmesi \u00fczerine olay yerine \u00e7ok say\u0131da ambulans, itfaiye ve polis ekibi sevk edildi. Aya\u011f\u0131 ekran\u0131n alt\u0131na s\u0131k\u0131\u015fan veli, konser salonu g\u00f6revlileri ve vatanda\u015flar\u0131n yard\u0131m\u0131yla kurtar\u0131ld\u0131. Yaral\u0131lar, sa\u011fl\u0131k ekiplerinin olay yerinde yapt\u0131\u011f\u0131 ilk m\u00fcdahalenin ard\u0131ndan \u00e7evredeki hastanelere kald\u0131r\u0131ld\u0131. Ya\u015fananlar sonras\u0131 fenal\u0131k ge\u00e7iren baz\u0131 \u00f6\u011frenci ve veliler polis taraf\u0131ndan sakinle\u015ftirildi.<\/p>\n<p>Aralar\u0131nda okul y\u00f6neticileri, LED teknisyenleri ve konser salonundaki teknik servis g\u00f6revlilerinin de bulundu\u011fu 13 ki\u015fi, ifadelerine ba\u015fvurulmak \u00fczere polis merkezine g\u00f6t\u00fcr\u00fcld\u00fc.<\/p>\n<div>\n<div> <img decoding=\"async\" src=\"https:\/\/kamucalisani.net\/wp-content\/uploads\/2024\/06\/cemal-resit-reyde-led-ekran-sahneye-dustu-6-kisi-yaralandi-1-6zugMOim.jpg\"\/><\/img> <\/div>\n<\/p><\/div>\n<\/p>\n<p><strong>&#8216;B\u0130R VEL\u0130 EKRANIN ALTINDA KALDI&#8217;<\/strong><\/p>\n<p>Dev LED ekran\u0131n devrildi\u011fi s\u0131rada sahnede oldu\u011funu belirten Oya Kayaalp \u201cELEV Okullar\u0131&#8217;n\u0131n Cemal Re\u015fit Rey&#8217;de mezuniyet ve y\u0131l sonu g\u00f6sterisi vard\u0131. G\u00f6steri bittikten sonra mezun olan \u00e7ocuklar sahneye \u00e7\u0131kt\u0131lar, \u00f6\u011fretmenleriyle foto\u011fraf \u00e7ekiliyorlard\u0131. Ben de sahnedeydim. O s\u0131rada sahnenin e\u011fildi\u011fini g\u00f6rd\u00fcm, \u00e7ocuklar ve veliler geri \u00e7ekildiler. Bir veli alt\u0131nda kald\u0131, baca\u011f\u0131ndan yaraland\u0131. Onun \u00e7ocu\u011fu da yerdeydi. Onun \u00e7ocu\u011funu ben ald\u0131m ve uzakla\u015ft\u0131rd\u0131m. O beyefendinin e\u015fi de yaraland\u0131. Ba\u015fka birka\u00e7 \u00e7ocu\u011fun da omuzu \u00e7izildi dedi.<\/p>\n<div>\n<div> <img decoding=\"async\" src=\"https:\/\/kamucalisani.net\/wp-content\/uploads\/2024\/06\/cemal-resit-reyde-led-ekran-sahneye-dustu-6-kisi-yaralandi-2-eypWTe2p.jpg\"\/><\/img> <\/div>\n<\/p><\/div>\n<\/p>\n<p><strong>OKUL Y\u00d6NET\u0130C\u0130LER\u0130N\u0130N G\u00d6R\u00dcNT\u00dc ALAN VEL\u0130LERE SALDIRDI\u011eI \u0130DD\u0130A ED\u0130LD\u0130<\/strong><\/p>\n<p>Ya\u015fananlar sonras\u0131 foto\u011fraf ve video \u00e7ekmeye \u00e7al\u0131\u015ft\u0131klar\u0131 i\u00e7in okul y\u00f6neticilerinin kendilerine sald\u0131rmak istedi\u011fini iddia eden Kayaalp \u201cOkul m\u00fcd\u00fcr\u00fc foto\u011fraf \u00e7ekti\u011fi i\u00e7in e\u015fimin \u00fczerine y\u00fcr\u00fcd\u00fc, ba\u015fka bir ki\u015fi de ona tekme atmaya \u00e7al\u0131\u015ft\u0131. Okulun sahibi de benim \u00fczerime y\u00fcr\u00fcd\u00fc, hakaret etti. Herkes \u015fok oldu, \u00e7ocuklar mezuniyet t\u00f6reninde \u015fok oldu. Yaralanan ki\u015finin baca\u011f\u0131 ezilmi\u015fti, e\u015fi de yaralanm\u0131\u015ft\u0131. Ba\u015fka \u00e7ok ciddi bir \u015fey yoktu. \u00d6\u011frencileri \u00e7\u0131k\u0131\u015fta g\u00f6rd\u00fcm, kanayan yerleri vard\u0131.&#8217; diye konu\u015ftu.<\/p>\n<div>\n<div> <img decoding=\"async\" src=\"https:\/\/kamucalisani.net\/wp-content\/uploads\/2024\/06\/cemal-resit-reyde-led-ekran-sahneye-dustu-6-kisi-yaralandi-3-HlY9UEXE.jpg\"\/><\/img> <\/div>\n<\/p><\/div>\n<\/p>\n<p><strong>&#8216;PROGRAM SONA ERMEDEN EKRANI S\u00d6KT\u00dcKLER\u0130 S\u00d6YLEN\u0130YOR&#8217;<\/strong><\/p>\n<p>Oya Kayaalp, sahnede foto\u011fraf \u00e7ekimi yap\u0131l\u0131rken ekran\u0131n s\u00f6k\u00fclmeye ba\u015fland\u0131\u011f\u0131 iddias\u0131nda bulunuldu\u011funu ifade ederek s\u00f6zlerini \u015f\u00f6yle s\u00fcrd\u00fcrd\u00fc:<\/p>\n<p>Bir \u00e7ocu\u011fun s\u00f6yledi\u011fi; \u00e7ocuklar sahnedeyken ekran\u0131 s\u00f6kmeye ba\u015flad\u0131klar\u0131. Program sona ermeden, biz sahnedeyken, m\u00fczik \u00e7al\u0131yorken, herkes foto\u011fraf \u00e7ekiliyorken, ekran\u0131 s\u00f6kt\u00fckleri s\u00f6yleniyor.<\/p>\n<div>\n<div> <img decoding=\"async\" src=\"https:\/\/kamucalisani.net\/wp-content\/uploads\/2024\/06\/cemal-resit-reyde-led-ekran-sahneye-dustu-6-kisi-yaralandi-4-XZXnQaiU.jpg\"\/><\/img> <\/div>\n<\/p><\/div>\n<\/p>\n<p><strong>&#8216;K\u00dc\u00c7\u00dcK OLAN \u00d6\u011eRENC\u0130LER DEV EKRANA YASLANDI&#8217;<\/strong><\/p>\n<p>\u0130smini vermek istemeyen bir ki\u015fi ise \u201cMezuniyet t\u00f6reni vard\u0131 \u00f6zel bir okulun. Mezuniyet bitti son k\u0131s\u0131ma gelindi, kepler havaya at\u0131ld\u0131. Kepler f\u0131rlat\u0131ld\u0131ktan sonra foto\u011fraf \u00e7ekilmek i\u00e7in veliler sahneye geldi. O s\u0131rada baz\u0131 k\u00fc\u00e7\u00fck olan \u00f6\u011frenciler dev ekrana yasland\u0131. Onlar\u0131n yaslanmas\u0131ndan dolay\u0131 ekran biraz gev\u015fedi. \u00d6\u011frenciler \u00e7ekilince ekran yava\u015f yava\u015f d\u00fc\u015ft\u00fc. \u0130ki tane velinin \u00fczerine d\u00fc\u015ft\u00fc, veliler yaraland\u0131&#8221; \u015feklinde konu\u015ftu.<\/p>\n\n<p><\/p>\n<p>Kaynak :\u00a0<span style=\"background-color: rgb(255, 249, 236); color: rgb(55, 58, 60); font-size: 14px;\">http:\/\/www.milliyet.com.tr\/gundem\/cemal-resit-reyde-led-ekran-sahneye-dustu-6-kisi-yaralandi-7138398<\/span><\/p>\n","protected":false},"excerpt":{"rendered":"<p>\u015ei\u015fli&#8217;de Cemal Re\u015fit Rey Konser Salonu&#8217;nda d\u00fczenlenen ELEV Vakf\u0131 Okullar\u0131&#8217;n\u0131n mezuniyet t\u00f6reninde dev led ekran, sahnedekilerin \u00fczerine d\u00fc\u015ft\u00fc. Kazada, 6 ki\u015fi yaraland\u0131. Yaral\u0131lar, ambulansla hastaneye kald\u0131r\u0131l\u0131rken olayla ilgili okullar\u0131n sahibi Erkan \u015eahin g\u00f6zalt\u0131na al\u0131nd\u0131.<\/p>\n","protected":false},"author":1,"featured_media":56452,"comment_status":"open","ping_status":"open","sticky":false,"template":"","format":"standard","meta":{"footnotes":""},"categories":[3],"tags":[94,95,1329,539,2515],"class_list":["post-56451","post","type-post","status-publish","format-standard","has-post-thumbnail","hentry","category-guncel","tag-ekran","tag-fotograf","tag-ogrenci","tag-okul","tag-veli"],"_links":{"self":[{"href":"https:\/\/kamucalisani.net\/index.php\/wp-json\/wp\/v2\/posts\/56451","targetHints":{"allow":["GET"]}}],"collection":[{"href":"https:\/\/kamucalisani.net\/index.php\/wp-json\/wp\/v2\/posts"}],"about":[{"href":"https:\/\/kamucalisani.net\/index.php\/wp-json\/wp\/v2\/types\/post"}],"author":[{"embeddable":true,"href":"https:\/\/kamucalisani.net\/index.php\/wp-json\/wp\/v2\/users\/1"}],"replies":[{"embeddable":true,"href":"https:\/\/kamucalisani.net\/index.php\/wp-json\/wp\/v2\/comments?post=56451"}],"version-history":[{"count":1,"href":"https:\/\/kamucalisani.net\/index.php\/wp-json\/wp\/v2\/posts\/56451\/revisions"}],"predecessor-version":[{"id":56458,"href":"https:\/\/kamucalisani.net\/index.php\/wp-json\/wp\/v2\/posts\/56451\/revisions\/56458"}],"wp:featuredmedia":[{"embeddable":true,"href":"https:\/\/kamucalisani.net\/index.php\/wp-json\/wp\/v2\/media\/56452"}],"wp:attachment":[{"href":"https:\/\/kamucalisani.net\/index.php\/wp-json\/wp\/v2\/media?parent=56451"}],"wp:term":[{"taxonomy":"category","embeddable":true,"href":"https:\/\/kamucalisani.net\/index.php\/wp-json\/wp\/v2\/categories?post=56451"},{"taxonomy":"post_tag","embeddable":true,"href":"https:\/\/kamucalisani.net\/index.php\/wp-json\/wp\/v2\/tags?post=56451"}],"curies":[{"name":"wp","href":"https:\/\/api.w.org\/{rel}","templated":true}]}}