{"id":56795,"date":"2024-06-22T22:24:08","date_gmt":"2024-06-22T22:24:08","guid":{"rendered":"https:\/\/kamucalisani.net\/?p=56795"},"modified":"2024-06-22T22:24:08","modified_gmt":"2024-06-22T22:24:08","slug":"yks-heyecani-osym-baskani-soru-kitapciklarinin-kilitleri-ankarada-aciliyor","status":"publish","type":"post","link":"https:\/\/kamucalisani.net\/index.php\/2024\/06\/22\/yks-heyecani-osym-baskani-soru-kitapciklarinin-kilitleri-ankarada-aciliyor\/","title":{"rendered":"YKS heyecan\u0131! \u00d6SYM Ba\u015fkan\u0131: Soru kitap\u00e7\u0131klar\u0131n\u0131n kilitleri Ankara&#8217;da a\u00e7\u0131l\u0131yor"},"content":{"rendered":"<p><p>\u00d6SYM Ba\u015fkan\u0131 Bayram Ali Ersoy, \u0130leti\u015fim Platformu&#8217;nun d\u00fczenledi\u011fi &#8216;\u0130leti\u015fim Bulu\u015fmalar\u0131&#8217; etkinli\u011fine kat\u0131ld\u0131. Ersoy, \u00d6SYM&#8217;nin s\u0131nav uygulamalar\u0131 ve 8-9 Haziran&#8217;da yap\u0131lacak 2024 YKS hakk\u0131nda de\u011ferlendirmelerde bulundu. Ersoy, &#8220;Bu sene, 13 milyon dolay\u0131nda aday i\u00e7in 60&#8217;a yak\u0131n s\u0131nav yap\u0131yoruz. D\u00fcnyada bu kapsamda y\u00fcksek g\u00fcvenlikli \u015fekilde bu \u00e7e\u015fitlilikte s\u0131nav ve yerle\u015ftirme yapan ba\u015fka bir kurum yok. D\u00fcnyada g\u00fcvenlik \u00f6l\u00e7e\u011finde bir numaral\u0131 kurulu\u015fuz&#8221; diye konu\u015ftu.<\/p>\n<p>Ersoy, 8 Haziran Cumartesi 10.15&#8217;te ba\u015flayacak Temel Yeterlilik Testi&#8217;ne (TYT) 3 milyon 120 bin 878, 9 Haziran Pazar 10.15&#8217;te ba\u015flayacak Alan Yeterlilik Testi&#8217;ne (AYT) 2 milyon 19 bin 709 ve ayn\u0131 g\u00fcn saat 15.45&#8217;te ger\u00e7ekle\u015fecek son oturum Yabanc\u0131 Dil Testi&#8217;ne (YDT) ise 233 bin 389 aday\u0131n kat\u0131laca\u011f\u0131n\u0131 belirtti. Ersoy, YKS oturumlar\u0131 i\u00e7in 5,5 milyona yak\u0131n soru kitap\u00e7\u0131\u011f\u0131 bas\u0131ld\u0131\u011f\u0131n\u0131, bu kadar geni\u015f kapsaml\u0131 s\u0131nav\u0131n, devasa s\u00fcre\u00e7leri gerektirdi\u011fini kaydetti. YKS&#8217;de engelli adaylar\u0131n olaca\u011f\u0131n\u0131 belirten Ersoy, bu y\u0131l yap\u0131lan d\u00fczenlemeyle okuyucu veya i\u015faretleyici yard\u0131m\u0131 alan engelli adaylar\u0131n tamam\u0131na 30 dakika ek s\u00fcre verilmesinin kararla\u015ft\u0131r\u0131ld\u0131\u011f\u0131n\u0131 aktard\u0131. Ersoy, &#8220;TYT&#8217;ye toplam 12 bin 848, AYT&#8217;ye 8 bin 334, YDT&#8217;ye ise 1032 engelli aday kat\u0131lacak. TYT oturumunda 1911 okuyucu-i\u015faretleyici, AYT&#8217;de 1140 okuyucu-i\u015faretleyici, YDT&#8217;de ise 76 okuyucu-i\u015faretleyici g\u00f6rev alacak&#8221; dedi.<\/p>\n<p><strong>&#8216;\u00d6SYM G\u00dcVEN\u0130L\u0130RL\u0130\u011e\u0130 EN Y\u00dcKSEK KURUMLARDAN&#8217;<\/strong><\/p>\n<p>Ersoy, soru kitap\u00e7\u0131klar\u0131n\u0131n &#8216;faraday kafesi&#8217; (elektriksel iletken metal ile kaplanm\u0131\u015f muhafaza) ile kapl\u0131 ve sinyal kar\u0131\u015ft\u0131r\u0131c\u0131 jammer sistemiyle korunan kapal\u0131 matbaa merkezinde bas\u0131ld\u0131\u011f\u0131n\u0131 ve buradaki g\u00f6revlilerin YKS tamamlanana kadar 40 g\u00fcn s\u00fcresince d\u0131\u015far\u0131 \u00e7\u0131kamad\u0131\u011f\u0131n\u0131 belirtti. Ersoy, &#8220;Bu merkezde, g\u00fcnde 200 bin soru kitap\u00e7\u0131\u011f\u0131 bas\u0131labiliyor. Soru kitap\u00e7\u0131klar\u0131m\u0131z\u0131n ve s\u0131nav evraklar\u0131m\u0131z\u0131n nakil ara\u00e7lar\u0131yla takibini; elektromekanik kilitlerle kilitliyoruz. Bu kilitler, s\u0131nav sabah\u0131 Ankara&#8217;da a\u00e7\u0131l\u0131yor. Dijital bask\u0131 teknolojileri itibar\u0131yla d\u00fcnyada ilk 3&#8217;te olan bir kurumuz. \u00d6SYM T\u00fcrkiye&#8217;nin birikimini ve yar\u0131nlar\u0131n\u0131 in\u015fa eden kurum. Bizim sorular\u0131m\u0131z bir standart ortaya koymu\u015ftur. Toplum nezdinde de g\u00fcvenilirli\u011fi en y\u00fcksek olan kurumlardand\u0131r&#8221; diye konu\u015ftu.<\/p>\n<p>T\u00fcrkiye&#8217;de elektronik s\u0131navlar\u0131n say\u0131s\u0131n\u0131 ve kapasitesini art\u0131rmay\u0131 hedeflediklerini belirten Ersoy, &#8220;T\u00fcrkiye&#8217;de e-s\u0131navlarla adaylara farkl\u0131 alternatifler sunmak istiyoruz. Bunun en b\u00fcy\u00fck getirisi maliyetin d\u00fc\u015f\u00fcr\u00fclmesi ve ilerleyen s\u00fcre\u00e7lerde kapal\u0131 matbaan\u0131n 40 g\u00fcnlerden 5 g\u00fcnlere kadar d\u00fc\u015f\u00fcr\u00fclmesi olacak\u201d ifadelerini kulland\u0131.<\/p>\n<p><strong>&#8216;SINAV G\u00dcN\u00dc TOPLUMSAL DUYARLILIK \u00d6NEML\u0130&#8217;<\/strong><\/p>\n<p>\u00d6SYM Ba\u015fkan\u0131 Ersoy, YKS \u00f6ncesi ilgili pek \u00e7ok kurumla toplant\u0131lar yapt\u0131klar\u0131n\u0131 ve gerekli \u00f6nlemlerin al\u0131nmas\u0131 konusunda \u00e7al\u0131\u015fmalar y\u00fcr\u00fctt\u00fcklerini anlatarak, \u00f6\u011frencilerin s\u0131nava girece\u011fi okullar\u0131n \u00e7evrelerinde g\u00fcr\u00fclt\u00fc yap\u0131lmamas\u0131 konusunda toplum olarak hassas davran\u0131lmas\u0131 uyar\u0131s\u0131nda bulundu. Ersoy, uygulama yap\u0131lacak okullar\u0131n \u00e7evresinde adaylar\u0131 olumsuz etkileyecek durumlardan ka\u00e7\u0131n\u0131lmas\u0131n\u0131, \u00f6zellikle g\u00fcr\u00fclt\u00fc \u00e7\u0131kartacak \u00e7al\u0131\u015fmalar yap\u0131lmamas\u0131n\u0131 istedi. \u0130lgili kurumlara bilgilendirme yap\u0131ld\u0131\u011f\u0131n\u0131 belirten Ersoy, &#8220;S\u0131nav binalar\u0131nda uygun ko\u015fullar\u0131n sa\u011flanmas\u0131 ve etraf\u0131n\u0131n g\u00fcr\u00fclt\u00fcden yal\u0131t\u0131lmas\u0131 \u00f6nemli. S\u0131nav binalar\u0131n\u0131n etraf\u0131nda herhangi bir \u00e7al\u0131\u015fma veya etkinlik yap\u0131lmamas\u0131, pazar kurulmamas\u0131, in\u015faatlar\u0131n ve yol \u00e7al\u0131\u015fmalar\u0131n\u0131n durdurulmas\u0131 ve gerekli di\u011fer tedbirlerin al\u0131nmas\u0131 konusunda t\u00fcm ilgili kurumlarla resmi yaz\u0131\u015fmalar\u0131m\u0131z\u0131 yapt\u0131k. Gerekli \u00f6nlemlerin al\u0131nmas\u0131 i\u00e7in ilgili pek \u00e7ok kurumla toplant\u0131lar yapt\u0131k. Bunun i\u00e7in valilikler, belediyeler, milli e\u011fitim m\u00fcd\u00fcrl\u00fckleri ve emniyet m\u00fcd\u00fcrl\u00fckleri ile s\u00fcrekli koordinasyon halinde pazar g\u00fcn\u00fc ak\u015fam\u0131na kadar \u00e7al\u0131\u015fmalar\u0131m\u0131z s\u00fcrecek. Trafik ak\u0131\u015f\u0131n\u0131n da emniyetli \u015fekilde sa\u011flanmas\u0131 ve toplu ula\u015f\u0131m imkanlar\u0131n\u0131n art\u0131r\u0131lmas\u0131 konusuna da i\u015faret ettik. Adaylar\u0131m\u0131z i\u00e7in stressiz, g\u00fcr\u00fclt\u00fcs\u00fcz ve trafiksiz bir ortam haz\u0131rlanmas\u0131 \u00f6nemli. Toplumsal olarak bu konuda hep birlikte g\u00f6sterece\u011fimiz duyarl\u0131l\u0131k \u00e7ok \u00f6nemli&#8221; diye konu\u015ftu.<\/p>\n<p>Adaylar\u0131n s\u0131navdan \u00f6nce s\u0131nava girecekleri binalar\u0131 g\u00f6rmelerini ve s\u0131navdan bir saat \u00f6nce s\u0131nav yerlerinde haz\u0131r bulunmalar\u0131n\u0131 beklediklerini belirten Ersoy, yanlar\u0131nda s\u0131nava giri\u015f belgelerini ve ge\u00e7erli kimlik belgelerini bulundurmay\u0131 unutmamalar\u0131 gerekti\u011fini hat\u0131rlatt\u0131.<\/p>\n<p><strong>&#8216;AL\u0130 KO\u00c7 \u0130LE G\u00d6R\u00dc\u015eT\u00dcK&#8217;<\/strong><\/p>\n<p>\u0130stanbul&#8217;da Fenerbah\u00e7e Kul\u00fcb\u00fc&#8217;n\u00fcn ola\u011fan se\u00e7imli genel kurul toplant\u0131s\u0131n\u0131n YKS ile ayn\u0131 tarihe denk gelmesi sorulan Ersoy, &#8220;Kad\u0131k\u00f6y&#8217;de 49 okulda s\u0131nav yap\u0131yoruz, Fenerbah\u00e7e Kul\u00fcb\u00fc genel kurulunun yap\u0131laca\u011f\u0131 yere yak\u0131n 3 okulumuz var, di\u011ferleri uzak. \u00dcyelerin Kad\u0131k\u00f6y&#8217;e giderken olu\u015fturabilece\u011fi trafik yo\u011funlu\u011funu ve g\u00fcr\u00fclt\u00fcy\u00fc d\u00fc\u015f\u00fcnd\u00fck. Bu konuda al\u0131nabilecek tedbirler konusunda Fenerbah\u00e7e Kul\u00fcb\u00fc Ba\u015fkan\u0131 Ali Ko\u00e7 ile g\u00f6r\u00fc\u015ft\u00fck. Ali Ko\u00e7, &#8216;biz bu konuda \u00e7ok duyarl\u0131y\u0131z&#8221; dedi ve b\u00fct\u00fcn \u00fcyelere gerekli hat\u0131rlatmalar\u0131 yapacaklar\u0131n\u0131 s\u00f6yledi&#8221; ifadelerini kulland\u0131.<\/p>\n<p>Ersoy, \u00d6SYM&#8217;nin, 18 Ya\u015f Alt\u0131 Milli Futbol Tak\u0131m\u0131 futbolcular\u0131 i\u00e7in Zagreb&#8217;de YKS d\u00fczenlemesine ili\u015fkin de federasyondan gen\u00e7 millilerin YKS tarihlerinde Zagreb&#8217;de olacaklar\u0131 ve o \u00fclkede s\u0131nav yap\u0131lmas\u0131 teklifinde bulunduklar\u0131n\u0131 s\u00f6yledi. Ersoy, &#8220;Teklifi, \u00d6SYM olarak de\u011ferlendirdik. Milli bir mesele oldu\u011fundan ve toplumun da rahatl\u0131kla kabul edebilece\u011fi bir durum oldu\u011fundan s\u0131nav\u0131 H\u0131rvatistan&#8217;da yapmaya karar verdik&#8221; dedi.<\/p>\n\n<p><\/p>\n<p>Kaynak :\u00a0<span style=\"background-color: rgb(255, 249, 236); color: rgb(55, 58, 60); font-size: 14px;\">http:\/\/www.milliyet.com.tr\/gundem\/yks-heyecani-osym-baskani-soru-kitapciklarinin-kilitleri-ankarada-aciliyor-7138559<\/span><\/p>\n","protected":false},"excerpt":{"rendered":"<p>\u00d6l\u00e7me, Se\u00e7me ve Yerle\u015ftirme Merkezi (\u00d6SYM) Ba\u015fkan\u0131 Bayram Ali Ersoy, hafta sonu yap\u0131lacak Y\u00fcksek\u00f6\u011fretim Kurumlar\u0131 S\u0131nav\u0131&#8217;nda (YKS) soru kitap\u00e7\u0131klar\u0131 ve s\u0131nav evrak\u0131n\u0131n naklinin elektromekanik kilitli \u015fekilde ara\u00e7larla sa\u011fland\u0131\u011f\u0131n\u0131 belirtti.<\/p>\n","protected":false},"author":1,"featured_media":56796,"comment_status":"open","ping_status":"open","sticky":false,"template":"","format":"standard","meta":{"footnotes":""},"categories":[3],"tags":[262,1158,267,1315,2527],"class_list":["post-56795","post","type-post","status-publish","format-standard","has-post-thumbnail","hentry","category-guncel","tag-aday","tag-ersoy","tag-kurum","tag-sinav","tag-yks"],"_links":{"self":[{"href":"https:\/\/kamucalisani.net\/index.php\/wp-json\/wp\/v2\/posts\/56795","targetHints":{"allow":["GET"]}}],"collection":[{"href":"https:\/\/kamucalisani.net\/index.php\/wp-json\/wp\/v2\/posts"}],"about":[{"href":"https:\/\/kamucalisani.net\/index.php\/wp-json\/wp\/v2\/types\/post"}],"author":[{"embeddable":true,"href":"https:\/\/kamucalisani.net\/index.php\/wp-json\/wp\/v2\/users\/1"}],"replies":[{"embeddable":true,"href":"https:\/\/kamucalisani.net\/index.php\/wp-json\/wp\/v2\/comments?post=56795"}],"version-history":[{"count":1,"href":"https:\/\/kamucalisani.net\/index.php\/wp-json\/wp\/v2\/posts\/56795\/revisions"}],"predecessor-version":[{"id":56797,"href":"https:\/\/kamucalisani.net\/index.php\/wp-json\/wp\/v2\/posts\/56795\/revisions\/56797"}],"wp:featuredmedia":[{"embeddable":true,"href":"https:\/\/kamucalisani.net\/index.php\/wp-json\/wp\/v2\/media\/56796"}],"wp:attachment":[{"href":"https:\/\/kamucalisani.net\/index.php\/wp-json\/wp\/v2\/media?parent=56795"}],"wp:term":[{"taxonomy":"category","embeddable":true,"href":"https:\/\/kamucalisani.net\/index.php\/wp-json\/wp\/v2\/categories?post=56795"},{"taxonomy":"post_tag","embeddable":true,"href":"https:\/\/kamucalisani.net\/index.php\/wp-json\/wp\/v2\/tags?post=56795"}],"curies":[{"name":"wp","href":"https:\/\/api.w.org\/{rel}","templated":true}]}}