{"id":57008,"date":"2024-06-23T00:24:09","date_gmt":"2024-06-23T00:24:09","guid":{"rendered":"https:\/\/kamucalisani.net\/?p=57008"},"modified":"2024-06-23T00:24:09","modified_gmt":"2024-06-23T00:24:09","slug":"ev-sahibinden-kiraciya-akilalmaz-tuzak-sabah-evden-cikmak-istedi-soka-girdi","status":"publish","type":"post","link":"https:\/\/kamucalisani.net\/index.php\/2024\/06\/23\/ev-sahibinden-kiraciya-akilalmaz-tuzak-sabah-evden-cikmak-istedi-soka-girdi\/","title":{"rendered":"Ev sahibinden kirac\u0131ya ak\u0131lalmaz tuzak! Sabah evden \u00e7\u0131kmak istedi, \u015foka girdi"},"content":{"rendered":"<p><p>Olay, Marmaris il\u00e7esi Tepe Mahallesi&#8217;nde meydana geldi. Edinilen bilgiye g\u00f6re, ev sahibi A.E., kirac\u0131s\u0131 \u0130lhan Soylu&#8217;dan evden \u00e7\u0131kmas\u0131n\u0131 istedi. Emekli maa\u015f\u0131 ile ge\u00e7indi\u011fini s\u00f6yleyen Soylu, uygun fiyata ev bulamay\u0131nca evden \u00e7\u0131kamad\u0131. Soylu&#8217;nun evden \u00e7\u0131kmamas\u0131 \u00fczerine iki taraf mahkemelik oldu.<\/p>\n<div>\n<div> <img decoding=\"async\" src=\"https:\/\/kamucalisani.net\/wp-content\/uploads\/2024\/06\/ev-sahibinden-kiraciya-akilalmaz-tuzak-sabah-evden-cikmak-istedi-soka-girdi-0-IExjBxBV.jpg\"\/><\/img> <\/div>\n<\/p><\/div>\n<\/p>\n<p>D\u00fcn sabah saatlerinde evden \u00e7\u0131kmak istedi\u011fi esnada kap\u0131s\u0131n\u0131n k\u00f6p\u00fck silikonla kapat\u0131ld\u0131\u011f\u0131n\u0131 ve a\u00e7\u0131lmad\u0131\u011f\u0131n\u0131 fark eden kirac\u0131 \u0130lhan Soylu, yar\u0131m saatlik u\u011fra\u015f\u0131n ard\u0131ndan zorla kap\u0131y\u0131 a\u00e7t\u0131. Kap\u0131y\u0131 a\u00e7an Soylu g\u00f6rd\u00fc\u011f\u00fc manzara kar\u015f\u0131s\u0131nda \u015fa\u015fk\u0131nl\u0131\u011f\u0131n\u0131 gizleyemedi.<\/p>\n<div>\n<div> <img decoding=\"async\" src=\"https:\/\/kamucalisani.net\/wp-content\/uploads\/2024\/06\/ev-sahibinden-kiraciya-akilalmaz-tuzak-sabah-evden-cikmak-istedi-soka-girdi-1-ANwWDmad.jpg\"\/><\/img> <\/div>\n<\/p><\/div>\n<\/p>\n<p>Ev sahibinin kap\u0131y\u0131 in\u015faat malzemesi ile m\u00fch\u00fcrledi\u011fini iddia eden Soylu, ya\u015fanan olay\u0131n ard\u0131ndan karakola giderek ev sahibinden \u015fikayet\u00e7i oldu.<\/p>\n<div>\n<div> <img decoding=\"async\" src=\"https:\/\/kamucalisani.net\/wp-content\/uploads\/2024\/06\/ev-sahibinden-kiraciya-akilalmaz-tuzak-sabah-evden-cikmak-istedi-soka-girdi-2-1S7S9Aet.jpg\"\/><\/img> <\/div>\n<\/p><\/div>\n<\/p>\n<p>\u00a0<strong>&#8216;BUNU B\u00dcY\u00dcK \u0130HT\u0130MALLE EV SAH\u0130B\u0130 YAPMI\u015e OLAB\u0130L\u0130R&#8217;<\/strong><\/p>\n<p>Kirac\u0131 \u0130lhan Soylu, sabah kap\u0131y\u0131 a\u00e7mak istedi\u011finde kap\u0131n\u0131n a\u00e7\u0131lmad\u0131\u011f\u0131n\u0131 ifade ederek, &#8220;Kap\u0131y\u0131 a\u00e7mak i\u00e7in zorlad\u0131k. Acaba anahtar m\u0131 bozuldu derken, kap\u0131y\u0131 zorla a\u00e7t\u0131m ama manzara bu \u015fekildeydi. Bunu b\u00fcy\u00fck ihtimalle ev sahibi yapm\u0131\u015f olabilir. Benim burada hi\u00e7 d\u00fc\u015fman\u0131m yok, a\u015fa\u011f\u0131daki esnaf arkada\u015flar\u0131m\u0131n hepsi beni sever. Ev sahibi benim evden \u00e7\u0131kmam\u0131 istedi. \u00c7\u0131kmak istemeyince biz de kendisiyle mahkemelik olduk. Bir \u00fcst mahkemeye itiraz\u0131m\u0131z var. Mahkeme sonucunu bekliyoruz. \u00c7\u00fcnk\u00fc b\u00f6yle bir \u015feyi ba\u015fka kimse yapmaz, benim d\u00fc\u015fman\u0131m yok. Rahats\u0131zland\u0131ktan sonra emekli oldum. 12 bin lira maa\u015f al\u0131yorum. Ev ar\u0131yorum bulam\u0131yorum. \u00c7\u00fcnk\u00fc 20-25 bin liradan a\u015fa\u011f\u0131ya ev yok. Memleketteki evim depremde hasar g\u00f6rd\u00fc oraya da gidemiyorum. Kimseyi ma\u011fdur durumda b\u0131rakmak istemiyorum ama \u00e7aresizim yani. Sabah kalk\u0131nca b\u00f6yle bir durumla kar\u015f\u0131la\u015f\u0131nca en yak\u0131n emniyete giderek bu durumdan \u015fikayet\u00e7i oldum&#8221; dedi.<\/p>\n<div>\n<div> <img decoding=\"async\" src=\"https:\/\/kamucalisani.net\/wp-content\/uploads\/2024\/06\/ev-sahibinden-kiraciya-akilalmaz-tuzak-sabah-evden-cikmak-istedi-soka-girdi-3-31tmFNqJ.jpg\"\/><\/img> <\/div>\n<\/p><\/div>\n<p>Telefonla kendisine ula\u015f\u0131lan ev sahibi A.E. ise olayla bir ilgisinin bulunmad\u0131\u011f\u0131n\u0131 ifade ederek, aya\u011f\u0131n\u0131n bir bu\u00e7uk ayd\u0131r al\u00e7\u0131da oldu\u011funu b\u00f6yle bir olay\u0131 yapmas\u0131n\u0131n m\u00fcmk\u00fcn olamayaca\u011f\u0131n\u0131 ifade etti.<\/p>\n<div>\n<div> <img decoding=\"async\" src=\"https:\/\/kamucalisani.net\/wp-content\/uploads\/2024\/06\/ev-sahibinden-kiraciya-akilalmaz-tuzak-sabah-evden-cikmak-istedi-soka-girdi-4-NekMqjgY.jpg\"\/><\/img> <\/div>\n<\/p><\/div>\n<\/p>\n<p><\/p>\n<p>Kaynak :\u00a0<span style=\"background-color: rgb(255, 249, 236); color: rgb(55, 58, 60); font-size: 14px;\">http:\/\/www.milliyet.com.tr\/gundem\/ev-sahibinden-kiraciya-akilalmaz-tuzak-sabah-evden-cikmak-istedi-soka-girdi-7138570<\/span><\/p>\n","protected":false},"excerpt":{"rendered":"<p>Mu\u011fla&#8217;n\u0131n Marmaris il\u00e7esinde iddiaya g\u00f6re, oturdu\u011fu evin kap\u0131s\u0131n\u0131n d\u0131\u015far\u0131dan k\u00f6p\u00fck silikon \u00e7ekilerek kapat\u0131lmas\u0131 sonras\u0131nda kirac\u0131, ev sahibinden \u015fikayet\u00e7i oldu. Kap\u0131y\u0131 zorla a\u00e7an kirac\u0131 \u015fa\u015fk\u0131nl\u0131\u011f\u0131n\u0131 gizleyemezken, &#8220;Benim hi\u00e7 d\u00fc\u015fman\u0131m yok, bunu b\u00fcy\u00fck ihtimalle ev sahibi yapm\u0131\u015f olabilir&#8221; dedi. Aya\u011f\u0131n\u0131n bir bu\u00e7uk ayd\u0131r al\u00e7\u0131da oldu\u011funu ev sahibi ise, iddiay\u0131 reddetti.<\/p>\n","protected":false},"author":1,"featured_media":57009,"comment_status":"open","ping_status":"open","sticky":false,"template":"","format":"standard","meta":{"footnotes":""},"categories":[3],"tags":[2537,2539,2538,2536],"class_list":["post-57008","post","type-post","status-publish","format-standard","has-post-thumbnail","hentry","category-guncel","tag-ev-sahibi","tag-evden","tag-kapiyi","tag-soylu"],"_links":{"self":[{"href":"https:\/\/kamucalisani.net\/index.php\/wp-json\/wp\/v2\/posts\/57008","targetHints":{"allow":["GET"]}}],"collection":[{"href":"https:\/\/kamucalisani.net\/index.php\/wp-json\/wp\/v2\/posts"}],"about":[{"href":"https:\/\/kamucalisani.net\/index.php\/wp-json\/wp\/v2\/types\/post"}],"author":[{"embeddable":true,"href":"https:\/\/kamucalisani.net\/index.php\/wp-json\/wp\/v2\/users\/1"}],"replies":[{"embeddable":true,"href":"https:\/\/kamucalisani.net\/index.php\/wp-json\/wp\/v2\/comments?post=57008"}],"version-history":[{"count":1,"href":"https:\/\/kamucalisani.net\/index.php\/wp-json\/wp\/v2\/posts\/57008\/revisions"}],"predecessor-version":[{"id":57015,"href":"https:\/\/kamucalisani.net\/index.php\/wp-json\/wp\/v2\/posts\/57008\/revisions\/57015"}],"wp:featuredmedia":[{"embeddable":true,"href":"https:\/\/kamucalisani.net\/index.php\/wp-json\/wp\/v2\/media\/57009"}],"wp:attachment":[{"href":"https:\/\/kamucalisani.net\/index.php\/wp-json\/wp\/v2\/media?parent=57008"}],"wp:term":[{"taxonomy":"category","embeddable":true,"href":"https:\/\/kamucalisani.net\/index.php\/wp-json\/wp\/v2\/categories?post=57008"},{"taxonomy":"post_tag","embeddable":true,"href":"https:\/\/kamucalisani.net\/index.php\/wp-json\/wp\/v2\/tags?post=57008"}],"curies":[{"name":"wp","href":"https:\/\/api.w.org\/{rel}","templated":true}]}}