{"id":57604,"date":"2024-06-23T04:48:06","date_gmt":"2024-06-23T04:48:06","guid":{"rendered":"https:\/\/kamucalisani.net\/?p=57604"},"modified":"2024-06-23T04:48:06","modified_gmt":"2024-06-23T04:48:06","slug":"ayhan-bora-kaplan-sorusturmasi-serdar-sertcelikin-iade-sureciyle-ilgili-bakan-tunctan-aciklama","status":"publish","type":"post","link":"https:\/\/kamucalisani.net\/index.php\/2024\/06\/23\/ayhan-bora-kaplan-sorusturmasi-serdar-sertcelikin-iade-sureciyle-ilgili-bakan-tunctan-aciklama\/","title":{"rendered":"Ayhan Bora Kaplan soru\u015fturmas\u0131! Serdar Sert\u00e7elik&#8217;in iade s\u00fcreciyle ilgili Bakan Tun\u00e7&#8217;tan a\u00e7\u0131klama"},"content":{"rendered":"<p><p>Ayhan Bora Kaplan davas\u0131n\u0131n gizli tan\u0131\u011f\u0131 Serdar Sert\u00e7elik, firar ederek yurt d\u0131\u015f\u0131na ka\u00e7m\u0131\u015ft\u0131. T\u00fcrkiye, Macaristan&#8217;da bulunan Sert\u00e7elik&#8217;in iadesi i\u00e7in evraklar\u0131 Macar makamlara iletti.<\/p>\n<p>Adalet Bakan\u0131 Y\u0131lmaz Tun\u00e7, bir grup gazetecinin sorular\u0131n\u0131 yan\u0131tlad\u0131. Bakan Tun\u00e7, &#8220;T\u00fcrkiye gereken evraklar\u0131, Macar makamlara iletti, Sert\u00e7elik&#8217;i adli su\u00e7lar sebebiyle istedik&#8221; dedi.<\/p>\n<p>Tun\u00e7, iadenin 40 g\u00fcnl\u00fck tutukluluk s\u00fcresi beklenmeden ger\u00e7ekle\u015fmesi i\u00e7in Macar mevkida\u015f\u0131yla g\u00f6r\u00fc\u015ferek s\u00fcrecin h\u0131zland\u0131rlabilece\u011fini s\u00f6yledi.<\/p>\n<p>Ayhan Bora Kaplan su\u00e7 \u00f6rg\u00fct\u00fc davas\u0131nda gizli tan\u0131k ve san\u0131k olarak yer alan Sert\u00e7elik&#8217;in 27 Kas\u0131m&#8217;da elektronik kelep\u00e7eli olmas\u0131na ra\u011fmen yurtd\u0131\u015f\u0131na ka\u00e7t\u0131\u011f\u0131 belirlenmi\u015fti.<\/p>\n<p>Sert\u00e7elik, 30 May\u0131s&#8217;ta ise sahte kimlik ve pasaportla Macaristan&#8217;da yakalanm\u0131\u015ft\u0131.<\/p>\n<p><strong>\u0130\u00c7\u0130\u015eLER\u0130 BAKANLI\u011eI&#8217;NIN A\u00c7IKLAMASI<\/strong><\/p>\n<p>\u0130\u00e7i\u015fleri Bakanl\u0131\u011f\u0131&#8217;ndan da Sert\u00e7elik&#8217;in yakalanmas\u0131na ili\u015fkin \u015fu a\u00e7\u0131klama yap\u0131lm\u0131\u015ft\u0131; \u201cSu\u00e7 i\u015flemek amac\u0131yla kurulan \u00f6rg\u00fcte \u00fcye olma, kasten \u00f6ld\u00fcrmek, su\u00e7 delillerini gizlemek ya da yakalamak amac\u0131yla \u00f6ld\u00fcrmek, su\u00e7 i\u015flemek amac\u0131yla \u00f6rg\u00fct \u00fcyesi olma su\u00e7lar\u0131ndan 17 May\u0131s\u2019tan itibaren uluslararas\u0131 alanda aranan Serdar Sert\u00e7elik, \u0130\u00e7i\u015fleri Bakanl\u0131\u011f\u0131, Adalet Bakanl\u0131\u011f\u0131 ve M\u0130T\u2019in ortak \u00e7al\u0131\u015fmalar\u0131 ile Macaristan\u2019da yakaland\u0131.\u201d<\/p>\n<p>A\u00e7\u0131klamada, M\u0130T ve Emniyet Genel M\u00fcd\u00fcrl\u00fc\u011f\u00fc\u2019ne ba\u011fl\u0131 Interpol Europol Dairesi Ba\u015fkanl\u0131\u011f\u0131\u2019n\u0131n takibini s\u00fcrd\u00fcrd\u00fc\u011f\u00fc Sert\u00e7elik\u2019in, 25 May\u0131s 2024\u2019te G\u00fcrcistan sahte pasaportu ve \u201cSimeon Nikos\u201d kimlik bilgileriyle Roszke S\u0131n\u0131r Kap\u0131s\u0131\u2019ndan giri\u015f yapabilece\u011fi belirlenip d\u00fczenlenen ortak operasyonla yakaland\u0131\u011f\u0131 ifade edilmi\u015fti.<\/p>\n<p><strong>\u0130T\u0130RAFLARI 3 EMN\u0130YET M\u00dcD\u00dcR\u00dcN\u00dc TUTUKLATTI<\/strong><\/p>\n<p>Sert\u00e7elik, Ayhan Bora Kaplan su\u00e7 \u00f6rg\u00fct\u00fcn\u00fcn ikinci ismi olarak an\u0131l\u0131rken gizli tan\u0131k yap\u0131larak itiraf\u00e7\u0131 olmu\u015f ve soru\u015fturma kapsam\u0131nda aya\u011f\u0131na elektronik kelep\u00e7e tak\u0131larak ev hapsine al\u0131nm\u0131\u015ft\u0131. Ev hapsinde iken dokuz kez d\u0131\u015far\u0131 \u00e7\u0131kt\u0131\u011f\u0131 ortaya \u00e7\u0131kan ve gitti\u011fi bir barda ayaklar\u0131ndan vurulan Sert\u00e7elik\u2019in, kelep\u00e7esini k\u0131rarak yurt d\u0131\u015f\u0131na firar etti\u011fi belirlenmi\u015fti. Sert\u00e7elik\u2019in K\u0131br\u0131s\u2019tan getirilerek gizli tan\u0131k yap\u0131l\u0131\u015f\u0131 ve ka\u00e7\u0131\u015f\u0131na ili\u015fkin a\u00e7\u0131klamalar\u0131 sonras\u0131 Ankara Emniyet M\u00fcd\u00fcrl\u00fc\u2019\u00fcnde g\u00f6revli polisler hakk\u0131nda soru\u015fturma a\u00e7\u0131lm\u0131\u015f, 3 emniyet m\u00fcd\u00fcr\u00fc g\u00f6zalt\u0131na al\u0131nm\u0131\u015ft\u0131. M\u00fclkiye M\u00fcfetti\u015flerinin \u2018g\u00f6revi k\u00f6t\u00fcye kullanma ve ihmal\u2019 tespitinde bulundu\u011fu 3 emniyet m\u00fcd\u00fcr\u00fc tutuklanm\u0131\u015ft\u0131.<\/p>\n\n<p><\/p>\n<p>Kaynak :\u00a0<span style=\"background-color: rgb(255, 249, 236); color: rgb(55, 58, 60); font-size: 14px;\">http:\/\/www.milliyet.com.tr\/gundem\/ayhan-bora-kaplan-sorusturmasi-serdar-sertcelikin-iade-sureciyle-ilgili-bakan-tunctan-aciklama-7138640<\/span><\/p>\n","protected":false},"excerpt":{"rendered":"<p>Ayhan Bora Kaplan soru\u015fturmas\u0131n\u0131n hem san\u0131\u011f\u0131 hem de M7 kodlu gizli tan\u0131\u011f\u0131 Serdar Sert\u00e7elik&#8217;in iade s\u00fcreciyle ilgili Adalet Bakan\u0131 Y\u0131lmaz Tun\u00e7 a\u00e7\u0131klamalarda bulundu.<\/p>\n","protected":false},"author":1,"featured_media":57605,"comment_status":"open","ping_status":"open","sticky":false,"template":"","format":"standard","meta":{"footnotes":""},"categories":[3],"tags":[224,1037,2560,811],"class_list":["post-57604","post","type-post","status-publish","format-standard","has-post-thumbnail","hentry","category-guncel","tag-bakan","tag-emniyet","tag-macar","tag-suc"],"_links":{"self":[{"href":"https:\/\/kamucalisani.net\/index.php\/wp-json\/wp\/v2\/posts\/57604","targetHints":{"allow":["GET"]}}],"collection":[{"href":"https:\/\/kamucalisani.net\/index.php\/wp-json\/wp\/v2\/posts"}],"about":[{"href":"https:\/\/kamucalisani.net\/index.php\/wp-json\/wp\/v2\/types\/post"}],"author":[{"embeddable":true,"href":"https:\/\/kamucalisani.net\/index.php\/wp-json\/wp\/v2\/users\/1"}],"replies":[{"embeddable":true,"href":"https:\/\/kamucalisani.net\/index.php\/wp-json\/wp\/v2\/comments?post=57604"}],"version-history":[{"count":1,"href":"https:\/\/kamucalisani.net\/index.php\/wp-json\/wp\/v2\/posts\/57604\/revisions"}],"predecessor-version":[{"id":57606,"href":"https:\/\/kamucalisani.net\/index.php\/wp-json\/wp\/v2\/posts\/57604\/revisions\/57606"}],"wp:featuredmedia":[{"embeddable":true,"href":"https:\/\/kamucalisani.net\/index.php\/wp-json\/wp\/v2\/media\/57605"}],"wp:attachment":[{"href":"https:\/\/kamucalisani.net\/index.php\/wp-json\/wp\/v2\/media?parent=57604"}],"wp:term":[{"taxonomy":"category","embeddable":true,"href":"https:\/\/kamucalisani.net\/index.php\/wp-json\/wp\/v2\/categories?post=57604"},{"taxonomy":"post_tag","embeddable":true,"href":"https:\/\/kamucalisani.net\/index.php\/wp-json\/wp\/v2\/tags?post=57604"}],"curies":[{"name":"wp","href":"https:\/\/api.w.org\/{rel}","templated":true}]}}