{"id":58195,"date":"2024-06-23T13:00:13","date_gmt":"2024-06-23T13:00:13","guid":{"rendered":"https:\/\/kamucalisani.net\/?p=58195"},"modified":"2024-06-23T13:00:13","modified_gmt":"2024-06-23T13:00:13","slug":"emine-erdogan-ziroat-mirziyoyeva-ile-millet-kutuphanesini-gezdi","status":"publish","type":"post","link":"https:\/\/kamucalisani.net\/index.php\/2024\/06\/23\/emine-erdogan-ziroat-mirziyoyeva-ile-millet-kutuphanesini-gezdi\/","title":{"rendered":"Emine Erdo\u011fan, Ziroat Mirziyoyeva ile Millet K\u00fct\u00fcphanesi&#8217;ni gezdi"},"content":{"rendered":"<p><p>Emine Erdo\u011fan, Ziroat Mirziyoyeva ile Cumhurba\u015fkanl\u0131\u011f\u0131 Millet K\u00fct\u00fcphanesi ziyaretine ili\u015fkin sosyal medya hesab\u0131ndan payla\u015f\u0131mda bulundu.<\/p>\n<div>\n<div> <img decoding=\"async\" src=\"https:\/\/kamucalisani.net\/wp-content\/uploads\/2024\/06\/emine-erdogan-ziroat-mirziyoyeva-ile-millet-kutuphanesini-gezdi-0-kLQUITG8.jpg\"\/><\/img> <\/div>\n<\/p><\/div>\n<\/p>\n<p>Erdo\u011fan, &#8220;T\u00fcrk ve \u00d6zbek halklar\u0131 aras\u0131ndaki karde\u015flik ba\u011flar\u0131n\u0131 daha da g\u00fc\u00e7lendiren bu anlaml\u0131 bulu\u015fman\u0131n, ortak k\u00fclt\u00fcrel miras\u0131m\u0131z\u0131 daha da zenginle\u015ftirmemize vesile oldu\u011funa inan\u0131yorum. Dostlu\u011fumuz baki olsun&#8221; ifadelerini kulland\u0131.<\/p>\n<div>\n<div> <img decoding=\"async\" src=\"https:\/\/kamucalisani.net\/wp-content\/uploads\/2024\/06\/emine-erdogan-ziroat-mirziyoyeva-ile-millet-kutuphanesini-gezdi-1-UrpLIEVk.jpg\"\/><\/img> <\/div>\n<\/p><\/div>\n<\/p>\n<p>Payla\u015f\u0131mda, Emine Erdo\u011fan ile Ziroat Mirziyoyeva&#8217;n\u0131n Cumhurba\u015fkanl\u0131\u011f\u0131 Millet K\u00fct\u00fcphanesi&#8217;ni ziyaretiyle ilgili videoya da yer verildi. (DHA)<\/p>\n<p>\u00a0<\/p>\n\n<p><\/p>\n<p>Kaynak :\u00a0<span style=\"background-color: rgb(255, 249, 236); color: rgb(55, 58, 60); font-size: 14px;\">http:\/\/www.milliyet.com.tr\/gundem\/emine-erdogan-ziroat-mirziyoyeva-ile-millet-kutuphanesini-gezdi-7138774<\/span><\/p>\n","protected":false},"excerpt":{"rendered":"<p>Cumhurba\u015fkan\u0131 Recep Tayyip Erdo\u011fan&#8217;\u0131n e\u015fi Emine Erdo\u011fan, \u00d6zbekistan Cumhurba\u015fkan\u0131 \u015eevket Mirziyoyev&#8217;in e\u015fi Ziroat Mirziyoyeva ile Cumhurba\u015fkanl\u0131\u011f\u0131 Millet K\u00fct\u00fcphanesi&#8217;ni gezdi.<\/p>\n","protected":false},"author":1,"featured_media":58196,"comment_status":"open","ping_status":"open","sticky":false,"template":"","format":"standard","meta":{"footnotes":""},"categories":[3],"tags":[],"class_list":["post-58195","post","type-post","status-publish","format-standard","has-post-thumbnail","hentry","category-guncel"],"_links":{"self":[{"href":"https:\/\/kamucalisani.net\/index.php\/wp-json\/wp\/v2\/posts\/58195","targetHints":{"allow":["GET"]}}],"collection":[{"href":"https:\/\/kamucalisani.net\/index.php\/wp-json\/wp\/v2\/posts"}],"about":[{"href":"https:\/\/kamucalisani.net\/index.php\/wp-json\/wp\/v2\/types\/post"}],"author":[{"embeddable":true,"href":"https:\/\/kamucalisani.net\/index.php\/wp-json\/wp\/v2\/users\/1"}],"replies":[{"embeddable":true,"href":"https:\/\/kamucalisani.net\/index.php\/wp-json\/wp\/v2\/comments?post=58195"}],"version-history":[{"count":1,"href":"https:\/\/kamucalisani.net\/index.php\/wp-json\/wp\/v2\/posts\/58195\/revisions"}],"predecessor-version":[{"id":58199,"href":"https:\/\/kamucalisani.net\/index.php\/wp-json\/wp\/v2\/posts\/58195\/revisions\/58199"}],"wp:featuredmedia":[{"embeddable":true,"href":"https:\/\/kamucalisani.net\/index.php\/wp-json\/wp\/v2\/media\/58196"}],"wp:attachment":[{"href":"https:\/\/kamucalisani.net\/index.php\/wp-json\/wp\/v2\/media?parent=58195"}],"wp:term":[{"taxonomy":"category","embeddable":true,"href":"https:\/\/kamucalisani.net\/index.php\/wp-json\/wp\/v2\/categories?post=58195"},{"taxonomy":"post_tag","embeddable":true,"href":"https:\/\/kamucalisani.net\/index.php\/wp-json\/wp\/v2\/tags?post=58195"}],"curies":[{"name":"wp","href":"https:\/\/api.w.org\/{rel}","templated":true}]}}