{"id":58472,"date":"2024-06-23T22:00:05","date_gmt":"2024-06-23T22:00:05","guid":{"rendered":"https:\/\/kamucalisani.net\/?p=58472"},"modified":"2024-06-23T22:00:05","modified_gmt":"2024-06-23T22:00:05","slug":"canli-euro-2024-kadrolari-aciklaniyor-yildizlar-toplulugu-sahaya-cikacak","status":"publish","type":"post","link":"https:\/\/kamucalisani.net\/index.php\/2024\/06\/23\/canli-euro-2024-kadrolari-aciklaniyor-yildizlar-toplulugu-sahaya-cikacak\/","title":{"rendered":"CANLI |                         EURO 2024 kadrolar\u0131 a\u00e7\u0131klan\u0131yor! Y\u0131ld\u0131zlar toplulu\u011fu sahaya \u00e7\u0131kacak"},"content":{"rendered":"<p><p>EURO 2024 \u00f6ncesi geri say\u0131m s\u00fcrerken UEFA&#8217;n\u0131n tak\u0131mlara verdi\u011fi kadro bildirme s\u00fcresi i\u00e7in son g\u00fcne gelindi. EURO 2024 \u00f6ncesi kadrolar a\u00e7\u0131klanmaya ba\u015flad\u0131.<\/p>\n<section>\n<div>\n<div> <img decoding=\"async\" src=\"https:\/\/kamucalisani.net\/wp-content\/uploads\/2024\/06\/canli-A8VPAC4t.jpg\"\/><\/img> <\/p>\n<p> \u0130\u015fte EURO 2024 kadrolar\u0131&#8230; <\/p>\n<\/div>\n<div> <span>20:01<\/span> <span>07 Haziran 2024<\/span> <\/p>\n<div> HIRVAT\u0130STAN M\u0130LL\u0130 TAKIMI <\/div>\n<div>\n<p>H\u0131rvatistan Milli Tak\u0131m\u0131&#8217;n\u0131n 26 ki\u015filik kadrosu belli oldu. Zlatko Dalic taraf\u0131ndan belirlenen kadro UEFA&#8217;ya bildirildi.<\/p>\n<p><strong>H\u0131rvatistan Milli Tak\u0131m\u0131&#8217;n\u0131n EURO 2024 kadrosunda \u015fu isimler yer ald\u0131:<\/strong><\/p>\n<p>Kaleci: Dominik Livakovic, Ivica Ivusic, Nediljko Labrovic.<\/p>\n<p>Defans: Domagoj Vida, Josip Juranovic, Josko Gvardiol, Borna Sosa, Josip Stanisic, Josip Sutalo, Martin Erlic, Marin Pongracic<\/p>\n<p>Orta saha: Luka Modric, Mateo Kovacic, Marcelo Brozovic, Mario Pasalic, Nikola Vlasic, Lovro Majer, Luka Ivanusec, Luka Sucic, Martin Baturina<\/p>\n<p>Forvet: Ivan Perisic, Andrej Kramaric, Bruno Petkovic, Marko Pjaca, Ante Budimir, Marco Pasalic<\/p>\n<\/div>\n<div>\n<div>\n<div> <span> <img decoding=\"async\" src=\"https:\/\/kamucalisani.net\/wp-content\/uploads\/2024\/06\/canli-4a7tfs17.jpg\"\/><\/img> <\/span> <\/div>\n<\/p><\/div>\n<\/p><\/div>\n<\/p><\/div>\n<div> <span>20:01<\/span> <span>07 Haziran 2024<\/span> <\/p>\n<div> MACAR\u0130STAN M\u0130LL\u0130 TAKIMI <\/div>\n<div>\n<p>Marco Rossi y\u00f6netimindeki Macaristan Milli Tak\u0131m\u0131&#8217;n\u0131n EURO 2024 kadrosu belli oldu.<\/p>\n<p><strong>Macaristan&#8217;\u0131n kadrosunda \u015fu isimler yer ald\u0131:<\/strong><\/p>\n<p>Kaleci: D\u00e9nes Dibusz, P\u00e9ter Gul\u00e1csi, P\u00e9ter Szappanos<\/p>\n<p>Defans: Botond Balogh, Endre Botka, Palk\u00f3 D\u00e1rdai, Attila Fiola, \u00c1d\u00e1m Lang, Willi Orb\u00e1n, Attila Szalai<\/p>\n<p>Orta saha: Bolla Bendeg\u00faz, Kata Mih\u00e1ly, Milos Kerkez, L\u00e1szl\u00f3 Kleinheisler, \u00c1d\u00e1m Nagy, Zsolt Nagy, Lo\u00efc N\u00e9go, Andr\u00e1s Sch\u00e4fer, Callum Styles.<\/p>\n<p>Forvet: \u00c1d\u00e1m Martin, Kevin Csoboth, D\u00e1niel Gazdag, Krisztofer Horv\u00e1th, Roland Sallai, Dominik Szoboszlai, Roland Varga<\/p>\n<\/div>\n<div>\n<div>\n<div> <span> <img decoding=\"async\" src=\"https:\/\/kamucalisani.net\/wp-content\/uploads\/2024\/06\/canli-4a7tfs17.jpg\"\/><\/img> <\/span> <\/div>\n<\/p><\/div>\n<\/p><\/div>\n<\/p><\/div>\n<div> <span>20:00<\/span> <span>07 Haziran 2024<\/span> <\/p>\n<div> \u0130NG\u0130LTERE M\u0130LL\u0130 TAKIMI <\/div>\n<div>\n<p>Almanya&#8217;da d\u00fczenlenecek EURO 2024&#8217;te m\u00fccadele edecek \u0130ngiltere Milli Tak\u0131m\u0131&#8217;n\u0131n nihai kadrosu netlik kazand\u0131. Gareth Southgate, 26 ki\u015filik kadrosunu netle\u015ftirdi.<\/p>\n<p><strong>\u0130ngiltere Milli Tak\u0131m\u0131&#8217;n\u0131n EURO 2024 kadrosu \u015fu \u015fekilde:<\/strong><\/p>\n<p>Kaleci: Dean Henderson, Jordan Pickford, Aaron Ramsdale<\/p>\n<p>Defans: Lewis Dunk, Joe Gomez, Marc Guehi, Ezri Konsa, Luke Shaw, John Stones, Kieran Trippier, Kyle Walker<\/p>\n<p>Orta saha: Trent Alexander Arnold, Conor Gallagher, Kobbie Mainoo, Declan Rice, Adam Wharton<\/p>\n<p>Forvet: Jude Bellingham, Jarrod Bowen, Eberechi Eze, Phil Foden, Anthony Gordon, Harry Kane, Cole Palmer, Bukayo Saka, Ivan Toney, Ollie Watkins<\/p>\n<\/div>\n<div>\n<div>\n<div> <span> <img decoding=\"async\" src=\"https:\/\/kamucalisani.net\/wp-content\/uploads\/2024\/06\/canli-4a7tfs17.jpg\"\/><\/img> <\/span> <\/div>\n<\/p><\/div>\n<\/p><\/div>\n<\/p><\/div>\n<div> <span>20:00<\/span> <span>07 Haziran 2024<\/span> <\/p>\n<div> \u0130SPANYA M\u0130LL\u0130 TAKIMI <\/div>\n<div>\n<p><strong>\u0130spanya Milli Futbol Tak\u0131m\u0131 Teknik Direkt\u00f6r\u00fc Luis de la Fuente&#8217;nin belirledi\u011fi kadro \u015f\u00f6yle:<\/strong><\/p>\n<p>Kaleci: David Raya, Unai Simon, Alex Remiro<\/p>\n<p>Defans: Aymeric Laporte, Robin le Normand, Nacho Fernandez, Dani Carvahal, Alejandro Grimaldo, Jesus Navas, Dani Vivian, Marc Cucurella<\/p>\n<p>Orta Saha: Rodri, Martin Zubimendi, Mikel Merino, Fabian Ruiz, Pedri, Fermin Lopez, Alex Baena<\/p>\n<p>Forvet: Alvaro Morata, Lamine Yamal, Nico Williams, Dani Olmo, Mikel Oyarzabal, Joselu Mato, Ferran Torres, Ayoze Perez<\/p>\n<\/div>\n<div>\n<div>\n<div> <span> <img decoding=\"async\" src=\"https:\/\/kamucalisani.net\/wp-content\/uploads\/2024\/06\/canli-4a7tfs17.jpg\"\/><\/img> <\/span> <\/div>\n<\/p><\/div>\n<\/p><\/div>\n<\/p><\/div>\n<\/p><\/div>\n<div>\n<div> <img decoding=\"async\" src=\"https:\/\/kamucalisani.net\/wp-content\/uploads\/2024\/06\/canli-1cktLiuO.jpg\"\/><\/img> <\/p>\n<p><b>Canl\u0131 Anlat\u0131m \u00d6zeti<\/b><\/p>\n<\/div>\n<ul>\n<li> <img decoding=\"async\" src=\"https:\/\/kamucalisani.net\/wp-content\/uploads\/2024\/06\/canli-GAq4YHOp.jpg\"\/><\/img> HIRVAT\u0130STAN M\u0130LL\u0130 TAKIMI <\/li>\n<li> <img decoding=\"async\" src=\"https:\/\/kamucalisani.net\/wp-content\/uploads\/2024\/06\/canli-GAq4YHOp.jpg\"\/><\/img> MACAR\u0130STAN M\u0130LL\u0130 TAKIMI <\/li>\n<li> <img decoding=\"async\" src=\"https:\/\/kamucalisani.net\/wp-content\/uploads\/2024\/06\/canli-GAq4YHOp.jpg\"\/><\/img> \u0130NG\u0130LTERE M\u0130LL\u0130 TAKIMI <\/li>\n<li> <img decoding=\"async\" src=\"https:\/\/kamucalisani.net\/wp-content\/uploads\/2024\/06\/canli-GAq4YHOp.jpg\"\/><\/img> \u0130SPANYA M\u0130LL\u0130 TAKIMI <\/li>\n<\/ul><\/div>\n<\/section>\n<p><\/p>\n<p>Kaynak :\u00a0<span style=\"background-color: rgb(255, 249, 236); color: rgb(55, 58, 60); font-size: 14px;\">http:\/\/www.milliyet.com.tr\/skorer\/live-euro-2024-kadrolari-aciklaniyor-yildizlar-toplulugu-sahaya-cikacak-7138899<\/span><\/p>\n","protected":false},"excerpt":{"rendered":"<p>Almanya&#8217;da d\u00fczenlenecek EURO 2024 \u00f6ncesi tak\u0131mlar nihai kadrolar\u0131n\u0131 a\u00e7\u0131klamaya ba\u015flad\u0131. Dev organizasyonda sahaya \u00e7\u0131kacak y\u0131ld\u0131zlar belli oldu.<\/p>\n","protected":false},"author":1,"featured_media":58473,"comment_status":"open","ping_status":"open","sticky":false,"template":"","format":"standard","meta":{"footnotes":""},"categories":[7],"tags":[342,1212,2601,2166],"class_list":["post-58472","post","type-post","status-publish","format-standard","has-post-thumbnail","hentry","category-spor","tag-euro-2024","tag-kadro","tag-marc","tag-milli-takimi"],"_links":{"self":[{"href":"https:\/\/kamucalisani.net\/index.php\/wp-json\/wp\/v2\/posts\/58472","targetHints":{"allow":["GET"]}}],"collection":[{"href":"https:\/\/kamucalisani.net\/index.php\/wp-json\/wp\/v2\/posts"}],"about":[{"href":"https:\/\/kamucalisani.net\/index.php\/wp-json\/wp\/v2\/types\/post"}],"author":[{"embeddable":true,"href":"https:\/\/kamucalisani.net\/index.php\/wp-json\/wp\/v2\/users\/1"}],"replies":[{"embeddable":true,"href":"https:\/\/kamucalisani.net\/index.php\/wp-json\/wp\/v2\/comments?post=58472"}],"version-history":[{"count":1,"href":"https:\/\/kamucalisani.net\/index.php\/wp-json\/wp\/v2\/posts\/58472\/revisions"}],"predecessor-version":[{"id":58484,"href":"https:\/\/kamucalisani.net\/index.php\/wp-json\/wp\/v2\/posts\/58472\/revisions\/58484"}],"wp:featuredmedia":[{"embeddable":true,"href":"https:\/\/kamucalisani.net\/index.php\/wp-json\/wp\/v2\/media\/58473"}],"wp:attachment":[{"href":"https:\/\/kamucalisani.net\/index.php\/wp-json\/wp\/v2\/media?parent=58472"}],"wp:term":[{"taxonomy":"category","embeddable":true,"href":"https:\/\/kamucalisani.net\/index.php\/wp-json\/wp\/v2\/categories?post=58472"},{"taxonomy":"post_tag","embeddable":true,"href":"https:\/\/kamucalisani.net\/index.php\/wp-json\/wp\/v2\/tags?post=58472"}],"curies":[{"name":"wp","href":"https:\/\/api.w.org\/{rel}","templated":true}]}}