{"id":58485,"date":"2024-06-23T22:12:05","date_gmt":"2024-06-23T22:12:05","guid":{"rendered":"https:\/\/kamucalisani.net\/?p=58485"},"modified":"2024-06-23T22:12:05","modified_gmt":"2024-06-23T22:12:05","slug":"aziz-yildirimdan-ali-koca-super-kupa-tepkisi-korkak-adamlar","status":"publish","type":"post","link":"https:\/\/kamucalisani.net\/index.php\/2024\/06\/23\/aziz-yildirimdan-ali-koca-super-kupa-tepkisi-korkak-adamlar\/","title":{"rendered":"Aziz Y\u0131ld\u0131r\u0131m&#8217;dan Ali Ko\u00e7&#8217;a S\u00fcper Kupa tepkisi! &#8216;Korkak adamlar&#8217;"},"content":{"rendered":"<p><p>Fenerbah\u00e7e Spor Kul\u00fcb\u00fc&#8217;nde ger\u00e7ekle\u015ftirilecek Ola\u011fan Se\u00e7imli Genel Kurul Toplant\u0131s\u0131&#8217;nda ba\u015fkan aday\u0131 olan Aziz Y\u0131ld\u0131r\u0131m, kongreye k\u0131sa bir s\u00fcre kala \u0130stanbul&#8217;da \u00fcyelerle bir araya geldi.<\/p>\n<p>Aziz Y\u0131ld\u0131r\u0131m k\u00fcrs\u00fcye gelirken s\u00f6ylenen mar\u015flar sonras\u0131, &#8220;Dara\u011fac\u0131nda olsak bile son s\u00f6z\u00fcm\u00fcz Fenerbah\u00e7e&#8221; dedi.<\/p>\n<p>Kongreyi kimin kazanaca\u011f\u0131n\u0131n \u00f6nemi olmad\u0131\u011f\u0131n\u0131, kavga edilmemesi gerekti\u011fini belirten Aziz Y\u0131ld\u0131r\u0131m, &#8220;Bu kongrenin sonunda kazanan\u0131n Fenerbah\u00e7e olmas\u0131n\u0131 diliyorum. Birka\u00e7 g\u00fcnd\u00fcr &#8216;Aziz Y\u0131ld\u0131r\u0131m ve arkada\u015flar\u0131 kavga \u00e7\u0131karacak&#8217; diyorlar. 2018&#8217;de de ayn\u0131 \u015feyleri s\u00f6yl\u00fcyorlard\u0131 ama hi\u00e7bir \u015fey olmad\u0131. Biz Fenerbah\u00e7e&#8217;nin tarihine leke s\u00fcrmeyece\u011fiz. Kavga etmeyece\u011fiz, burada s\u00f6yl\u00fcyorum. Aziz Y\u0131ld\u0131r\u0131m, Ali Ko\u00e7 kazanm\u0131\u015f \u00f6nemli de\u011fil&#8221; ifadelerini kulland\u0131.<\/p>\n<p>Ali Ko\u00e7 ve kurmaylar\u0131n\u0131n, S\u00fcper Kupa ma\u00e7\u0131na U19 Tak\u0131m\u0131&#8217;yla \u00e7\u0131kmas\u0131na tepki g\u00f6steren Aziz Y\u0131ld\u0131r\u0131m, &#8220;2 Nisan&#8217;da kongreye gittiniz. Kendi kafalar\u0131nda olan Fenerbah\u00e7e&#8217;yi Urfa&#8217;da U19 ile sahaya \u00e7\u0131kararak gelecek cezalar\u0131 kongreye y\u0131kmak istediler. Korkak adamlar&#8221; dedi.<\/p>\n<p>Fenerbah\u00e7e&#8217;nin her zaman kazanmak i\u00e7in sahaya \u00e7\u0131kmas\u0131 gerekti\u011fini vurgulayan Aziz Y\u0131ld\u0131r\u0131m, &#8220;Fenerbah\u00e7e her yerde kazanmak i\u00e7in oynar. Bunun d\u0131\u015f\u0131nda bir \u015fey d\u00fc\u015f\u00fcn\u00fclemez. Biz padi\u015fahlar\u0131n gasp\u0131na u\u011fram\u0131\u015f bir kul\u00fcb\u00fcz. Biz Kuva-yi Milliye hareketine \u00f6nc\u00fcl\u00fck etmi\u015f bir kul\u00fcb\u00fcz. 3 Temmuz&#8217;da da bunu g\u00f6sterdik. 3 Temmuz&#8217;da sar\u0131-lacivert bir duvara rastlad\u0131lar. Biz \u015fike yapmad\u0131k, yapsayd\u0131k s\u00f6ylerdik&#8221; ifadelerini kulland\u0131.<\/p>\n<p>Kongre \u00fcyelerinin k\u00fcf\u00fcrl\u00fc tezah\u00fcrat\u0131 sonras\u0131 araya giren Aziz Y\u0131ld\u0131r\u0131m, &#8220;L\u00fctfen k\u00fcf\u00fcr etmeyelim, herkese sayg\u0131 g\u00f6sterelim&#8221; \u015feklinde konu\u015ftu.<\/p>\n<p>Ali Ko\u00e7&#8217;un \u015eekip Mosturo\u011flu ile ilgili s\u00f6zlerine dikkat \u00e7eken Aziz Y\u0131ld\u0131r\u0131m, &#8220;Ali Bey, &#8216;Se\u00e7ilirsem \u015eekip Bey ile \u00e7al\u0131\u015fmam&#8217; diyor. Maalesef Fenerbah\u00e7e&#8217;de demokrasi yok. Odas\u0131nda oturuyormu\u015f, gelenlere beni s\u00f6yl\u00fcyormu\u015f. Karde\u015fim sen kul\u00fcb\u00fcn b\u00fct\u00fcn tesislerini Fenerbah\u00e7elilere kapatt\u0131n. &#8216;Kul\u00fcp sat\u0131lsa fena olmaz&#8217; falan diyor \u015fimdi. \u015eunu bil Ali Ko\u00e7; Fenerbah\u00e7e halk\u0131n tak\u0131m\u0131d\u0131r, Fenerbah\u00e7elilerindir. Kimse alamaz, \u00f6yle kolay de\u011fil. Sizlerin paras\u0131 bunu almaya yetmez. &#8216;Memleket elden gidiyor&#8217; demi\u015ftim, dikkat edin Fenerbah\u00e7e de elden gidecek. Benim derdim ba\u015fkan olmak de\u011fil, bu gidi\u015fata \u00e7omak sokmakt\u0131r. Bir d\u00f6nem istiyorum sizden sadece&#8221; dedi.<\/p>\n<p>Ali Ko\u00e7&#8217;un kendisini Fenerbah\u00e7e&#8217;nin g\u00fcc\u00fcn\u00fcn \u00fcst\u00fcnde g\u00f6rd\u00fc\u011f\u00fcn\u00fc belirten Aziz Y\u0131ld\u0131r\u0131m, &#8220;Fenerbah\u00e7e&#8217;nin kamusal g\u00fcc\u00fc vard\u0131r. Say\u0131n Ali Ko\u00e7, Fenerbah\u00e7e&#8217;nin g\u00fcc\u00fcn\u00fcn \u00fcst\u00fcnde g\u00f6rd\u00fc\u011f\u00fc i\u00e7in kendini bu s\u0131k\u0131nt\u0131lar\u0131 ya\u015fam\u0131\u015ft\u0131r. Daha da ya\u015fayacakt\u0131r&#8221; yorumunda bulundu.<\/p>\n<p>Jose Mourinho&#8217;yu a\u00e7\u0131klad\u0131\u011f\u0131 d\u00f6nemde yap\u0131lan ele\u015ftirilere dikkat \u00e7eken Aziz Y\u0131ld\u0131r\u0131m, &#8220;Se\u00e7ildi\u011fimde \u015fampiyon yapamazsam ilk y\u0131l b\u0131rakaca\u011f\u0131m. Teknik direkt\u00f6r\u00fcn ad\u0131n\u0131 ben lanse ettim. Onlar\u0131n b\u00fct\u00fcn kalem\u015f\u00f6rleri &#8217;45 milyon euro, bu para nas\u0131l \u00f6denir?&#8217; diye yazmaya ba\u015flad\u0131lar. Bunlar Fenerbah\u00e7eli de\u011fildir. Bu hoca gelmi\u015ftir&#8221; a\u00e7\u0131klamas\u0131n\u0131 yapt\u0131.<\/p>\n<p>Aziz Y\u0131ld\u0131r\u0131m \u015fu \u015fekilde devam etti: &#8220;Se\u00e7ilmeden \u00f6nce Ersun Yanal&#8217;\u0131 isteyen bir kongre \u00fcyesine &#8216;Siz benim hayallerimdeki Fenerbah\u00e7e&#8217;yi anlamam\u0131\u015fs\u0131n\u0131z&#8217; dedi. Sonra getirdi. Hayalleri Rambo Okan&#8217;a yanak vermek.&#8221;<\/p>\n\n<p><\/p>\n<p>Kaynak :\u00a0<span style=\"background-color: rgb(255, 249, 236); color: rgb(55, 58, 60); font-size: 14px;\">http:\/\/www.milliyet.com.tr\/skorer\/aziz-yildirimdan-ali-koca-super-kupa-tepkisi-korkak-adamlar-7138902<\/span><\/p>\n","protected":false},"excerpt":{"rendered":"<p>Fenerbah\u00e7e Kul\u00fcb\u00fc&#8217;nde 9 Haziran Pazar g\u00fcn\u00fc ger\u00e7ekle\u015ftirilecek Ola\u011fan Se\u00e7imli Genel Kurul Toplant\u0131s\u0131&#8217;nda Ali Ko\u00e7 ile yar\u0131\u015facak olan Aziz Y\u0131ld\u0131r\u0131m, kongre \u00fcyeleriyle bulu\u015ftu.<\/p>\n","protected":false},"author":1,"featured_media":58486,"comment_status":"open","ping_status":"open","sticky":false,"template":"","format":"standard","meta":{"footnotes":""},"categories":[7],"tags":[1104,376,184,2602],"class_list":["post-58485","post","type-post","status-publish","format-standard","has-post-thumbnail","hentry","category-spor","tag-ali-koc","tag-aziz-yildirim","tag-fenerbahce","tag-kongre"],"_links":{"self":[{"href":"https:\/\/kamucalisani.net\/index.php\/wp-json\/wp\/v2\/posts\/58485","targetHints":{"allow":["GET"]}}],"collection":[{"href":"https:\/\/kamucalisani.net\/index.php\/wp-json\/wp\/v2\/posts"}],"about":[{"href":"https:\/\/kamucalisani.net\/index.php\/wp-json\/wp\/v2\/types\/post"}],"author":[{"embeddable":true,"href":"https:\/\/kamucalisani.net\/index.php\/wp-json\/wp\/v2\/users\/1"}],"replies":[{"embeddable":true,"href":"https:\/\/kamucalisani.net\/index.php\/wp-json\/wp\/v2\/comments?post=58485"}],"version-history":[{"count":1,"href":"https:\/\/kamucalisani.net\/index.php\/wp-json\/wp\/v2\/posts\/58485\/revisions"}],"predecessor-version":[{"id":58487,"href":"https:\/\/kamucalisani.net\/index.php\/wp-json\/wp\/v2\/posts\/58485\/revisions\/58487"}],"wp:featuredmedia":[{"embeddable":true,"href":"https:\/\/kamucalisani.net\/index.php\/wp-json\/wp\/v2\/media\/58486"}],"wp:attachment":[{"href":"https:\/\/kamucalisani.net\/index.php\/wp-json\/wp\/v2\/media?parent=58485"}],"wp:term":[{"taxonomy":"category","embeddable":true,"href":"https:\/\/kamucalisani.net\/index.php\/wp-json\/wp\/v2\/categories?post=58485"},{"taxonomy":"post_tag","embeddable":true,"href":"https:\/\/kamucalisani.net\/index.php\/wp-json\/wp\/v2\/tags?post=58485"}],"curies":[{"name":"wp","href":"https:\/\/api.w.org\/{rel}","templated":true}]}}