{"id":59427,"date":"2024-06-25T16:48:05","date_gmt":"2024-06-25T16:48:05","guid":{"rendered":"https:\/\/kamucalisani.net\/?p=59427"},"modified":"2024-06-25T16:48:05","modified_gmt":"2024-06-25T16:48:05","slug":"oneplus-pad-pronun-goruntusu-yayinlandi-en-guclu-android-tablet-mi-olacak","status":"publish","type":"post","link":"https:\/\/kamucalisani.net\/index.php\/2024\/06\/25\/oneplus-pad-pronun-goruntusu-yayinlandi-en-guclu-android-tablet-mi-olacak\/","title":{"rendered":"OnePlus Pad Pro&#8217;nun g\u00f6r\u00fcnt\u00fcs\u00fc yay\u0131nland\u0131: En g\u00fc\u00e7l\u00fc Android tablet mi olacak?"},"content":{"rendered":"<p><figure> <span> <img decoding=\"async\" src=\"https:\/\/kamucalisani.net\/wp-content\/uploads\/2024\/06\/oneplus-pad-pronun-goruntusu-yayinlandi-en-guclu-android-tablet-mi-olacak-0-mUVqYp7W.jpg\"\/> <\/span> OnePlus, 27 Haziran&#8217;da yapaca\u011f\u0131 lansmanda sadece <strong>OnePlus Ace 3 Pro<\/strong> ak\u0131ll\u0131 telefonunu de\u011fil, ayn\u0131 zamanda yeni bir tablet de tan\u0131tacak. \u00c7inli marka <strong>OnePlus Pad Pro<\/strong>\u00a0ad\u0131 alt\u0131nda pazara giri\u015f yapacak cihaz\u0131n ilk resmi g\u00f6r\u00fcnt\u00fcs\u00fcn\u00fc yay\u0131nlad\u0131. <\/figure>\n<p>\u015eirke \u00f6n\u00fcm\u00fczdeki g\u00fcnlerde resmiyet kazanacak modelin &#8220;<strong>en g\u00fc\u00e7l\u00fc Android tablet<\/strong>&#8221; olaca\u011f\u0131n\u0131 iddia ediyor. OnePlus Pad Pro, amiral gemisi Qualcomm <strong>Snapdragon 8 Gen 3<\/strong> i\u015flemci ile kar\u015f\u0131m\u0131za \u00e7\u0131kacak. Hatta bu i\u015flemciyle donat\u0131lm\u0131\u015f <strong>ilk tablet<\/strong> olarak gelecek.<\/p>\n<p><figure> <span> <img decoding=\"async\" src=\"https:\/\/kamucalisani.net\/wp-content\/uploads\/2024\/06\/oneplus-pad-pronun-goruntusu-yayinlandi-en-guclu-android-tablet-mi-olacak-1-COBvrIfs.jpg\"\/> <\/span> <\/figure>\n<\/p>\n<p><b>Neler biliniyor?<\/b><\/p>\n<p>OnePlus Pad Pro, <strong>3K \u00e7\u00f6z\u00fcn\u00fcrl\u00fck<\/strong>, 144 Hz yenileme h\u0131z\u0131 ve 7:5 en-boy oran\u0131na sahip <strong>12.1 in\u00e7 IPS<\/strong> ekran ta\u015f\u0131yacak. Buna ek olarak 16 GB&#8217;a kadar RAM, 512 GB&#8217;a kadar dahili depolama alan\u0131 ve <strong>67W<\/strong> h\u0131zl\u0131 \u015farj destekli <strong>9.510 mAh<\/strong> batarya i\u00e7erece\u011fine dair bilgiler de var.<\/p>\n<p>Tasar\u0131m a\u00e7\u0131s\u0131ndan ise tablet \u00f6nceki modellerin izinden gidecek. Yay\u0131nlanan poster <strong>ince \u00e7er\u00e7eveler<\/strong> ve yuvarlak kamera \u00fcnitesi gibi detaylar\u0131 ortaya koyuyor. Ayr\u0131ca g\u00f6rselde klavyeli k\u0131l\u0131f ve kalem gibi <strong>aksesuarlara<\/strong> yer verildi\u011fini de g\u00f6r\u00fcyoruz.<\/p>\n\n<p>Kaynak\u00a0 :\u00a0<span style=\"background-color: rgb(255, 249, 236); color: rgb(55, 58, 60); font-size: 14px;\">https:\/\/www.donanimhaber.com\/oneplus-pad-pro-ortaya-cikti-en-guclu-android-tablet-mi-olacak&#8211;178712<\/span><\/p>\n","protected":false},"excerpt":{"rendered":"<p>OnePlus, 27 Haziran&#8217;da yapaca\u011f\u0131 lansmanda sadece OnePlus Ace 3 Pro ak\u0131ll\u0131 telefonunu de\u011fil, ayn\u0131 zamanda yeni bir tablet de tan\u0131tacak. \u00c7inli marka OnePlus Pad Pro\u00a0ad\u0131 alt\u0131nda pazara giri\u015f yapacak cihaz\u0131n ilk resmi g\u00f6r\u00fcnt\u00fcs\u00fcn\u00fc yay\u0131nlad\u0131. \u015eirke &#8230;<\/p>\n","protected":false},"author":1,"featured_media":59428,"comment_status":"open","ping_status":"open","sticky":false,"template":"","format":"standard","meta":{"footnotes":""},"categories":[8],"tags":[894],"class_list":["post-59427","post","type-post","status-publish","format-standard","has-post-thumbnail","hentry","category-teknoloji","tag-oneplus"],"_links":{"self":[{"href":"https:\/\/kamucalisani.net\/index.php\/wp-json\/wp\/v2\/posts\/59427","targetHints":{"allow":["GET"]}}],"collection":[{"href":"https:\/\/kamucalisani.net\/index.php\/wp-json\/wp\/v2\/posts"}],"about":[{"href":"https:\/\/kamucalisani.net\/index.php\/wp-json\/wp\/v2\/types\/post"}],"author":[{"embeddable":true,"href":"https:\/\/kamucalisani.net\/index.php\/wp-json\/wp\/v2\/users\/1"}],"replies":[{"embeddable":true,"href":"https:\/\/kamucalisani.net\/index.php\/wp-json\/wp\/v2\/comments?post=59427"}],"version-history":[{"count":1,"href":"https:\/\/kamucalisani.net\/index.php\/wp-json\/wp\/v2\/posts\/59427\/revisions"}],"predecessor-version":[{"id":59431,"href":"https:\/\/kamucalisani.net\/index.php\/wp-json\/wp\/v2\/posts\/59427\/revisions\/59431"}],"wp:featuredmedia":[{"embeddable":true,"href":"https:\/\/kamucalisani.net\/index.php\/wp-json\/wp\/v2\/media\/59428"}],"wp:attachment":[{"href":"https:\/\/kamucalisani.net\/index.php\/wp-json\/wp\/v2\/media?parent=59427"}],"wp:term":[{"taxonomy":"category","embeddable":true,"href":"https:\/\/kamucalisani.net\/index.php\/wp-json\/wp\/v2\/categories?post=59427"},{"taxonomy":"post_tag","embeddable":true,"href":"https:\/\/kamucalisani.net\/index.php\/wp-json\/wp\/v2\/tags?post=59427"}],"curies":[{"name":"wp","href":"https:\/\/api.w.org\/{rel}","templated":true}]}}