{"id":59436,"date":"2024-06-25T17:12:08","date_gmt":"2024-06-25T17:12:08","guid":{"rendered":"https:\/\/kamucalisani.net\/?p=59436"},"modified":"2024-06-25T17:12:08","modified_gmt":"2024-06-25T17:12:08","slug":"iphone-16-serisi-icin-iki-yeni-renk-secenegi-ortaya-cikti","status":"publish","type":"post","link":"https:\/\/kamucalisani.net\/index.php\/2024\/06\/25\/iphone-16-serisi-icin-iki-yeni-renk-secenegi-ortaya-cikti\/","title":{"rendered":"iPhone 16 serisi i\u00e7in iki yeni renk se\u00e7ene\u011fi ortaya \u00e7\u0131kt\u0131"},"content":{"rendered":"<p><figure> <span> <img decoding=\"async\" src=\"https:\/\/kamucalisani.net\/wp-content\/uploads\/2024\/06\/iphone-16-serisi-icin-iki-yeni-renk-secenegi-ortaya-cikti-0-DQVLl9x6.jpg\"\/> <\/span> Apple, geleneksel olarak yeni iPhone\u2019lar\u0131n\u0131 benzer tarihlerde tan\u0131t\u0131yor. Dolay\u0131s\u0131yla iPhone 16 serisinin <strong>eyl\u00fcl <\/strong>ay\u0131nda tan\u0131t\u0131lmas\u0131 bekleniyor. Tasar\u0131msal a\u00e7\u0131dan \u00e7ok fazla de\u011fi\u015fiklikler getirmemesi beklenen iPhone 16 ailesi ile birlikte iki yeni renk se\u00e7ene\u011finin gelece\u011fi iddia ediliyor. Bu renklerin mevcut serideki iki rengin yerini almas\u0131 bekleniyor. <\/figure>\n<p><b>iPhone 16\u2019ya iki yeni renk<\/b><\/p>\n<p>Apple analisti Ming-Chi Kuo\u2019nun aktard\u0131klar\u0131na g\u00f6re <strong>iPhone 16 Pro ve iPhone 16 Pro Max<\/strong> i\u00e7in haz\u0131rlanan renk se\u00e7enekleri Siyah, Beyaz, G\u00fcm\u00fc\u015f, Do\u011fal (Gri) ve <strong>G\u00fcl Titanyum<\/strong> olacak. Bu otomatik olarak, olduk\u00e7a pop\u00fcler olan iPhone 15 Pro&#8217;nun Mavi Titanyum renginin art\u0131k 16 serisi i\u00e7in sunulmayaca\u011f\u0131 ve yerini g\u00fcl rengi se\u00e7ene\u011finin gelece\u011fi anlam\u0131na geliyor. Mavi Titanyum renk se\u00e7ene\u011finin seriden \u00e7\u0131kar\u0131laca\u011f\u0131 \u00f6nceki s\u00f6ylentilerde de dile getirilmi\u015fti.<\/p>\n<p>\u00d6te yandan, <strong>iPhone 16 ve iPhone 16 Plus<\/strong> g\u00f6r\u00fcn\u00fc\u015fe g\u00f6re siyah, ye\u015fil, pembe, mavi ve beyaz renklerde sunulacak. iPhone 15 ve iPhone 15 Plus siyah, ye\u015fil, pembe, mavi ve sar\u0131 renklerde mevcut. Dolay\u0131s\u0131yla mevcut sar\u0131 rengin yerine <strong>beyaz<\/strong> gelecek gibi g\u00f6r\u00fcn\u00fcyor.<\/p>\n<p>Elbette bu renklerin isimlendirmesinde Apple de\u011fi\u015fiklikler yapabilir. Hat\u0131rlanaca\u011f\u0131 \u00fczere firma, iPhone 12\u2019nin beyaz renk se\u00e7ene\u011fini iPhone 13\u2019te Starlight olarak yeniden adland\u0131rm\u0131\u015ft\u0131. Bu nedenle ayn\u0131 olan renklerde de isim de\u011fi\u015fikli\u011fi g\u00f6r\u00fclebilir. Eyl\u00fcl ay\u0131nda tan\u0131t\u0131lmas\u0131 beklenen iPhone 16 serisinde tasar\u0131msal olarak b\u00fcy\u00fck de\u011fi\u015fiklikler beklenmiyor. Yeni bir <strong>Capture<\/strong> d\u00fc\u011fmesine ek olarak kameralar\u0131n dikey olarak d\u00fczenlenmesi beklenen de\u011fi\u015fiklikler aras\u0131nda.<\/p>\n\n<p>Kaynak\u00a0 :\u00a0<span style=\"background-color: rgb(255, 249, 236); color: rgb(55, 58, 60); font-size: 14px;\">https:\/\/www.donanimhaber.com\/iphone-16-serisi-icin-iki-yeni-renk-secenegi-ortaya-cikti&#8211;177482<\/span><\/p>\n","protected":false},"excerpt":{"rendered":"<p>Apple, geleneksel olarak yeni iPhone\u2019lar\u0131n\u0131 benzer tarihlerde tan\u0131t\u0131yor. Dolay\u0131s\u0131yla iPhone 16 serisinin eyl\u00fcl ay\u0131nda tan\u0131t\u0131lmas\u0131 bekleniyor. Tasar\u0131msal a\u00e7\u0131dan \u00e7ok fazla de\u011fi\u015fiklikler getirmemesi beklenen iPhone 16 ailesi ile birlikte iki yeni &#8230;<\/p>\n","protected":false},"author":1,"featured_media":59437,"comment_status":"open","ping_status":"open","sticky":false,"template":"","format":"standard","meta":{"footnotes":""},"categories":[8],"tags":[451,150,2686],"class_list":["post-59436","post","type-post","status-publish","format-standard","has-post-thumbnail","hentry","category-teknoloji","tag-iphone","tag-iphone-16","tag-renk"],"_links":{"self":[{"href":"https:\/\/kamucalisani.net\/index.php\/wp-json\/wp\/v2\/posts\/59436","targetHints":{"allow":["GET"]}}],"collection":[{"href":"https:\/\/kamucalisani.net\/index.php\/wp-json\/wp\/v2\/posts"}],"about":[{"href":"https:\/\/kamucalisani.net\/index.php\/wp-json\/wp\/v2\/types\/post"}],"author":[{"embeddable":true,"href":"https:\/\/kamucalisani.net\/index.php\/wp-json\/wp\/v2\/users\/1"}],"replies":[{"embeddable":true,"href":"https:\/\/kamucalisani.net\/index.php\/wp-json\/wp\/v2\/comments?post=59436"}],"version-history":[{"count":1,"href":"https:\/\/kamucalisani.net\/index.php\/wp-json\/wp\/v2\/posts\/59436\/revisions"}],"predecessor-version":[{"id":59439,"href":"https:\/\/kamucalisani.net\/index.php\/wp-json\/wp\/v2\/posts\/59436\/revisions\/59439"}],"wp:featuredmedia":[{"embeddable":true,"href":"https:\/\/kamucalisani.net\/index.php\/wp-json\/wp\/v2\/media\/59437"}],"wp:attachment":[{"href":"https:\/\/kamucalisani.net\/index.php\/wp-json\/wp\/v2\/media?parent=59436"}],"wp:term":[{"taxonomy":"category","embeddable":true,"href":"https:\/\/kamucalisani.net\/index.php\/wp-json\/wp\/v2\/categories?post=59436"},{"taxonomy":"post_tag","embeddable":true,"href":"https:\/\/kamucalisani.net\/index.php\/wp-json\/wp\/v2\/tags?post=59436"}],"curies":[{"name":"wp","href":"https:\/\/api.w.org\/{rel}","templated":true}]}}