{"id":59525,"date":"2024-06-25T20:36:06","date_gmt":"2024-06-25T20:36:06","guid":{"rendered":"https:\/\/kamucalisani.net\/?p=59525"},"modified":"2024-06-25T20:36:06","modified_gmt":"2024-06-25T20:36:06","slug":"canli-fenerbahce-baskan-adayi-aziz-yildirim-aciklamalarda-bulunuyor","status":"publish","type":"post","link":"https:\/\/kamucalisani.net\/index.php\/2024\/06\/25\/canli-fenerbahce-baskan-adayi-aziz-yildirim-aciklamalarda-bulunuyor\/","title":{"rendered":"CANLI | Fenerbah\u00e7e ba\u015fkan aday\u0131 Aziz Y\u0131ld\u0131r\u0131m a\u00e7\u0131klamalarda bulunuyor"},"content":{"rendered":"<p><p>Fenerbah\u00e7e ba\u015fkan adaylar\u0131ndan Aziz Y\u0131ld\u0131r\u0131m se\u00e7imde oy say\u0131m\u0131 olmad\u0131\u011f\u0131 gerek\u00e7esiyle Vefa K\u00fc\u00e7\u00fck&#8217;\u00fcn se\u00e7imi y\u00f6netme karar\u0131n\u0131n al\u0131nmas\u0131 sonras\u0131 kongreden ayr\u0131ld\u0131 ve Altunizade&#8217;deki se\u00e7im ofisine ge\u00e7ti. Aziz Y\u0131ld\u0131r\u0131m se\u00e7im ofisinde bas\u0131n toplant\u0131s\u0131 d\u00fczenliyor. Canl\u0131 aktar\u0131yoruz&#8230;<\/p>\n<p><strong>Aziz Y\u0131ld\u0131r\u0131m&#8217;\u0131n a\u00e7\u0131klamalar\u0131 \u015fu \u015fekilde:<\/strong><\/p>\n<p>Divan ba\u015fkan\u0131 se\u00e7iminin nas\u0131l odlu bittiye getirildi\u011fini herkes g\u00f6rd\u00fc. Tribn\u00fclerde gerilim t\u0131rmand\u0131. Yer yer kavgalar ba\u015flad\u0131. Divan ba\u015fkamn\u0131 se\u00e7iminde zaten stada kongre \u00fcyesi olmayan insanlar da al\u0131nd\u0131. Tan\u0131yorum, g\u00f6r\u00fcyorum. Taraftar olan ki\u015filer trib\u00fcnlere al\u0131nd\u0131. Ayr\u0131ca g\u00f6revli kart\u0131 da\u011f\u0131t\u0131larak delegelerin d\u00f6rtte biri kadar g\u00f6revli ad\u0131 alt\u0131nda i\u00e7eriye insanlar sokuldu. Vefa beyin ba\u015fkanl\u0131\u011f\u0131n\u0131 isteyenlerin elini kald\u0131rmas\u0131 ve bunlar\u0131 saha i\u00e7inde g\u00f6revli olanlar\u0131n saymas\u0131 laz\u0131md\u0131. Vefa beyi isteyenler \u00e7ift el kald\u0131rd\u0131. Fethi bey hemen &#8216;Vefa bey kazand\u0131. Di\u011fer aday\u0131 oylamaya gerek yok&#8217; dedi. Oylamada kimse neyin ne oldu\u011fun anlamad\u0131. Sonras\u0131nda gerilim ba\u015flad\u0131. Ali Ko\u00e7&#8217;a bu i\u015fe bir \u00e7\u00f6z\u00fcm \u00fcretmelerini yoksa gidece\u011fimis\u00f6yledim. S\u00fckunet \u00e7a\u011fr\u0131s\u0131 yapmak istedim. Kongrenin ba\u015f\u0131nda iki taraf da gerginle\u015fmeye ba\u015flad\u0131. Ali beye y\u00f6neldim. Elini s\u0131kt\u0131m. Divan kurulunun \u00fcslubunun kavgaya yol a\u00e7aca\u011f\u0131n\u0131 kendisine ilettim. Ali bey \u00e7ok gergin bir ifadeyle bana &#8220;Gerekirse kavga edelim&#8221; dedi. Bunu s\u00f6yledikten sonra zaten Vefa bey de ald\u0131r\u0131\u015fs\u0131z bir tav\u0131r i\u00e7indeydi. \u0130stedi\u011fimiz gibi idare ederiz \u015feklinde bir tablo i\u00e7indeydi.<\/p>\n\n<p><\/p>\n<p>Kaynak :\u00a0<span style=\"background-color: rgb(255, 249, 236); color: rgb(55, 58, 60); font-size: 14px;\">http:\/\/www.milliyet.com.tr\/skorer\/canli-fenerbahce-baskan-adayi-aziz-yildirim-aciklamalarda-bulunuyor-7139126<\/span><\/p>\n","protected":false},"excerpt":{"rendered":"<p>Fenerbah\u00e7e ba\u015fkan adaylar\u0131ndan Aziz Y\u0131ld\u0131r\u0131m kongreden ayr\u0131ld\u0131 ve Altunizade&#8217;deki ofisine gitti. Aziz Y\u0131ld\u0131r\u0131m burada bas\u0131n toplant\u0131s\u0131 d\u00fczenliyor. Canl\u0131 aktar\u0131yoruz&#8230;<\/p>\n","protected":false},"author":1,"featured_media":59526,"comment_status":"open","ping_status":"open","sticky":false,"template":"","format":"standard","meta":{"footnotes":""},"categories":[7],"tags":[2694,1316,2695],"class_list":["post-59525","post","type-post","status-publish","format-standard","has-post-thumbnail","hentry","category-spor","tag-bey","tag-secim","tag-vefa"],"_links":{"self":[{"href":"https:\/\/kamucalisani.net\/index.php\/wp-json\/wp\/v2\/posts\/59525","targetHints":{"allow":["GET"]}}],"collection":[{"href":"https:\/\/kamucalisani.net\/index.php\/wp-json\/wp\/v2\/posts"}],"about":[{"href":"https:\/\/kamucalisani.net\/index.php\/wp-json\/wp\/v2\/types\/post"}],"author":[{"embeddable":true,"href":"https:\/\/kamucalisani.net\/index.php\/wp-json\/wp\/v2\/users\/1"}],"replies":[{"embeddable":true,"href":"https:\/\/kamucalisani.net\/index.php\/wp-json\/wp\/v2\/comments?post=59525"}],"version-history":[{"count":1,"href":"https:\/\/kamucalisani.net\/index.php\/wp-json\/wp\/v2\/posts\/59525\/revisions"}],"predecessor-version":[{"id":59527,"href":"https:\/\/kamucalisani.net\/index.php\/wp-json\/wp\/v2\/posts\/59525\/revisions\/59527"}],"wp:featuredmedia":[{"embeddable":true,"href":"https:\/\/kamucalisani.net\/index.php\/wp-json\/wp\/v2\/media\/59526"}],"wp:attachment":[{"href":"https:\/\/kamucalisani.net\/index.php\/wp-json\/wp\/v2\/media?parent=59525"}],"wp:term":[{"taxonomy":"category","embeddable":true,"href":"https:\/\/kamucalisani.net\/index.php\/wp-json\/wp\/v2\/categories?post=59525"},{"taxonomy":"post_tag","embeddable":true,"href":"https:\/\/kamucalisani.net\/index.php\/wp-json\/wp\/v2\/tags?post=59525"}],"curies":[{"name":"wp","href":"https:\/\/api.w.org\/{rel}","templated":true}]}}