{"id":59635,"date":"2024-06-26T01:36:08","date_gmt":"2024-06-26T01:36:08","guid":{"rendered":"https:\/\/kamucalisani.net\/?p=59635"},"modified":"2024-06-26T01:36:08","modified_gmt":"2024-06-26T01:36:08","slug":"bakan-ozhaseki-kayseride-iki-cenazeye-katildi","status":"publish","type":"post","link":"https:\/\/kamucalisani.net\/index.php\/2024\/06\/26\/bakan-ozhaseki-kayseride-iki-cenazeye-katildi\/","title":{"rendered":"Bakan \u00d6zhaseki, Kayseri&#8217;de iki cenazeye kat\u0131ld\u0131"},"content":{"rendered":"<p><p>AK Parti Kayseri Milletvekili Say\u0131n Bayar \u00d6zsoy&#8217;un annesi Hayriye \u00d6zsoy, d\u00fcn ak\u015fam saatlerinde Kayseri \u015eehir Hastanesi&#8217;nde tedavi g\u00f6rd\u00fc\u011f\u00fc yo\u011fun bak\u0131m \u00fcnitesinde hayat\u0131n\u0131 kaybetti.<\/p>\n<p>Kayserispor Ba\u015fkan\u0131 Ali \u00c7aml\u0131&#8217;n\u0131n, Almanya&#8217;n\u0131n Hannover kentinde imam olarak g\u00f6rev yapan amcas\u0131n\u0131n o\u011flu M\u00fcnir \u00c7aml\u0131 ise 1 Haziran&#8217;da ge\u00e7irdi\u011fi motosiklet kazas\u0131nda ya\u015fam\u0131n\u0131 yitirdi.<\/p>\n<p>Cenazeler, Yahyal\u0131 il\u00e7esindeki Cami-i Kebir Camii&#8217;ne getirildi. Burada k\u0131l\u0131nan cenaze namaz\u0131na, \u00c7evre, \u015eehircilik ve \u0130klim De\u011fi\u015fikli\u011fi Bakan\u0131 Mehmet \u00d6zhaseki, Vali G\u00f6kmen \u00c7i\u00e7ek, AK Parti Kayseri Milletvekilleri Murat Cahid C\u0131ng\u0131 ile Say\u0131n Bayar \u00d6zsoy, MHP Kayseri Milletvekili Baki Ersoy, Kayserispor Ba\u015fkan\u0131 Ali \u00c7aml\u0131, il temsilcileri ve \u00f6lenlerin aileler ile yak\u0131nlar\u0131 ve \u00e7ok say\u0131da vatanda\u015f kat\u0131ld\u0131. Hayriye \u00d6zsoy ile M\u00fcnir \u00c7aml\u0131, k\u0131l\u0131nan namaz\u0131n ard\u0131ndan, Yahyal\u0131 Ah\u00e7\u0131l\u0131 Mezarl\u0131\u011f\u0131&#8217;nda topra\u011fa verildi.<\/p>\n\n<p><\/p>\n<p>Kaynak :\u00a0<span style=\"background-color: rgb(255, 249, 236); color: rgb(55, 58, 60); font-size: 14px;\">http:\/\/www.milliyet.com.tr\/gundem\/bakan-ozhaseki-kayseride-iki-cenazeye-katildi-7139170<\/span><\/p>\n","protected":false},"excerpt":{"rendered":"<p>\u00c7evre, \u015eehircilik ve \u0130klim De\u011fi\u015fikli\u011fi Bakan\u0131 Mehmet \u00d6zhaseki, AK Parti Kayseri Milletvekili Say\u0131n Bayar \u00d6zsoy&#8217;un annesi Hayriye \u00d6zsoy (96) ve Kayserispor Ba\u015fkan\u0131 Ali \u00c7aml\u0131&#8217;n\u0131n amcas\u0131n\u0131n o\u011flu M\u00fcnir \u00c7aml\u0131&#8217;n\u0131n (52) cenazelerine kat\u0131ld\u0131.<\/p>\n","protected":false},"author":1,"featured_media":59636,"comment_status":"open","ping_status":"open","sticky":false,"template":"","format":"standard","meta":{"footnotes":""},"categories":[3],"tags":[1175],"class_list":["post-59635","post","type-post","status-publish","format-standard","has-post-thumbnail","hentry","category-guncel","tag-kayseri"],"_links":{"self":[{"href":"https:\/\/kamucalisani.net\/index.php\/wp-json\/wp\/v2\/posts\/59635","targetHints":{"allow":["GET"]}}],"collection":[{"href":"https:\/\/kamucalisani.net\/index.php\/wp-json\/wp\/v2\/posts"}],"about":[{"href":"https:\/\/kamucalisani.net\/index.php\/wp-json\/wp\/v2\/types\/post"}],"author":[{"embeddable":true,"href":"https:\/\/kamucalisani.net\/index.php\/wp-json\/wp\/v2\/users\/1"}],"replies":[{"embeddable":true,"href":"https:\/\/kamucalisani.net\/index.php\/wp-json\/wp\/v2\/comments?post=59635"}],"version-history":[{"count":1,"href":"https:\/\/kamucalisani.net\/index.php\/wp-json\/wp\/v2\/posts\/59635\/revisions"}],"predecessor-version":[{"id":59637,"href":"https:\/\/kamucalisani.net\/index.php\/wp-json\/wp\/v2\/posts\/59635\/revisions\/59637"}],"wp:featuredmedia":[{"embeddable":true,"href":"https:\/\/kamucalisani.net\/index.php\/wp-json\/wp\/v2\/media\/59636"}],"wp:attachment":[{"href":"https:\/\/kamucalisani.net\/index.php\/wp-json\/wp\/v2\/media?parent=59635"}],"wp:term":[{"taxonomy":"category","embeddable":true,"href":"https:\/\/kamucalisani.net\/index.php\/wp-json\/wp\/v2\/categories?post=59635"},{"taxonomy":"post_tag","embeddable":true,"href":"https:\/\/kamucalisani.net\/index.php\/wp-json\/wp\/v2\/tags?post=59635"}],"curies":[{"name":"wp","href":"https:\/\/api.w.org\/{rel}","templated":true}]}}