{"id":60128,"date":"2024-06-26T19:00:06","date_gmt":"2024-06-26T19:00:06","guid":{"rendered":"https:\/\/kamucalisani.net\/?p=60128"},"modified":"2024-06-26T19:00:06","modified_gmt":"2024-06-26T19:00:06","slug":"abdulkadir-omurden-euro-2024-tepkisi-kirginim","status":"publish","type":"post","link":"https:\/\/kamucalisani.net\/index.php\/2024\/06\/26\/abdulkadir-omurden-euro-2024-tepkisi-kirginim\/","title":{"rendered":"Abd\u00fclkadir \u00d6m\u00fcr&#8217;den EURO 2024 tepkisi! &#8216;K\u0131rg\u0131n\u0131m&#8217;"},"content":{"rendered":"<p><p>Vincenzo Montella, Almanya&#8217;da d\u00fczenlenecek 26 ki\u015filik EURO 2024 kadrosunda Abd\u00fclkadir \u00d6m\u00fcr&#8217;e yer vermedi. Abd\u00fclkadir \u00d6m\u00fcr, Vincenzo Montella&#8217;n\u0131n EURO 2024 tercihi sonras\u0131 suskunlu\u011funu bozdu.<\/p>\n<p>Kadroda olmad\u0131\u011f\u0131 i\u00e7in \u00fczg\u00fcn ve k\u0131rg\u0131n oldu\u011funu belirten Abd\u00fclkadir \u00d6m\u00fcr, &#8220;Avrupa \u015eampiyonas\u0131 kadrosuna dahil edilmedi\u011fim i\u00e7in \u00e7ok \u00fczg\u00fcn ve k\u0131rg\u0131n\u0131m. Finallerde forma \u015fans\u0131 elde etmek hem hayalim hem de hedeflerim aras\u0131ndayd\u0131. \u015eampiyonada oynayarak tak\u0131m arkada\u015flar\u0131mla omuz omuza m\u00fccadele etmeyi \u00e7ok istiyordum ve faydal\u0131 olaca\u011f\u0131ma da t\u00fcm kalbimle inan\u0131yordum&#8221; dedi.<\/p>\n<p>Sports Digitale&#8217;e konu\u015fan Abd\u00fclkadir \u00d6m\u00fcr son olarak, &#8220;\u015eanl\u0131 ay-y\u0131ld\u0131zl\u0131 formam\u0131z\u0131n hakk\u0131n\u0131 vermek i\u00e7in m\u00fccadele edecek t\u00fcm tak\u0131m arkada\u015flar\u0131ma ba\u015far\u0131lar dilerim&#8221; ifadelerini kulland\u0131.<\/p>\n\n<p><\/p>\n<p>Kaynak :\u00a0<span style=\"background-color: rgb(255, 249, 236); color: rgb(55, 58, 60); font-size: 14px;\">http:\/\/www.milliyet.com.tr\/skorer\/abdulkadir-omurden-euro-2024-tepkisi-kirginim-7139327<\/span><\/p>\n","protected":false},"excerpt":{"rendered":"<p>A Milli Futbol Tak\u0131m\u0131&#8217;n\u0131n EURO 2024 kadrosunda yer almayan Abd\u00fclkadir \u00d6m\u00fcr suskunlu\u011funu bozdu.<\/p>\n","protected":false},"author":1,"featured_media":60129,"comment_status":"open","ping_status":"open","sticky":false,"template":"","format":"standard","meta":{"footnotes":""},"categories":[7],"tags":[],"class_list":["post-60128","post","type-post","status-publish","format-standard","has-post-thumbnail","hentry","category-spor"],"_links":{"self":[{"href":"https:\/\/kamucalisani.net\/index.php\/wp-json\/wp\/v2\/posts\/60128","targetHints":{"allow":["GET"]}}],"collection":[{"href":"https:\/\/kamucalisani.net\/index.php\/wp-json\/wp\/v2\/posts"}],"about":[{"href":"https:\/\/kamucalisani.net\/index.php\/wp-json\/wp\/v2\/types\/post"}],"author":[{"embeddable":true,"href":"https:\/\/kamucalisani.net\/index.php\/wp-json\/wp\/v2\/users\/1"}],"replies":[{"embeddable":true,"href":"https:\/\/kamucalisani.net\/index.php\/wp-json\/wp\/v2\/comments?post=60128"}],"version-history":[{"count":1,"href":"https:\/\/kamucalisani.net\/index.php\/wp-json\/wp\/v2\/posts\/60128\/revisions"}],"predecessor-version":[{"id":60130,"href":"https:\/\/kamucalisani.net\/index.php\/wp-json\/wp\/v2\/posts\/60128\/revisions\/60130"}],"wp:featuredmedia":[{"embeddable":true,"href":"https:\/\/kamucalisani.net\/index.php\/wp-json\/wp\/v2\/media\/60129"}],"wp:attachment":[{"href":"https:\/\/kamucalisani.net\/index.php\/wp-json\/wp\/v2\/media?parent=60128"}],"wp:term":[{"taxonomy":"category","embeddable":true,"href":"https:\/\/kamucalisani.net\/index.php\/wp-json\/wp\/v2\/categories?post=60128"},{"taxonomy":"post_tag","embeddable":true,"href":"https:\/\/kamucalisani.net\/index.php\/wp-json\/wp\/v2\/tags?post=60128"}],"curies":[{"name":"wp","href":"https:\/\/api.w.org\/{rel}","templated":true}]}}