{"id":60897,"date":"2024-07-08T03:48:06","date_gmt":"2024-07-08T03:48:06","guid":{"rendered":"https:\/\/kamucalisani.net\/?p=60897"},"modified":"2024-07-08T03:48:06","modified_gmt":"2024-07-08T03:48:06","slug":"ilave-tediyenin-ilk-yarisi-14-haziranda-odenecek","status":"publish","type":"post","link":"https:\/\/kamucalisani.net\/index.php\/2024\/07\/08\/ilave-tediyenin-ilk-yarisi-14-haziranda-odenecek\/","title":{"rendered":"\u0130lave tediyenin ilk yar\u0131s\u0131\u00a014 Haziran\u2019da \u00f6denecek"},"content":{"rendered":"<p><p>6772 say\u0131l\u0131 Kanun kapsam\u0131na giren kurumlarda \u00e7al\u0131\u015fan i\u015f\u00e7ilere 2024 y\u0131l\u0131nda verilecek ilave tediyenin s\u00fcrelerinin belirlenmesi hakk\u0131nda Cumhurba\u015fkan\u0131 karar\u0131 Resmi Gazete\u2019de yay\u0131mland\u0131. Kanun kapsam\u0131na giren kurumlarda \u00e7al\u0131\u015fan i\u015f\u00e7ilere 2024 y\u0131l\u0131nda verilecek olan ilave tediyenin birinci yar\u0131s\u0131 14 Haziran tarihinde \u00f6denecek.\u00a0\u00d6demenin ikinci yar\u0131s\u0131 ise 13 Aral\u0131k tarihinde yap\u0131lacak ve i\u015f\u00e7iler tediye \u00f6demelerini iki taksit halinde alm\u0131\u015f olacak.<\/p>\n<p><strong>\u0130kramiye \u00f6dene\u011fi<\/strong><\/p>\n<p>Tadiye; genel ve katma b\u00fct\u00e7eli kamu kurumlar\u0131, sermayesinin yar\u0131s\u0131ndan fazlas\u0131 devlete ait olan \u015firket ve kurumlar ve belediyelerde \u00e7al\u0131\u015fan i\u015f\u00e7i stat\u00fcs\u00fcnde \u00e7al\u0131\u015fan personele \u00fccret sistemlerine bak\u0131lmaks\u0131z\u0131n her y\u0131l i\u00e7in bir ayl\u0131k tutar\u0131nda devlet\u00e7e verilen ikramiye \u00f6dene\u011fidir.<\/p>\n<p>\u00a0<\/p>\n\n<p><\/p>\n<p>Kaynak :\u00a0<span style=\"background-color: rgb(255, 249, 236); color: rgb(55, 58, 60); font-size: 14px;\">http:\/\/www.milliyet.com.tr\/ekonomi\/ilave-tediyenin-ilk-yarisi-14-haziranda-odenecek-7139383<\/span><\/p>\n","protected":false},"excerpt":{"rendered":"<p>Devlet ve ba\u011fl\u0131 kurumlarda \u00e7al\u0131\u015fan i\u015f\u00e7ilerin ilave tediye \u00f6demelerinin ilk ve ikinci yar\u0131s\u0131yla ilgili a\u00e7\u0131klama geldi. Kamuda \u00e7al\u0131\u015fan i\u015f\u00e7ilere 2024 y\u0131l\u0131 ikramiye \u00f6demeleri haziran ve aral\u0131k olmak \u00fczere iki taksit halinde yap\u0131lacak.<\/p>\n","protected":false},"author":1,"featured_media":60898,"comment_status":"open","ping_status":"open","sticky":false,"template":"","format":"standard","meta":{"footnotes":""},"categories":[2],"tags":[],"class_list":["post-60897","post","type-post","status-publish","format-standard","has-post-thumbnail","hentry","category-ekonomi"],"_links":{"self":[{"href":"https:\/\/kamucalisani.net\/index.php\/wp-json\/wp\/v2\/posts\/60897","targetHints":{"allow":["GET"]}}],"collection":[{"href":"https:\/\/kamucalisani.net\/index.php\/wp-json\/wp\/v2\/posts"}],"about":[{"href":"https:\/\/kamucalisani.net\/index.php\/wp-json\/wp\/v2\/types\/post"}],"author":[{"embeddable":true,"href":"https:\/\/kamucalisani.net\/index.php\/wp-json\/wp\/v2\/users\/1"}],"replies":[{"embeddable":true,"href":"https:\/\/kamucalisani.net\/index.php\/wp-json\/wp\/v2\/comments?post=60897"}],"version-history":[{"count":1,"href":"https:\/\/kamucalisani.net\/index.php\/wp-json\/wp\/v2\/posts\/60897\/revisions"}],"predecessor-version":[{"id":60899,"href":"https:\/\/kamucalisani.net\/index.php\/wp-json\/wp\/v2\/posts\/60897\/revisions\/60899"}],"wp:featuredmedia":[{"embeddable":true,"href":"https:\/\/kamucalisani.net\/index.php\/wp-json\/wp\/v2\/media\/60898"}],"wp:attachment":[{"href":"https:\/\/kamucalisani.net\/index.php\/wp-json\/wp\/v2\/media?parent=60897"}],"wp:term":[{"taxonomy":"category","embeddable":true,"href":"https:\/\/kamucalisani.net\/index.php\/wp-json\/wp\/v2\/categories?post=60897"},{"taxonomy":"post_tag","embeddable":true,"href":"https:\/\/kamucalisani.net\/index.php\/wp-json\/wp\/v2\/tags?post=60897"}],"curies":[{"name":"wp","href":"https:\/\/api.w.org\/{rel}","templated":true}]}}