{"id":61336,"date":"2024-07-08T22:00:06","date_gmt":"2024-07-08T22:00:06","guid":{"rendered":"https:\/\/kamucalisani.net\/?p=61336"},"modified":"2024-07-08T22:00:06","modified_gmt":"2024-07-08T22:00:06","slug":"kahramanmarasta-deprem-naci-gorurden-kritik-fay-aciklamasi","status":"publish","type":"post","link":"https:\/\/kamucalisani.net\/index.php\/2024\/07\/08\/kahramanmarasta-deprem-naci-gorurden-kritik-fay-aciklamasi\/","title":{"rendered":"Kahramanmara\u015f&#8217;ta deprem! Naci G\u00f6r\u00fcr&#8217;den kritik fay a\u00e7\u0131klamas\u0131"},"content":{"rendered":"<p><p>AFAD\u2019\u0131n payla\u015ft\u0131\u011f\u0131 bilgilere g\u00f6re, Kahramanmara\u015f\u2019\u0131n G\u00f6ksun il\u00e7esinde saat 06.31\u2019de 4.3 b\u00fcy\u00fckl\u00fc\u011f\u00fcnde deprem meydana geldi. Depremin derinli\u011fi ise 7 kilometre olarak \u00f6l\u00e7\u00fcld\u00fc.<\/p>\n<p>Yer Bilimci ve Deprem Uzman\u0131 Prof. Dr. Naci G\u00f6r\u00fcr, depremin Savrun ve \u00c7ardak faylar\u0131 aras\u0131nda ger\u00e7ekle\u015fti\u011fini belirterek, 6 \u015eubat 7,6 depreminin de \u00c7ardak Fay\u0131 \u00fczerinde oldu\u011funu hat\u0131rlatt\u0131.<\/p>\n<p>Prof. Dr. G\u00f6r\u00fcr, \u201cArkada\u015flar, bug\u00fcn G\u00f6ksun-Ac\u0131elma\/Kahramanmara\u015f\u2019ta 4,3 s\u0131\u011f bir deprem oldu. Deprem Savrun Fay\u0131n\u0131n G\u00f6ksun yak\u0131nlar\u0131nda \u00c7ardak Fay\u0131 ile kasi\u015fme b\u00f6lgesinde. 6 \u015eubat 7,6 depremi \u00c7ardak Fay\u0131 \u00fczerinde olmu\u015ftu. Savrun Fay\u0131n\u0131n stres transferi ile belirli bir oranda y\u00fcklenmi\u015f olabilece\u011fini d\u00fc\u015f\u00fcn\u00fcyoruz\u201d<\/p>\n\n<p><\/p>\n<p>Kaynak :\u00a0<span style=\"background-color: rgb(255, 249, 236); color: rgb(55, 58, 60); font-size: 14px;\">http:\/\/www.milliyet.com.tr\/gundem\/kahramanmarasta-deprem-naci-gorurden-kritik-fay-aciklamasi-7139563<\/span><\/p>\n","protected":false},"excerpt":{"rendered":"<p>Afet ve Acil Durum Y\u00f6netimi Ba\u015fkanl\u0131\u011f\u0131 (AFAD) Kahramanmara\u015f\u2019\u0131n G\u00f6ksun il\u00e7esinde 4.3 b\u00fcy\u00fckl\u00fc\u011f\u00fcnde deprem meydana geldi\u011fini a\u00e7\u0131klad\u0131. Yer Bilimci ve Deprem Uzman\u0131 Prof. Dr. Naci G\u00f6r\u00fcr, deprem sonras\u0131 a\u00e7\u0131klamalarda bulundu.<\/p>\n","protected":false},"author":1,"featured_media":61337,"comment_status":"open","ping_status":"open","sticky":false,"template":"","format":"standard","meta":{"footnotes":""},"categories":[3],"tags":[583,1059],"class_list":["post-61336","post","type-post","status-publish","format-standard","has-post-thumbnail","hentry","category-guncel","tag-deprem","tag-fayi"],"_links":{"self":[{"href":"https:\/\/kamucalisani.net\/index.php\/wp-json\/wp\/v2\/posts\/61336","targetHints":{"allow":["GET"]}}],"collection":[{"href":"https:\/\/kamucalisani.net\/index.php\/wp-json\/wp\/v2\/posts"}],"about":[{"href":"https:\/\/kamucalisani.net\/index.php\/wp-json\/wp\/v2\/types\/post"}],"author":[{"embeddable":true,"href":"https:\/\/kamucalisani.net\/index.php\/wp-json\/wp\/v2\/users\/1"}],"replies":[{"embeddable":true,"href":"https:\/\/kamucalisani.net\/index.php\/wp-json\/wp\/v2\/comments?post=61336"}],"version-history":[{"count":1,"href":"https:\/\/kamucalisani.net\/index.php\/wp-json\/wp\/v2\/posts\/61336\/revisions"}],"predecessor-version":[{"id":61338,"href":"https:\/\/kamucalisani.net\/index.php\/wp-json\/wp\/v2\/posts\/61336\/revisions\/61338"}],"wp:featuredmedia":[{"embeddable":true,"href":"https:\/\/kamucalisani.net\/index.php\/wp-json\/wp\/v2\/media\/61337"}],"wp:attachment":[{"href":"https:\/\/kamucalisani.net\/index.php\/wp-json\/wp\/v2\/media?parent=61336"}],"wp:term":[{"taxonomy":"category","embeddable":true,"href":"https:\/\/kamucalisani.net\/index.php\/wp-json\/wp\/v2\/categories?post=61336"},{"taxonomy":"post_tag","embeddable":true,"href":"https:\/\/kamucalisani.net\/index.php\/wp-json\/wp\/v2\/tags?post=61336"}],"curies":[{"name":"wp","href":"https:\/\/api.w.org\/{rel}","templated":true}]}}