{"id":62203,"date":"2024-07-10T12:24:10","date_gmt":"2024-07-10T12:24:10","guid":{"rendered":"https:\/\/kamucalisani.net\/?p=62203"},"modified":"2024-07-10T12:24:10","modified_gmt":"2024-07-10T12:24:10","slug":"canakkalede-korkunc-kaza-tir-ile-motosiklet-carpisti-2-olu","status":"publish","type":"post","link":"https:\/\/kamucalisani.net\/index.php\/2024\/07\/10\/canakkalede-korkunc-kaza-tir-ile-motosiklet-carpisti-2-olu\/","title":{"rendered":"\u00c7anakkale\u2019de korkun\u00e7 kaza! TIR ile motosiklet \u00e7arp\u0131\u015ft\u0131: 2 \u00f6l\u00fc"},"content":{"rendered":"<p><p>Kaza, saat 18.00 s\u0131ralar\u0131nda merkeze ba\u011fl\u0131 Sar\u0131beyli k\u00f6y\u00fc yak\u0131nlar\u0131nda meydana geldi. Tahir K. y\u00f6netimindeki 43 EV 093 plakal\u0131 TIR, plakas\u0131 ve s\u00fcr\u00fcc\u00fcs\u00fc \u00f6\u011frenilemeyen motosiklet ile \u00e7arp\u0131\u015ft\u0131. Kazay\u0131 g\u00f6ren \u00e7evredeki s\u00fcr\u00fcc\u00fclerin ihbar\u0131yla b\u00f6lgeye jandarma ve sa\u011fl\u0131k ekipleri sevk edildi. Olay yerine gelen sa\u011fl\u0131k ekiplerinin yapt\u0131\u011f\u0131 kontrolde, motosiklet s\u00fcr\u00fcc\u00fcs\u00fc Hasan Eker ve yolcu Hasan Emir Tabakl\u0131o\u011flu\u2019nun olay yarinde hayat\u0131n\u0131 kaybetti\u011fi belirlendi. Hasan Eker ve Hasan Emir Tabakl\u0131o\u011flu\u2019nun cans\u0131z bedeni Mehmet Akif Ersoy \u00c7anakkale Devlet Hastanesi morguna kald\u0131r\u0131l\u0131rken, TIR s\u00fcr\u00fcc\u00fcs\u00fc Tahik K. g\u00f6zalt\u0131na al\u0131nd\u0131. \u00d6te yandan, kazada hayat\u0131n\u0131 kaybeden motosiklet s\u00fcr\u00fcc\u00fcs\u00fc Hasan Eker&#8217;in Kayadere K\u00f6y\u00fc Muhtar\u0131 Mustafa Eker&#8217;in o\u011flu oldu\u011fu \u00f6\u011frenildi. Jandarma, kazayla ilgili inceleme ba\u015flatt\u0131.<\/p>\n\n<p><\/p>\n<p>Kaynak :\u00a0<span style=\"background-color: rgb(255, 249, 236); color: rgb(55, 58, 60); font-size: 14px;\">http:\/\/www.milliyet.com.tr\/gundem\/canakkalede-korkunc-kaza-tir-ile-motosiklet-carpisti-2-olu-7139731<\/span><\/p>\n","protected":false},"excerpt":{"rendered":"<p>\u00c7anakkale\u2019nin Merkez il\u00e7esinde, TIR ile \u00e7arp\u0131\u015fan motosikletin s\u00fcr\u00fcc\u00fcs\u00fc Hasan Eker ve yolcu olarak bulunan Hasan Emir Tabakl\u0131o\u011flu hayat\u0131n\u0131 kaybetti.<\/p>\n","protected":false},"author":1,"featured_media":62204,"comment_status":"open","ping_status":"open","sticky":false,"template":"","format":"standard","meta":{"footnotes":""},"categories":[3],"tags":[2949],"class_list":["post-62203","post","type-post","status-publish","format-standard","has-post-thumbnail","hentry","category-guncel","tag-hasan"],"_links":{"self":[{"href":"https:\/\/kamucalisani.net\/index.php\/wp-json\/wp\/v2\/posts\/62203","targetHints":{"allow":["GET"]}}],"collection":[{"href":"https:\/\/kamucalisani.net\/index.php\/wp-json\/wp\/v2\/posts"}],"about":[{"href":"https:\/\/kamucalisani.net\/index.php\/wp-json\/wp\/v2\/types\/post"}],"author":[{"embeddable":true,"href":"https:\/\/kamucalisani.net\/index.php\/wp-json\/wp\/v2\/users\/1"}],"replies":[{"embeddable":true,"href":"https:\/\/kamucalisani.net\/index.php\/wp-json\/wp\/v2\/comments?post=62203"}],"version-history":[{"count":1,"href":"https:\/\/kamucalisani.net\/index.php\/wp-json\/wp\/v2\/posts\/62203\/revisions"}],"predecessor-version":[{"id":62205,"href":"https:\/\/kamucalisani.net\/index.php\/wp-json\/wp\/v2\/posts\/62203\/revisions\/62205"}],"wp:featuredmedia":[{"embeddable":true,"href":"https:\/\/kamucalisani.net\/index.php\/wp-json\/wp\/v2\/media\/62204"}],"wp:attachment":[{"href":"https:\/\/kamucalisani.net\/index.php\/wp-json\/wp\/v2\/media?parent=62203"}],"wp:term":[{"taxonomy":"category","embeddable":true,"href":"https:\/\/kamucalisani.net\/index.php\/wp-json\/wp\/v2\/categories?post=62203"},{"taxonomy":"post_tag","embeddable":true,"href":"https:\/\/kamucalisani.net\/index.php\/wp-json\/wp\/v2\/tags?post=62203"}],"curies":[{"name":"wp","href":"https:\/\/api.w.org\/{rel}","templated":true}]}}