{"id":62291,"date":"2024-07-10T16:36:08","date_gmt":"2024-07-10T16:36:08","guid":{"rendered":"https:\/\/kamucalisani.net\/?p=62291"},"modified":"2024-07-10T16:36:08","modified_gmt":"2024-07-10T16:36:08","slug":"oneplus-yeni-kulakligi-buds-pro-3-uzerinde-calismalara-basladi","status":"publish","type":"post","link":"https:\/\/kamucalisani.net\/index.php\/2024\/07\/10\/oneplus-yeni-kulakligi-buds-pro-3-uzerinde-calismalara-basladi\/","title":{"rendered":"OnePlus, yeni kulakl\u0131\u011f\u0131 Buds Pro 3 \u00fczerinde \u00e7al\u0131\u015fmalara ba\u015flad\u0131"},"content":{"rendered":"<p><figure> <span> <img decoding=\"async\" src=\"https:\/\/kamucalisani.net\/wp-content\/uploads\/2024\/07\/oneplus-yeni-kulakligi-buds-pro-3-uzerinde-calismalara-basladi-0-VX5sj1NX.jpg\"\/> <\/span> <strong>OnePlus<\/strong>, ge\u00e7ti\u011fimiz y\u0131l\u0131n \u015eubat ay\u0131nda Buds Pro 2&#8217;yi piyasaya s\u00fcrm\u00fc\u015ft\u00fc. Ard\u0131ndan Buds 3&#8217;\u00fc piyasaya s\u00fcren \u015firket, yak\u0131n bir zamanl\u0131 rapora g\u00f6reyse \u015fimdilerde bu kulakl\u0131\u011f\u0131n bir \u00fcst modeli olan\u00a0<strong>Buds Pro 3<\/strong> \u00fczerinde \u00e7al\u0131\u015f\u0131yor olabilir. <\/figure>\n<p><b>OnePlus Buds Pro 3, \u00fc\u00e7 farkl\u0131 renk se\u00e7ene\u011fi ile gelebilir<\/b><\/p>\n<p>OnePlus Buds 3&#8217;\u00fc piyasaya s\u00fcrd\u00fc\u011f\u00fc s\u0131rada Pro modelini tan\u0131tmamas\u0131 Buds Pro 3&#8217;\u00fcn olup olmayaca\u011f\u0131 konusunda endi\u015feler yaratm\u0131\u015ft\u0131. Ancak yak\u0131n zamanl\u0131 bir rapora g\u00f6re \u015firket, OnePlus Buds Pro 3 \u00fczerinde \u00e7al\u0131\u015fmalara ba\u015flad\u0131. Rapora g\u00f6re <strong>siyah, alt\u0131n ve ye\u015filden<\/strong> olu\u015facak \u00fc\u00e7 farkl\u0131 renk se\u00e7ene\u011fi ile piyasaya s\u00fcr\u00fclmesi beklenen cihaz\u0131n t\u00fcm renkleri, her pazarda mevcut olmayabilir.<\/p>\n<figure> <span> <img decoding=\"async\" src=\"https:\/\/kamucalisani.net\/wp-content\/uploads\/2024\/07\/oneplus-yeni-kulakligi-buds-pro-3-uzerinde-calismalara-basladi-1-8c1guLjw.jpg\"\/> <\/span> OnePlus Buds Pro 3&#8217;\u00fcn beklenen \u00f6zelliklerine de\u011finecek olursak ise ekolayzer deste\u011fi, a\u015f\u0131nma alg\u0131lama, H\u0131zl\u0131 E\u015fle\u015ftirme, Dolby Atmos, Zen Mode Air ve daha fazlas\u0131, \u015firketin ge\u00e7mi\u015f kulakl\u0131klar\u0131nda da oldu\u011fu gibi bu kulakl\u0131kta da olacak. Ayr\u0131ca <strong>\u00e7ift cihaz ba\u011flant\u0131s\u0131<\/strong>,<strong> uzamsal ses<\/strong>, kamera deklan\u015f\u00f6r\u00fc deste\u011fi ve hatta kulakl\u0131k kayd\u0131 gibi \u00f6zellikler de beklenmekte. <\/figure>\n<\/p>\n<p>Kaynak\u00a0 :\u00a0<span style=\"background-color: rgb(255, 249, 236); color: rgb(55, 58, 60); font-size: 14px;\">https:\/\/www.donanimhaber.com\/oneplus-yeni-kulakligi-buds-pro-3-uzerinde-calismalara-basladi&#8211;178970<\/span><\/p>\n","protected":false},"excerpt":{"rendered":"<p>OnePlus, ge\u00e7ti\u011fimiz y\u0131l\u0131n \u015eubat ay\u0131nda Buds Pro 2&#8217;yi piyasaya s\u00fcrm\u00fc\u015ft\u00fc. Ard\u0131ndan Buds 3&#8217;\u00fc piyasaya s\u00fcren \u015firket, yak\u0131n bir zamanl\u0131 rapora g\u00f6reyse \u015fimdilerde bu kulakl\u0131\u011f\u0131n bir \u00fcst modeli olan\u00a0Buds Pro 3 \u00fczerinde \u00e7al\u0131\u015f\u0131yor olabilir. OnePlus Buds &#8230;<\/p>\n","protected":false},"author":1,"featured_media":62292,"comment_status":"open","ping_status":"open","sticky":false,"template":"","format":"standard","meta":{"footnotes":""},"categories":[8],"tags":[894],"class_list":["post-62291","post","type-post","status-publish","format-standard","has-post-thumbnail","hentry","category-teknoloji","tag-oneplus"],"_links":{"self":[{"href":"https:\/\/kamucalisani.net\/index.php\/wp-json\/wp\/v2\/posts\/62291","targetHints":{"allow":["GET"]}}],"collection":[{"href":"https:\/\/kamucalisani.net\/index.php\/wp-json\/wp\/v2\/posts"}],"about":[{"href":"https:\/\/kamucalisani.net\/index.php\/wp-json\/wp\/v2\/types\/post"}],"author":[{"embeddable":true,"href":"https:\/\/kamucalisani.net\/index.php\/wp-json\/wp\/v2\/users\/1"}],"replies":[{"embeddable":true,"href":"https:\/\/kamucalisani.net\/index.php\/wp-json\/wp\/v2\/comments?post=62291"}],"version-history":[{"count":1,"href":"https:\/\/kamucalisani.net\/index.php\/wp-json\/wp\/v2\/posts\/62291\/revisions"}],"predecessor-version":[{"id":62295,"href":"https:\/\/kamucalisani.net\/index.php\/wp-json\/wp\/v2\/posts\/62291\/revisions\/62295"}],"wp:featuredmedia":[{"embeddable":true,"href":"https:\/\/kamucalisani.net\/index.php\/wp-json\/wp\/v2\/media\/62292"}],"wp:attachment":[{"href":"https:\/\/kamucalisani.net\/index.php\/wp-json\/wp\/v2\/media?parent=62291"}],"wp:term":[{"taxonomy":"category","embeddable":true,"href":"https:\/\/kamucalisani.net\/index.php\/wp-json\/wp\/v2\/categories?post=62291"},{"taxonomy":"post_tag","embeddable":true,"href":"https:\/\/kamucalisani.net\/index.php\/wp-json\/wp\/v2\/tags?post=62291"}],"curies":[{"name":"wp","href":"https:\/\/api.w.org\/{rel}","templated":true}]}}