{"id":62361,"date":"2024-07-10T20:12:07","date_gmt":"2024-07-10T20:12:07","guid":{"rendered":"https:\/\/kamucalisani.net\/?p=62361"},"modified":"2024-07-10T20:12:07","modified_gmt":"2024-07-10T20:12:07","slug":"dursun-ozbek-ali-koc-haddini-bilsin","status":"publish","type":"post","link":"https:\/\/kamucalisani.net\/index.php\/2024\/07\/10\/dursun-ozbek-ali-koc-haddini-bilsin\/","title":{"rendered":"Dursun \u00d6zbek: Ali Ko\u00e7 haddini bilsin!"},"content":{"rendered":"<p><p>Galatasaray Ba\u015fkan\u0131 Dursun \u00d6zbek, Galatasaray Lisesi\u2019nde yap\u0131lan Pilav G\u00fcn\u00fc\u2019nde Fenerbah\u00e7e\u2019yi ve iki ba\u015fkan\u0131 Ali Ko\u00e7 ile Aziz Y\u0131ld\u0131r\u0131m\u2019\u0131 hedef ald\u0131.<\/p>\n<p>\u0130lk olarak Fenerbah\u00e7e\u2019nin kongresine de\u011finen \u00d6zbek, \u201cRakip tak\u0131m\u0131n se\u00e7imli genel kurulu vard\u0131. Genelde genel kurullar\u0131nda anlatt\u0131klar\u0131 bir\u00e7ok konu Galatasaray ile alakal\u0131 oldu\u011fu i\u00e7in biz de zaman bulduk\u00e7a takip ediyoruz. Kongrelerini izledik. K\u00fcf\u00fcr, kafir, sald\u0131rma. Nas\u0131l bir kongre oldu\u011funu hepimiz g\u00f6rd\u00fck. Bir taraf salonu terk ediyor, \u00f6teki taraf kendi ba\u015f\u0131na konu\u015fuyor. Biz de yak\u0131n zamanda bir kongre ger\u00e7ekle\u015ftirdik. \u0130ki kongrenin mukayesesini sizlere b\u0131rak\u0131yorum\u201d dedi.<\/p>\n<p>Ko\u00e7\u2019un canl\u0131 yay\u0131ndaki s\u00f6zlerine de yorum getiren Ba\u015fkan \u00d6zbek, \u201c\u00d6zellikle zengin yal\u0131 \u00e7ocu\u011funun s\u00f6yledikleri dikkatimi \u00e7ekti. \u00c7ok dikkat etsin. Galatasaray Ba\u015fkan\u0131\u2019n\u0131n ad\u0131n\u0131 a\u011fz\u0131na al\u0131rken iki kere d\u00fc\u015f\u00fcns\u00fcn. Ali Bey\u2019in Galatasaray Ba\u015fkan\u0131\u2019na \u00f6yle konu\u015fma hakk\u0131 yok. Haddini bilsin! Yal\u0131da do\u011fmu\u015f zengin \u00e7ocu\u011fu olmak, b\u00f6yle hadsiz konu\u015fma hakk\u0131n\u0131 vermez. \u00d6yle sa\u011fda solda televizyona \u00e7\u0131k\u0131p sallamaya benzemez bu i\u015f. Dikkat etsin. Bu \u00f6yle trib\u00fcnlere ligden \u00e7ekilece\u011fim diye 30 bin ki\u015fi toplay\u0131p da geri vites yapmaya benzemez. Dikkatli olmas\u0131n\u0131 ona tavsiye ediyorum\u201d dedi.<\/p>\n<p>Aziz Y\u0131ld\u0131r\u0131m\u2019a da laf atan \u00d6zbek, \u201cAziz Bey (sinek) ikili, mikili bir \u015fey s\u00f6yledi ama kendisi destede yok\u201d yorumunu yapt\u0131.<\/p>\n<p>\u00d6zbek s\u00f6zlerini \u015f\u00f6yle s\u00fcrd\u00fcrd\u00fc:<\/p>\n<p>\u201c\u00dcz\u00fcleyim mi, sevineyim mi bilemiyorum. \u0130ki ba\u015fkandan hangisi se\u00e7ilirse se\u00e7ilsin Galatasaray i\u00e7in iyi ama T\u00fcrk sporu i\u00e7in h\u00fcsran. Bu ki\u015filerin T\u00fcrk sporuna fayda verebilece\u011fini d\u00fc\u015f\u00fcnm\u00fcyorum. Orada Kas\u0131mpa\u015fa Ba\u015fkan\u0131 Fatih Sara\u00e7 da var. Kendisine y\u00f6nelik \u2018Fatih kaseti koy\u2019 diye hitap edebiliyor. Demek ki eskiden gelen bir al\u0131\u015fkanl\u0131k var.\u201d<\/p>\n<p>\u201c\u0130ki tane ba\u015far\u0131s\u0131z ba\u015fkan\u201d diyerek s\u00f6zlerini s\u00fcrd\u00fcren \u00d6zbek, \u201c\u0130kisi de ba\u015fkanl\u0131k yapt\u0131klar\u0131 d\u00f6nemde en \u00e7ok Galatasaray \u015fampiyonlu\u011fu ya\u015fam\u0131\u015f insanlar. Bunun ezikli\u011finden bir t\u00fcrl\u00fc kendilerini kurtaram\u0131yorlar. \u00d6n\u00fcm\u00fczdeki d\u00f6nemde de Galatasaray\u2019\u0131n ba\u015far\u0131lar\u0131n\u0131 izlemeye devam edecekler\u201d yorumunu yapt\u0131.<\/p>\n\n<p><\/p>\n<p>Kaynak :\u00a0<span style=\"background-color: rgb(255, 249, 236); color: rgb(55, 58, 60); font-size: 14px;\">http:\/\/www.milliyet.com.tr\/skorer\/dursun-ozbek-ali-koc-haddini-bilsin-7139760<\/span><\/p>\n","protected":false},"excerpt":{"rendered":"<p>G.Saray Ba\u015fkan\u0131 \u00d6zbek, \u201cYal\u0131da do\u011fmu\u015f zengin \u00e7ocu\u011fu olmak, b\u00f6yle hadsiz konu\u015fma hakk\u0131n\u0131 vermez\u201d diyerek Ali Ko\u00e7\u2019u uyar\u0131rken, Aziz Y\u0131ld\u0131r\u0131m\u2019\u0131n \u201csinek ikili\u201d s\u00f6zlerini de ele\u015ftirdi, \u201cKendisi destede yok\u201d yorumunu yapt\u0131.<\/p>\n","protected":false},"author":1,"featured_media":62362,"comment_status":"open","ping_status":"open","sticky":false,"template":"","format":"standard","meta":{"footnotes":""},"categories":[7],"tags":[215,257,2602,2627],"class_list":["post-62361","post","type-post","status-publish","format-standard","has-post-thumbnail","hentry","category-spor","tag-baskani","tag-galatasaray","tag-kongre","tag-ozbek"],"_links":{"self":[{"href":"https:\/\/kamucalisani.net\/index.php\/wp-json\/wp\/v2\/posts\/62361","targetHints":{"allow":["GET"]}}],"collection":[{"href":"https:\/\/kamucalisani.net\/index.php\/wp-json\/wp\/v2\/posts"}],"about":[{"href":"https:\/\/kamucalisani.net\/index.php\/wp-json\/wp\/v2\/types\/post"}],"author":[{"embeddable":true,"href":"https:\/\/kamucalisani.net\/index.php\/wp-json\/wp\/v2\/users\/1"}],"replies":[{"embeddable":true,"href":"https:\/\/kamucalisani.net\/index.php\/wp-json\/wp\/v2\/comments?post=62361"}],"version-history":[{"count":1,"href":"https:\/\/kamucalisani.net\/index.php\/wp-json\/wp\/v2\/posts\/62361\/revisions"}],"predecessor-version":[{"id":62363,"href":"https:\/\/kamucalisani.net\/index.php\/wp-json\/wp\/v2\/posts\/62361\/revisions\/62363"}],"wp:featuredmedia":[{"embeddable":true,"href":"https:\/\/kamucalisani.net\/index.php\/wp-json\/wp\/v2\/media\/62362"}],"wp:attachment":[{"href":"https:\/\/kamucalisani.net\/index.php\/wp-json\/wp\/v2\/media?parent=62361"}],"wp:term":[{"taxonomy":"category","embeddable":true,"href":"https:\/\/kamucalisani.net\/index.php\/wp-json\/wp\/v2\/categories?post=62361"},{"taxonomy":"post_tag","embeddable":true,"href":"https:\/\/kamucalisani.net\/index.php\/wp-json\/wp\/v2\/tags?post=62361"}],"curies":[{"name":"wp","href":"https:\/\/api.w.org\/{rel}","templated":true}]}}