{"id":62384,"date":"2024-07-10T21:24:11","date_gmt":"2024-07-10T21:24:11","guid":{"rendered":"https:\/\/kamucalisani.net\/?p=62384"},"modified":"2024-07-10T21:24:11","modified_gmt":"2024-07-10T21:24:11","slug":"fernando-musleradan-transfer-itirafi-galatasaray-izin-vermedi","status":"publish","type":"post","link":"https:\/\/kamucalisani.net\/index.php\/2024\/07\/10\/fernando-musleradan-transfer-itirafi-galatasaray-izin-vermedi\/","title":{"rendered":"Fernando Muslera&#8217;dan transfer itiraf\u0131! &#8216;Galatasaray izin vermedi&#8217;"},"content":{"rendered":"<p><p>S\u00fcper Lig&#8217;de \u015fampiyonlu\u011fa ula\u015fan Galatasaray&#8217;\u0131n kaptan\u0131 Fernando Muslera suskunlu\u011funu bozdu. Sar\u0131-k\u0131rm\u0131z\u0131l\u0131 tak\u0131m\u0131n y\u0131ld\u0131z\u0131, gelece\u011fine dair merak edilenleri cevaplad\u0131.<\/p>\n<p>Uruguay&#8217;da bir programa konuk olan Fernando Muslera, &#8220;S\u00f6zle\u015fme yenileme karar\u0131mla birlikte kariyerimi Avrupa&#8217;da yani Galatasaray&#8217;da bitirece\u011fim gibi duruyor. \u015eu an i\u00e7in Uruguay&#8217;a futbol oynamak i\u00e7in gitmeyece\u011fim gibi duruyor ancak ne olaca\u011f\u0131n\u0131 tabii ki de bilemiyorum. \u015eu an i\u00e7in t\u00fcm oda\u011f\u0131m\u0131 gelecek sezona verdim. Ondan sonras\u0131na bakaca\u011f\u0131z&#8221; dedi.<\/p>\n<p>Galatasaray&#8217;a ba\u011fl\u0131l\u0131\u011f\u0131n\u0131 s\u00fcrd\u00fcrece\u011fini belirten Fernando Muslera, &#8220;Uruguay&#8217;da, Amat\u00f6r \u0130kinci Lig&#8217;de Sportivo Bella Italia tak\u0131m\u0131n\u0131n sahibiyim. Bu beni b\u00fcy\u00fcleyen bir \u015fey. Galatasaray&#8217;a ba\u011fl\u0131l\u0131\u011f\u0131m\u0131 s\u00fcrd\u00fcrece\u011fim \u00e7\u00fcnk\u00fc bunca y\u0131ldan sonra orada olmamak m\u00fcmk\u00fcn de\u011fil ama hayat\u0131m Uruguay&#8217;da olacak&#8221; ifadelerini kulland\u0131.<\/p>\n<p>\u00dclkesinden teklifler ald\u0131\u011f\u0131n\u0131 dile getiren Fernando Muslera, &#8220;Nacional ve Pe\u00f1arol kul\u00fcplerinin ba\u015fkanlar\u0131 transfer etmek i\u00e7in beni arad\u0131. Ufak bir geri d\u00f6nme d\u00fc\u015f\u00fcncem olsa da Galatasaray bu duruma izin vermedi&#8221; \u015feklinde konu\u015ftu.<\/p>\n<p>Uruguay Milli Tak\u0131m\u0131&#8217;ndaki emeklilik karar\u0131na de\u011finen Fernando Muslera, &#8220;2022 D\u00fcnya Kupas\u0131 \u00f6ncesinde bir daha Uruguay formas\u0131 giymeme karar\u0131n\u0131 alm\u0131\u015ft\u0131m. K\u0131rm\u0131z\u0131 kart sonras\u0131nda ald\u0131\u011f\u0131m cezalarla ailemle 2009&#8217;dan beri ya\u015fayamad\u0131\u011f\u0131m yak\u0131nl\u0131\u011f\u0131 buldum. Kas\u0131m&#8217;daki ma\u00e7lar i\u00e7in Marcelo Bielsa beni arad\u0131, karar\u0131m\u0131 kabul etti\u011fini ancak karar\u0131m\u0131n Mart ay\u0131na kadar de\u011fi\u015fmesi durumu i\u00e7in bunu kamuoyuna a\u00e7\u0131klamamam gerekti\u011fini s\u00f6yledi. En sonunda mart ay\u0131nda kendisine devam etmeyece\u011fimi s\u00f6yledim&#8221; a\u00e7\u0131klamas\u0131n\u0131 yapt\u0131.<\/p>\n<p>37 ya\u015f\u0131ndaki file bek\u00e7isi, geride kalan sezonda Galatasaray formas\u0131n\u0131 52 ma\u00e7ta giydi. Fernando Muslera, bu kar\u015f\u0131la\u015fmalar\u0131n 21&#8217;inde kalesini gole kapatt\u0131.<\/p>\n<p>Fernando Muslera&#8217;n\u0131n Galatasaray ile olan s\u00f6zle\u015fmesi 30 Haziran 2025&#8217;te sona erecek. Uruguayl\u0131 eldivenin g\u00fcncel piyasa de\u011feri 1 milyon 400 bin euro.<\/p>\n<p>Wanderers altyap\u0131s\u0131nda yeti\u015fen Fernando Muslera daha sonra Nacional ve Lazio&#8217;da oynad\u0131. Galatasaray, Fernando Muslera&#8217;y\u0131 2011-2012 sezonu ba\u015f\u0131nda renklerine ba\u011flad\u0131. 37 ya\u015f\u0131ndaki kaleci, Uruguay Milli Tak\u0131m\u0131&#8217;nda 133 m\u00fcsabakada \u015fans buldu.<\/p>\n\n<p><\/p>\n<p>Kaynak :\u00a0<span style=\"background-color: rgb(255, 249, 236); color: rgb(55, 58, 60); font-size: 14px;\">http:\/\/www.milliyet.com.tr\/skorer\/fernando-musleradan-transfer-itirafi-galatasaray-izin-vermedi-7139711<\/span><\/p>\n","protected":false},"excerpt":{"rendered":"<p>Galatasaray&#8217;\u0131n kaptan\u0131 Fernando Muslera, \u00fclkesinin bas\u0131n\u0131na konu\u015ftu. Uruguayl\u0131 eldivenin gelece\u011fine dair s\u00f6zleri dikkat \u00e7ekti.<\/p>\n","protected":false},"author":1,"featured_media":62385,"comment_status":"open","ping_status":"open","sticky":false,"template":"","format":"standard","meta":{"footnotes":""},"categories":[7],"tags":[2971,257,2972],"class_list":["post-62384","post","type-post","status-publish","format-standard","has-post-thumbnail","hentry","category-spor","tag-fernando-muslera","tag-galatasaray","tag-uruguay"],"_links":{"self":[{"href":"https:\/\/kamucalisani.net\/index.php\/wp-json\/wp\/v2\/posts\/62384","targetHints":{"allow":["GET"]}}],"collection":[{"href":"https:\/\/kamucalisani.net\/index.php\/wp-json\/wp\/v2\/posts"}],"about":[{"href":"https:\/\/kamucalisani.net\/index.php\/wp-json\/wp\/v2\/types\/post"}],"author":[{"embeddable":true,"href":"https:\/\/kamucalisani.net\/index.php\/wp-json\/wp\/v2\/users\/1"}],"replies":[{"embeddable":true,"href":"https:\/\/kamucalisani.net\/index.php\/wp-json\/wp\/v2\/comments?post=62384"}],"version-history":[{"count":1,"href":"https:\/\/kamucalisani.net\/index.php\/wp-json\/wp\/v2\/posts\/62384\/revisions"}],"predecessor-version":[{"id":62386,"href":"https:\/\/kamucalisani.net\/index.php\/wp-json\/wp\/v2\/posts\/62384\/revisions\/62386"}],"wp:featuredmedia":[{"embeddable":true,"href":"https:\/\/kamucalisani.net\/index.php\/wp-json\/wp\/v2\/media\/62385"}],"wp:attachment":[{"href":"https:\/\/kamucalisani.net\/index.php\/wp-json\/wp\/v2\/media?parent=62384"}],"wp:term":[{"taxonomy":"category","embeddable":true,"href":"https:\/\/kamucalisani.net\/index.php\/wp-json\/wp\/v2\/categories?post=62384"},{"taxonomy":"post_tag","embeddable":true,"href":"https:\/\/kamucalisani.net\/index.php\/wp-json\/wp\/v2\/tags?post=62384"}],"curies":[{"name":"wp","href":"https:\/\/api.w.org\/{rel}","templated":true}]}}