{"id":63745,"date":"2024-07-13T12:00:08","date_gmt":"2024-07-13T12:00:08","guid":{"rendered":"https:\/\/kamucalisani.net\/?p=63745"},"modified":"2024-07-13T12:00:08","modified_gmt":"2024-07-13T12:00:08","slug":"kayserisporda-yeni-yonetim-gorev-dagilimi-yapti","status":"publish","type":"post","link":"https:\/\/kamucalisani.net\/index.php\/2024\/07\/13\/kayserisporda-yeni-yonetim-gorev-dagilimi-yapti\/","title":{"rendered":"Kayserispor&#8217;da yeni y\u00f6netim g\u00f6rev da\u011f\u0131l\u0131m\u0131 yapt\u0131"},"content":{"rendered":"<p><p>S\u00fcper Lig ekiplerinden Kayserispor&#8217;da g\u00f6reve ba\u015flayan y\u00f6netim kurulu, g\u00f6rev da\u011f\u0131l\u0131m\u0131n\u0131 ger\u00e7ekle\u015ftirdi.<\/p>\n<p>Hafta sonu yap\u0131lan Ola\u011fan Genel Kurul sonras\u0131nda Kayserispor&#8217;da g\u00fcven tazeleyen mevcut ba\u015fkan Ali \u00c7aml\u0131; A tak\u0131m\u0131n\u0131 belirledi. Asil listeye 11 ki\u015fi dahil eden, 11 de yedek y\u00f6netim kurulu belirleyen ba\u015fkan Ali \u00c7aml\u0131, g\u00f6rev da\u011f\u0131l\u0131m\u0131n\u0131 ger\u00e7ekle\u015ftirdi.<\/p>\n<p><strong>\u0130\u015fte g\u00f6rev da\u011f\u0131l\u0131m\u0131 \u015fu \u015fekilde;<\/strong><br \/>Ba\u015fkan &#8211; Ali \u00c7aml\u0131<br \/>Ba\u015fkan Yard\u0131mc\u0131s\u0131-Erol \u00c7etin<br \/>Asba\u015fkan- Nurettin A\u00e7\u0131kal\u0131n<br \/>Genel Sekreter-R\u0131za Erkut Yurdemi<br \/>Avrupa Sorumlusu ve Ba\u015fkan Yard\u0131mc\u0131s\u0131- Ali H\u0131zar<br \/>Avrupa Sorumlusu-Ye\u015fim Akp\u0131nar ve Hasan Irmak<br \/>Hukuk \u0130\u015fleri Sorumlusu-Emir Akp\u0131nar<br \/>Alt yap\u0131 sorumlusu-Samet Ko\u00e7<br \/>Stadyum, Tesisler Sorumlusu ve Ba\u015fkan Yard\u0131mc\u0131s\u0131-S\u00fcleyman Ak\u0131n<br \/>Y\u00f6netim Kurulu \u00dcyesi-Tufan Ko\u00e7<\/p>\n\n<p><\/p>\n<p>Kaynak :\u00a0<span style=\"background-color: rgb(255, 249, 236); color: rgb(55, 58, 60); font-size: 14px;\">http:\/\/www.milliyet.com.tr\/skorer\/kayserisporda-yeni-yonetim-gorev-dagilimi-yapti-7140131<\/span><\/p>\n","protected":false},"excerpt":{"rendered":"<p>Sar\u0131-k\u0131rm\u0131z\u0131l\u0131 kul\u00fcpte d\u00fcn ger\u00e7ekle\u015ftirilen Ola\u011fan Genel Kurul sonras\u0131 mevcut ba\u015fkan Ali \u00c7aml\u0131 g\u00fcven tazeledi. Yeni y\u00f6netim kurulu g\u00f6rev da\u011f\u0131l\u0131m\u0131 yapt\u0131.<\/p>\n","protected":false},"author":1,"featured_media":63746,"comment_status":"open","ping_status":"open","sticky":false,"template":"","format":"standard","meta":{"footnotes":""},"categories":[7],"tags":[186,2366],"class_list":["post-63745","post","type-post","status-publish","format-standard","has-post-thumbnail","hentry","category-spor","tag-baskan","tag-sorumlusu"],"_links":{"self":[{"href":"https:\/\/kamucalisani.net\/index.php\/wp-json\/wp\/v2\/posts\/63745","targetHints":{"allow":["GET"]}}],"collection":[{"href":"https:\/\/kamucalisani.net\/index.php\/wp-json\/wp\/v2\/posts"}],"about":[{"href":"https:\/\/kamucalisani.net\/index.php\/wp-json\/wp\/v2\/types\/post"}],"author":[{"embeddable":true,"href":"https:\/\/kamucalisani.net\/index.php\/wp-json\/wp\/v2\/users\/1"}],"replies":[{"embeddable":true,"href":"https:\/\/kamucalisani.net\/index.php\/wp-json\/wp\/v2\/comments?post=63745"}],"version-history":[{"count":1,"href":"https:\/\/kamucalisani.net\/index.php\/wp-json\/wp\/v2\/posts\/63745\/revisions"}],"predecessor-version":[{"id":63747,"href":"https:\/\/kamucalisani.net\/index.php\/wp-json\/wp\/v2\/posts\/63745\/revisions\/63747"}],"wp:featuredmedia":[{"embeddable":true,"href":"https:\/\/kamucalisani.net\/index.php\/wp-json\/wp\/v2\/media\/63746"}],"wp:attachment":[{"href":"https:\/\/kamucalisani.net\/index.php\/wp-json\/wp\/v2\/media?parent=63745"}],"wp:term":[{"taxonomy":"category","embeddable":true,"href":"https:\/\/kamucalisani.net\/index.php\/wp-json\/wp\/v2\/categories?post=63745"},{"taxonomy":"post_tag","embeddable":true,"href":"https:\/\/kamucalisani.net\/index.php\/wp-json\/wp\/v2\/tags?post=63745"}],"curies":[{"name":"wp","href":"https:\/\/api.w.org\/{rel}","templated":true}]}}