{"id":64219,"date":"2024-07-14T11:12:06","date_gmt":"2024-07-14T11:12:06","guid":{"rendered":"https:\/\/kamucalisani.net\/?p=64219"},"modified":"2024-07-14T11:12:06","modified_gmt":"2024-07-14T11:12:06","slug":"bakan-bak-ve-buyukeksiden-a-milli-futbol-takimina-basari-dilegi","status":"publish","type":"post","link":"https:\/\/kamucalisani.net\/index.php\/2024\/07\/14\/bakan-bak-ve-buyukeksiden-a-milli-futbol-takimina-basari-dilegi\/","title":{"rendered":"Bakan Bak ve B\u00fcy\u00fckek\u015fi&#8217;den A Milli Futbol Tak\u0131m\u0131&#8217;na ba\u015far\u0131 dile\u011fi!"},"content":{"rendered":"<p><p>Gen\u00e7lik ve Spor Bakan\u0131 Osman A\u015fk\u0131n Bak ile T\u00fcrkiye Futbol Federasyonu Ba\u015fkan\u0131 Mehmet B\u00fcy\u00fckek\u015fi, Polonya ma\u00e7\u0131 \u00f6ncesi ba\u015fkent Var\u015fova&#8217;da kamp yapt\u0131klar\u0131 otelde A Mill\u00ee Tak\u0131m Teknik Direkt\u00f6r\u00fc Vincenzo Montella ve oyuncular ile bir araya geldi.<\/p>\n<p>Ziyarette TFF Ba\u015fkan Vekili, \u0130cra Kurulu \u00dcyesi, FIFA, UEFA \u0130li\u015fkileri ve D\u0131\u015f \u0130li\u015fkilerden Sorumlu Y\u00f6netim Kurulu \u00dcyesi Mustafa Er\u00f6\u011f\u00fct ve Milli Tak\u0131mlardan Sorumlu Y\u00f6netim Kurulu \u00dcyesi Hamit Alt\u0131ntop da yer ald\u0131.<\/p>\n<p>Montella ile k\u0131sa bir s\u00fcre sohbet ederek Avrupa \u015eampiyonas\u0131 \u00f6ncesi \u00f6ncesi tak\u0131m\u0131n durumu hakk\u0131nda bilgi alan Bakan Bak ile Ba\u015fkan B\u00fcy\u00fckek\u015fi, tek tek oyuncularla da g\u00f6r\u00fc\u015ferek Polonya ma\u00e7\u0131 i\u00e7in ba\u015far\u0131 diledi. Teknik Direkt\u00f6r Vincenzo Montella ve Ay-Y\u0131ld\u0131zl\u0131 futbolcular, destekleri i\u00e7in Gen\u00e7lik ve Spor Bakan\u0131 Osman A\u015fk\u0131n Bak ve TFF Ba\u015fkan\u0131 Mehmet B\u00fcy\u00fckek\u015fi&#8217;ye te\u015fekk\u00fcr etti.<\/p>\n\n<p><\/p>\n<p>Kaynak :\u00a0<span style=\"background-color: rgb(255, 249, 236); color: rgb(55, 58, 60); font-size: 14px;\">http:\/\/www.milliyet.com.tr\/skorer\/bakan-bak-ve-buyukeksiden-a-milli-futbol-takimina-basari-dilegi-7140211<\/span><\/p>\n","protected":false},"excerpt":{"rendered":"<p>Gen\u00e7lik ve Spor Bakan\u0131 Osman A\u015fk\u0131n Bak ile T\u00fcrkiye Futbol Federasyonu Ba\u015fkan\u0131 Mehmet B\u00fcy\u00fckek\u015fi, A Milli Futbol Tak\u0131m\u0131&#8217;n\u0131n Polonya ma\u00e7\u0131 \u00f6ncesi oyuncularla bulu\u015ftu.<\/p>\n","protected":false},"author":1,"featured_media":64220,"comment_status":"open","ping_status":"open","sticky":false,"template":"","format":"standard","meta":{"footnotes":""},"categories":[7],"tags":[2406],"class_list":["post-64219","post","type-post","status-publish","format-standard","has-post-thumbnail","hentry","category-spor","tag-bak"],"_links":{"self":[{"href":"https:\/\/kamucalisani.net\/index.php\/wp-json\/wp\/v2\/posts\/64219","targetHints":{"allow":["GET"]}}],"collection":[{"href":"https:\/\/kamucalisani.net\/index.php\/wp-json\/wp\/v2\/posts"}],"about":[{"href":"https:\/\/kamucalisani.net\/index.php\/wp-json\/wp\/v2\/types\/post"}],"author":[{"embeddable":true,"href":"https:\/\/kamucalisani.net\/index.php\/wp-json\/wp\/v2\/users\/1"}],"replies":[{"embeddable":true,"href":"https:\/\/kamucalisani.net\/index.php\/wp-json\/wp\/v2\/comments?post=64219"}],"version-history":[{"count":1,"href":"https:\/\/kamucalisani.net\/index.php\/wp-json\/wp\/v2\/posts\/64219\/revisions"}],"predecessor-version":[{"id":64221,"href":"https:\/\/kamucalisani.net\/index.php\/wp-json\/wp\/v2\/posts\/64219\/revisions\/64221"}],"wp:featuredmedia":[{"embeddable":true,"href":"https:\/\/kamucalisani.net\/index.php\/wp-json\/wp\/v2\/media\/64220"}],"wp:attachment":[{"href":"https:\/\/kamucalisani.net\/index.php\/wp-json\/wp\/v2\/media?parent=64219"}],"wp:term":[{"taxonomy":"category","embeddable":true,"href":"https:\/\/kamucalisani.net\/index.php\/wp-json\/wp\/v2\/categories?post=64219"},{"taxonomy":"post_tag","embeddable":true,"href":"https:\/\/kamucalisani.net\/index.php\/wp-json\/wp\/v2\/tags?post=64219"}],"curies":[{"name":"wp","href":"https:\/\/api.w.org\/{rel}","templated":true}]}}