{"id":64272,"date":"2024-07-14T12:24:05","date_gmt":"2024-07-14T12:24:05","guid":{"rendered":"https:\/\/kamucalisani.net\/?p=64272"},"modified":"2024-07-14T12:24:05","modified_gmt":"2024-07-14T12:24:05","slug":"besiktas-ikinci-baskani-huseyin-yucelden-jose-mourinho-cevabi-cop-oyuncular-almayacagiz","status":"publish","type":"post","link":"https:\/\/kamucalisani.net\/index.php\/2024\/07\/14\/besiktas-ikinci-baskani-huseyin-yucelden-jose-mourinho-cevabi-cop-oyuncular-almayacagiz\/","title":{"rendered":"Be\u015fikta\u015f \u0130kinci Ba\u015fkan\u0131 H\u00fcseyin Y\u00fccel&#8217;den Jose Mourinho cevab\u0131! &#8216;\u00c7\u00f6p oyuncular almayaca\u011f\u0131z&#8217;"},"content":{"rendered":"<p><p>Giovanni van Bronckhorst&#8217;u teknik direkt\u00f6rl\u00fck g\u00f6revine getiren Be\u015fikta\u015f&#8217;ta \u0130kinci Ba\u015fkan H\u00fcseyin Y\u00fccel suskunlu\u011funu bozdu. H\u00fcseyin Y\u00fccel, Fenerbah\u00e7e Teknik Direkt\u00f6r\u00fc Jose Mourinho ile yapt\u0131klar\u0131 g\u00f6r\u00fc\u015fmeyi anlatt\u0131.<\/p>\n<p>Jose Mourinho&#8217;nun maliyetini uygun bulmad\u0131klar\u0131n\u0131 belirten H\u00fcseyin Y\u00fccel, &#8220;Mourinho s\u00fcreci tam bir y\u0131lan hikayesine d\u00f6nd\u00fc. Biz g\u00f6r\u00fc\u015fme ger\u00e7ekle\u015ftirdik ve teklifte bulunduk. Bulundu\u011fumuz teklifin 3-4 kat\u0131 teklif geldi\u011fi i\u00e7in kabul etmek durumunda kald\u0131 diye d\u00fc\u015f\u00fcn\u00fcyorum. Be\u015fikta\u015f&#8217;\u0131n o maliyetlere \u00e7\u0131kma ihtimali yoktu. Paras\u0131 olmad\u0131\u011f\u0131 i\u00e7in de\u011fil, maliyetin mant\u0131\u011f\u0131 olmad\u0131\u011f\u0131ndan dolay\u0131&#8221; dedi.<\/p>\n<p>Giovanni van Bronckhorst ile konu\u015fan H\u00fcseyin Y\u00fccel, &#8220;Giovanni van Bronckhorst ile ocak ay\u0131nda da g\u00f6r\u00fc\u015fm\u00fc\u015ft\u00fck. Gayet iyi neticeler alm\u0131\u015ft\u0131k ama k\u0131smet bug\u00fcneymi\u015f. Yapacak bir \u015fey yok&#8221; ifadelerini kulland\u0131.<\/p>\n<p>A Spor&#8217;a verdi\u011fi deme\u00e7te transfer \u00e7al\u0131\u015fmalar\u0131na de\u011finen H\u00fcseyin Y\u00fccel, &#8220;Kesinlikle \u00fcst d\u00fczey transferler yap\u0131lacak ama emekli olmaya yak\u0131n olan oyuncularla g\u00f6r\u00fc\u015fm\u00fcyoruz. Son dura\u011f\u0131 T\u00fcrkiye ya da Arabistan olan oyunculara kar\u015f\u0131 daha \u00e7ekimseriz. Onlar\u0131n yerine daha gen\u00e7, yar\u0131n \u00f6b\u00fcr g\u00fcn satabilece\u011fimiz oyuncularla ilgileniyoruz. \u0130lla ki lider oyuncu laz\u0131m. Onlarla ilgili de \u00e7al\u0131\u015fmalar\u0131m\u0131z devam ediyor&#8221; diye konu\u015ftu.<\/p>\n<p>Transfer g\u00f6r\u00fc\u015fmelerinin s\u00fcrd\u00fc\u011f\u00fcn\u00fc vurgulayan H\u00fcseyin Y\u00fccel, &#8220;Transfer g\u00f6r\u00fc\u015fmelerimiz devam ediyor. \u00c7\u00f6p oyuncular almayaca\u011f\u0131z&#8221; a\u00e7\u0131klamas\u0131n\u0131 yapt\u0131.<\/p>\n<p>&#8220;Taraftarlar sizin bir s\u00fcrpriz yapabilece\u011fini d\u00fc\u015f\u00fcn\u00fcyor. Bir s\u00fcrpriz yapmay\u0131 d\u00fc\u015f\u00fcn\u00fcyor musunuz&#8221; sorusuna H\u00fcseyin Y\u00fccel, &#8220;Bunun s\u00f6z\u00fcn\u00fc veriyorum. \u0130n\u015fallah diyorum&#8221; cevab\u0131n\u0131 verdi.<\/p>\n\n<p><\/p>\n<p>Kaynak :\u00a0<span style=\"background-color: rgb(255, 249, 236); color: rgb(55, 58, 60); font-size: 14px;\">http:\/\/www.milliyet.com.tr\/skorer\/besiktas-ikinci-baskani-huseyin-yucelden-jose-mourinho-cevabi-cop-oyuncular-almayacagiz-7140213<\/span><\/p>\n","protected":false},"excerpt":{"rendered":"<p>Be\u015fikta\u015f \u0130kinci Ba\u015fkan\u0131 H\u00fcseyin Y\u00fccel, siyah-beyazl\u0131 tak\u0131mdaki g\u00fcncel duruma dair a\u00e7\u0131klamalarda bulundu.<\/p>\n","protected":false},"author":1,"featured_media":64273,"comment_status":"open","ping_status":"open","sticky":false,"template":"","format":"standard","meta":{"footnotes":""},"categories":[7],"tags":[3239,967],"class_list":["post-64272","post","type-post","status-publish","format-standard","has-post-thumbnail","hentry","category-spor","tag-huseyin-yucel","tag-oyuncu"],"_links":{"self":[{"href":"https:\/\/kamucalisani.net\/index.php\/wp-json\/wp\/v2\/posts\/64272","targetHints":{"allow":["GET"]}}],"collection":[{"href":"https:\/\/kamucalisani.net\/index.php\/wp-json\/wp\/v2\/posts"}],"about":[{"href":"https:\/\/kamucalisani.net\/index.php\/wp-json\/wp\/v2\/types\/post"}],"author":[{"embeddable":true,"href":"https:\/\/kamucalisani.net\/index.php\/wp-json\/wp\/v2\/users\/1"}],"replies":[{"embeddable":true,"href":"https:\/\/kamucalisani.net\/index.php\/wp-json\/wp\/v2\/comments?post=64272"}],"version-history":[{"count":1,"href":"https:\/\/kamucalisani.net\/index.php\/wp-json\/wp\/v2\/posts\/64272\/revisions"}],"predecessor-version":[{"id":64274,"href":"https:\/\/kamucalisani.net\/index.php\/wp-json\/wp\/v2\/posts\/64272\/revisions\/64274"}],"wp:featuredmedia":[{"embeddable":true,"href":"https:\/\/kamucalisani.net\/index.php\/wp-json\/wp\/v2\/media\/64273"}],"wp:attachment":[{"href":"https:\/\/kamucalisani.net\/index.php\/wp-json\/wp\/v2\/media?parent=64272"}],"wp:term":[{"taxonomy":"category","embeddable":true,"href":"https:\/\/kamucalisani.net\/index.php\/wp-json\/wp\/v2\/categories?post=64272"},{"taxonomy":"post_tag","embeddable":true,"href":"https:\/\/kamucalisani.net\/index.php\/wp-json\/wp\/v2\/tags?post=64272"}],"curies":[{"name":"wp","href":"https:\/\/api.w.org\/{rel}","templated":true}]}}