{"id":64845,"date":"2024-07-15T12:00:08","date_gmt":"2024-07-15T12:00:08","guid":{"rendered":"https:\/\/kamucalisani.net\/?p=64845"},"modified":"2024-07-15T12:00:08","modified_gmt":"2024-07-15T12:00:08","slug":"turkiye-40-adet-f-16-satin-alimini-iptal-ediyor-f-35-icin-surec-basliyor","status":"publish","type":"post","link":"https:\/\/kamucalisani.net\/index.php\/2024\/07\/15\/turkiye-40-adet-f-16-satin-alimini-iptal-ediyor-f-35-icin-surec-basliyor\/","title":{"rendered":"T\u00fcrkiye, 40 adet F-16 sat\u0131n al\u0131m\u0131n\u0131 iptal ediyor, F-35 i\u00e7in s\u00fcre\u00e7 ba\u015fl\u0131yor"},"content":{"rendered":"<p><figure> <span> <img decoding=\"async\" src=\"https:\/\/kamucalisani.net\/wp-content\/uploads\/2024\/07\/turkiye-40-adet-f-16-satin-alimini-iptal-ediyor-f-35-icin-surec-basliyor-0-MmzrWCOr.jpg\"\/> <\/span> Cumhurba\u015fkan\u0131 Recep Tayyip Erdo\u011fan, ABD&#8217;deki NATO Devlet ve H\u00fck\u00fcmet Ba\u015fkanlar\u0131 Zirvesi kapsam\u0131nda \u00f6nemli a\u00e7\u0131klamalarda bulundu. Yap\u0131lan ikili g\u00f6r\u00fc\u015fmeler neticesinde savunma sanayi ve havac\u0131l\u0131k alan\u0131nda \u00f6nemli konular ele al\u0131nd\u0131. Aktar\u0131lanlara g\u00f6re T\u00fcrkiye, <strong>ABD<\/strong> ile anla\u015ft\u0131\u011f\u0131 <strong>40 adet F-16<\/strong> sat\u0131n al\u0131m\u0131n\u0131 <strong>iptal etmeyi<\/strong> de\u011ferlendiriyor. Bunun yerine T\u00fcrkiye&#8217;nin F-35 s\u00fcrecine geri d\u00f6nece\u011fi s\u00f6yleniyor. \u0130\u015fte detaylar: <\/figure>\n<p><b>T\u00fcrkiye, F-16 Block 70 al\u0131m\u0131n\u0131 iptal ediyor<\/b><\/p>\n<p>Bloomberg&#8217;in haberine g\u00f6re T\u00fcrkiye, NATO&#8217;nun en b\u00fcy\u00fck ikinci F-16 sava\u015f u\u00e7a\u011f\u0131 filosunu modernize etmek i\u00e7in ABD ile planlanan <strong>23 milyar dolarl\u0131k<\/strong> savunma s\u00f6zle\u015fmesini <strong>k\u00fc\u00e7\u00fclt\u00fcyor<\/strong>. Bununla birlikte T\u00fcrkiye, u\u00e7a\u011f\u0131n <strong>baz\u0131 par\u00e7alar\u0131n\u0131 yerel olarak \u00fcretmek<\/strong> i\u00e7in bir <strong>offset anla\u015fmas\u0131<\/strong> yapmay\u0131 planl\u0131yor.<\/p>\n<p>T\u00fcrkiye, 2021 y\u0131l\u0131ndan beri Lockheed Martin&#8217;den yeni nesil F-16 Block 70 Viper almaya \u00e7al\u0131\u015f\u0131yordu. Yap\u0131lan anla\u015fma kapsam\u0131nda ise T\u00fcrkiye, <strong>40 adet F-16 Viper ve 79 adet modernize kiti<\/strong> al\u0131m talebi bu <strong>y\u0131l\u0131n ba\u015f\u0131nda onaylanm\u0131\u015ft\u0131<\/strong>. Habere g\u00f6re T\u00fcrkiye, tasarruf program\u0131 nedeniyle daha az say\u0131da modernizasyon kiti ve m\u00fchimmat almaya \u00e7al\u0131\u015f\u0131yor.<\/p>\n<p><strong>Lockheed Martin s\u00f6zc\u00fcs\u00fc<\/strong> ise yapt\u0131\u011f\u0131 a\u00e7\u0131klamada <em>&#8220;F-16 Blok 70 ve V y\u00fckseltme paketinin T\u00fcrkiye i\u00e7in geli\u015fmi\u015f 21. Y\u00fczy\u0131l G\u00fcvenlik yetenekleri, geli\u015fmi\u015f NATO birlikte \u00e7al\u0131\u015fabilirli\u011fi ve uygun i\u015fletme ve \u00f6m\u00fcr devri maliyetlerinin en iyi kar\u0131\u015f\u0131m\u0131n\u0131 temsil etti\u011finden emin oldu\u011funu&#8221;<\/em> s\u00f6yledi. E\u011fer s\u00f6zle\u015fme iptali veya kapsaml\u0131 de\u011fi\u015fik olmazsa ilk u\u00e7aklar\u0131n 2030 civar\u0131nda teslim edilmesi bekleniyor.<\/p>\n<p><b>Yeniden F-35<\/b><\/p>\n<figure> <span> <img decoding=\"async\" src=\"https:\/\/kamucalisani.net\/wp-content\/uploads\/2024\/07\/turkiye-40-adet-f-16-satin-alimini-iptal-ediyor-f-35-icin-surec-basliyor-1-YTRqs5Em.jpg\"\/> <\/span> T\u00fcrkiye, be\u015finci nesil sava\u015f u\u00e7a\u011f\u0131 <strong>F-35<\/strong> projesinin \u00f6nemli ortaklar\u0131ndan birisiydi. Ancak Rusya&#8217;dan sat\u0131n al\u0131nan S-400 f\u00fcze savunma sisteminin ard\u0131ndan ABD, T\u00fcrkiye&#8217;nin Lockheed Martin&#8217;in en geli\u015fmi\u015f sava\u015f u\u00e7a\u011f\u0131 olan F-35&#8217;i sat\u0131n almas\u0131n\u0131 engellemi\u015fti. Orijinal anla\u015fmaya g\u00f6re T\u00fcrkiye, 100 adet F-35 sat\u0131n alacak ve u\u00e7a\u011f\u0131n en b\u00fcy\u00fck 4. kullan\u0131c\u0131s\u0131 olacakt\u0131r. <\/figure>\n<p>F-16 sat\u0131n al\u0131m talebinin iptal edilip edilmeyece\u011fi resmi olarak dile getirilmedi. Ancak <strong>Cumhurba\u015fkan\u0131 Erdo\u011fan,<\/strong> gazetecilere yapt\u0131\u011f\u0131 a\u00e7\u0131klamada &#8220;<em>&#8216;F16 al\u0131m\u0131n\u0131n \u00f6l\u00e7e\u011fi k\u00fc\u00e7\u00fcld\u00fc m\u00fc<\/em>&#8221; sorusuna cevap verdi. <strong>Erdo\u011fan<\/strong>, <em>&#8220;Bu konuyla ilgili \u00f6zellikle d\u00fcn ak\u015fam ve bug\u00fcn Say\u0131n Biden ile tekrar konu\u015ftum. Denildi\u011fi gibi olursa, <strong>3-4 hafta i\u00e7inde F-35&#8217;lerin problemini \u00e7\u00f6zece\u011fini s\u00f6yledi<\/strong>. Bug\u00fcn ayr\u0131l\u0131rken yine hat\u0131rlatt\u0131m. 3-4 hafta i\u00e7inde \u00e7\u00f6zece\u011fini s\u00f6yledi, aram\u0131zda baz\u0131 n\u00fckteler de oldu. Par\u00e7alarla ilgili konu, her zaman g\u00f6r\u00fc\u015ft\u00fc\u011f\u00fcm\u00fcz konular.&#8221;<\/em> dedi.<\/p>\n<p><b>Almanya&#8217;dan Eurofighter al\u0131m\u0131<\/b><\/p>\n<figure> <span> <img decoding=\"async\" src=\"https:\/\/kamucalisani.net\/wp-content\/uploads\/2024\/07\/turkiye-40-adet-f-16-satin-alimini-iptal-ediyor-f-35-icin-surec-basliyor-2-AlAIlwpK.jpg\"\/> <\/span> &#8220;Almanya Ba\u015fbakan\u0131 Olaf Scholz ile yap\u0131lan g\u00f6r\u00fc\u015fmede T\u00fcrkiye&#8217;nin Eurofighter al\u0131m\u0131 konusu g\u00fcndeme geldi mi?&#8221; sorusuna <strong>Cumhurba\u015fkan\u0131 Erdo\u011fan<\/strong> yan\u0131t olarak, &#8220;<strong><em>Eurofighter<\/em><\/strong><em> konusunu aram\u0131zda <strong>g\u00f6r\u00fc\u015ft\u00fck<\/strong>. Bu konuyla ilgili olarak Scholz olumsuz bir yakla\u015f\u0131mda bulunmad\u0131. Konuyla ilgili g\u00f6r\u00fc\u015fmelerimizin devam\u0131 ve Savunma Bakan\u0131m\u0131n muhatab\u0131yla orada yapt\u0131\u011f\u0131 g\u00f6r\u00fc\u015fmelerde de m\u00fcmk\u00fcn oldu\u011funca <strong>olumlu istikamette bir gidi\u015fin<\/strong> <strong>oldu\u011funu g\u00f6rd\u00fck<\/strong>. Gerek Almanya gerek \u0130ngiltere taraf\u0131nda bu t\u00fcr olumlu geli\u015fmeler var. Hep birlikte takip\u00e7isi olaca\u011f\u0131z. \u0130n\u015fallah sonucu da hay\u0131rl\u0131 olur.&#8221; <\/em>ifadelerini kulland\u0131.\u00a0 <\/figure>\n<p>T\u00fcrkiye,\u00a0<strong>40 adet Eurofighter Typhoon<\/strong>\u00a0sat\u0131n almak istiyor. Ortak bir proje olan\u00a0Eurofighter\u00a0sat\u0131n al\u0131m\u0131 i\u00e7in t\u00fcm \u00fcretici \u00fclkelerin onay\u0131 gerekiyor. Almanya haricindeki ortaklar sat\u0131n al\u0131m i\u00e7in &#8220;evet&#8221; y\u00f6n\u00fcnde bulunuyor. Almanya ile olan sorun ortadan kald\u0131r\u0131l\u0131rsa\u00a0Eurofighter&#8217;lar ABD&#8217;den al\u0131nmas\u0131 planlanan F-16&#8217;lar\u0131n yerine ge\u00e7ebilir.<\/p>\n<p><b>Eurofighter Typhoon sava\u015f u\u00e7a\u011f\u0131 \u00f6zellikleri<\/b><\/p>\n<ul>\n<li><strong>Uzunluk<\/strong>: 15.96 m (52.4 ft)<\/li>\n<li><strong>M\u00fcrettebat<\/strong>: 1 (2)<\/li>\n<li><strong>Kanat A\u00e7\u0131kl\u0131\u011f\u0131<\/strong>: 10.95 m (35.9 ft)<\/li>\n<li><strong>Kanat A\u00e7\u0131kl\u0131\u011f\u0131<\/strong>: 5.28 m (17.3 ft)<\/li>\n<li><strong>Kanat Alan\u0131<\/strong>: 51.2 m\u00b2<\/li>\n<li><strong>Bo\u015f A\u011f\u0131rl\u0131k<\/strong>: 11,000 kg (24.000 lb)<\/li>\n<li><strong>Y\u00fckl\u00fc A\u011f\u0131rl\u0131\u011f\u0131<\/strong>: 16.000 kg<\/li>\n<li><strong>Max. Kalk\u0131\u015f A\u011f\u0131rl\u0131\u011f\u0131<\/strong>: 23.500 kg (51.800 lb)<\/li>\n<li><strong>Motor<\/strong>: 2 x Eurojet EJ200 ard yakma turbofan<\/li>\n<li><strong>Motor G\u00fcc\u00fc<\/strong>: 60 kN (13.500 lbf) her biri<\/li>\n<li><strong>Yak\u0131t Kapasitesi<\/strong>: 5.000 kg (11.020 lb)<\/li>\n<li><strong>Maksimum h\u0131z<\/strong>\u00a0: Y\u00fcksek \u0130rtifada: (2495 km\/s) Deniz Seviyesinde: Mach 1.25 (1530 km\/s)<\/li>\n<li><strong>Menzil<\/strong>: 2900 km (1,800 mil)<\/li>\n<li><strong>Servis Yar\u0131\u00e7ap\u0131<\/strong>: 19.812 m<\/li>\n<li><strong>T\u0131rman\u0131\u015f<\/strong>: 315 m\/s [345]\u00a0<\/li>\n<li><strong>\u0130ti\u015f\/A\u011f\u0131rl\u0131k Oran<\/strong>\u0131: 1.15<\/li>\n<\/ul>\n<p>Kaynak\u00a0 :\u00a0<span style=\"background-color: rgb(255, 249, 236); color: rgb(55, 58, 60); font-size: 14px;\">https:\/\/www.donanimhaber.com\/turkiye-40-adet-f-16-satin-almayacak-hedef-artik-f-35&#8211;179382<\/span><\/p>\n","protected":false},"excerpt":{"rendered":"<p>Cumhurba\u015fkan\u0131 Recep Tayyip Erdo\u011fan, ABD&#8217;deki NATO Devlet ve H\u00fck\u00fcmet Ba\u015fkanlar\u0131 Zirvesi kapsam\u0131nda \u00f6nemli a\u00e7\u0131klamalarda bulundu. Yap\u0131lan ikili g\u00f6r\u00fc\u015fmeler neticesinde savunma sanayi ve havac\u0131l\u0131k alan\u0131nda \u00f6nemli konular ele al\u0131nd\u0131. Aktar\u0131lanlara &#8230;<\/p>\n","protected":false},"author":1,"featured_media":64846,"comment_status":"open","ping_status":"open","sticky":false,"template":"","format":"standard","meta":{"footnotes":""},"categories":[8],"tags":[1684,3297,2477,2122,146],"class_list":["post-64845","post","type-post","status-publish","format-standard","has-post-thumbnail","hentry","category-teknoloji","tag-alim","tag-eurofighter","tag-f-16","tag-satin","tag-turkiye"],"_links":{"self":[{"href":"https:\/\/kamucalisani.net\/index.php\/wp-json\/wp\/v2\/posts\/64845","targetHints":{"allow":["GET"]}}],"collection":[{"href":"https:\/\/kamucalisani.net\/index.php\/wp-json\/wp\/v2\/posts"}],"about":[{"href":"https:\/\/kamucalisani.net\/index.php\/wp-json\/wp\/v2\/types\/post"}],"author":[{"embeddable":true,"href":"https:\/\/kamucalisani.net\/index.php\/wp-json\/wp\/v2\/users\/1"}],"replies":[{"embeddable":true,"href":"https:\/\/kamucalisani.net\/index.php\/wp-json\/wp\/v2\/comments?post=64845"}],"version-history":[{"count":1,"href":"https:\/\/kamucalisani.net\/index.php\/wp-json\/wp\/v2\/posts\/64845\/revisions"}],"predecessor-version":[{"id":64850,"href":"https:\/\/kamucalisani.net\/index.php\/wp-json\/wp\/v2\/posts\/64845\/revisions\/64850"}],"wp:featuredmedia":[{"embeddable":true,"href":"https:\/\/kamucalisani.net\/index.php\/wp-json\/wp\/v2\/media\/64846"}],"wp:attachment":[{"href":"https:\/\/kamucalisani.net\/index.php\/wp-json\/wp\/v2\/media?parent=64845"}],"wp:term":[{"taxonomy":"category","embeddable":true,"href":"https:\/\/kamucalisani.net\/index.php\/wp-json\/wp\/v2\/categories?post=64845"},{"taxonomy":"post_tag","embeddable":true,"href":"https:\/\/kamucalisani.net\/index.php\/wp-json\/wp\/v2\/tags?post=64845"}],"curies":[{"name":"wp","href":"https:\/\/api.w.org\/{rel}","templated":true}]}}