{"id":65264,"date":"2024-07-16T07:12:06","date_gmt":"2024-07-16T07:12:06","guid":{"rendered":"https:\/\/kamucalisani.net\/?p=65264"},"modified":"2024-07-16T07:12:06","modified_gmt":"2024-07-16T07:12:06","slug":"yuksekovada-kar-kalinliginin-6-metreyi-astigi-calismalar-devam-ediyor","status":"publish","type":"post","link":"https:\/\/kamucalisani.net\/index.php\/2024\/07\/16\/yuksekovada-kar-kalinliginin-6-metreyi-astigi-calismalar-devam-ediyor\/","title":{"rendered":"Y\u00fcksekova&#8217;da kar kal\u0131nl\u0131\u011f\u0131n\u0131n 6 metreyi a\u015ft\u0131\u011f\u0131! \u00c7al\u0131\u015fmalar devam ediyor"},"content":{"rendered":"<p><p>Y\u00fcksekova il\u00e7esine 50 kilometre uzakl\u0131ktaki 3 bin 500 rak\u0131ml\u0131 \u0130kiyaka Sat G\u00f6lleri b\u00f6lgesindeki askeri \u00fcs b\u00f6lge yolu, k\u0131\u015f\u0131n ya\u011fan ilk karla ula\u015f\u0131ma kapand\u0131.<\/p>\n<p>B\u00f6lgede g\u00fcvenli\u011fi sa\u011flayan askerler i\u00e7in erzak ve m\u00fchimmat temini 6 ayd\u0131r helikopterle ile sa\u011flan\u0131rken, kar kal\u0131nl\u0131\u011f\u0131n\u0131n yer yer 6 metreyi a\u015ft\u0131\u011f\u0131 yolun a\u00e7\u0131lmas\u0131 i\u00e7in \u0130l \u00d6zel \u0130daresi&#8217;ne ba\u011fl\u0131 Y\u00fcksekova \u015eantiye \u015eefli\u011fi ekipleri \u00e7al\u0131\u015fma ba\u015flatt\u0131.<\/p>\n<div>\n<div> <img decoding=\"async\" src=\"https:\/\/kamucalisani.net\/wp-content\/uploads\/2024\/07\/yuksekovada-kar-kalinliginin-6-metreyi-astigi-calismalar-devam-ediyor-0-wJl1lXj4.jpg\"\/><\/img> <\/div>\n<\/p><\/div>\n<\/p>\n<p>&#8216;Kardan t\u00fcnel&#8217;ler a\u00e7\u0131larak ilerleyen i\u015f makineleriyle, 24 kilometrelik yolun 14 kilometresi ula\u015f\u0131ma a\u00e7\u0131ld\u0131, kapal\u0131 kalan 10 kilometrelik b\u00f6l\u00fcm\u00fcn a\u00e7\u0131lmas\u0131 i\u00e7in de \u00e7al\u0131\u015fmalar aral\u0131ks\u0131z s\u00fcr\u00fcyor.<\/p>\n<p>\u00a0<\/p>\n\n<p><\/p>\n<p>Kaynak :\u00a0<span style=\"background-color: rgb(255, 249, 236); color: rgb(55, 58, 60); font-size: 14px;\">http:\/\/www.milliyet.com.tr\/gundem\/yuksekovada-kar-kalinliginin-6-metreyi-astigi-calismalar-devam-ediyor-7140431<\/span><\/p>\n","protected":false},"excerpt":{"rendered":"<p>Hakk\u00e2ri\u2019nin Y\u00fcksekova il\u00e7esinde 6 ay \u00f6nce kapanan ve kar kal\u0131nl\u0131\u011f\u0131n\u0131n 6 metreyi a\u015ft\u0131\u011f\u0131 3 bin 500 rak\u0131ml\u0131 askeri \u00fcs b\u00f6lge yolu, ekiplerin \u00e7al\u0131\u015fmas\u0131 ile kardan temizleniyor.<\/p>\n","protected":false},"author":1,"featured_media":65265,"comment_status":"open","ping_status":"open","sticky":false,"template":"","format":"standard","meta":{"footnotes":""},"categories":[3],"tags":[],"class_list":["post-65264","post","type-post","status-publish","format-standard","has-post-thumbnail","hentry","category-guncel"],"_links":{"self":[{"href":"https:\/\/kamucalisani.net\/index.php\/wp-json\/wp\/v2\/posts\/65264","targetHints":{"allow":["GET"]}}],"collection":[{"href":"https:\/\/kamucalisani.net\/index.php\/wp-json\/wp\/v2\/posts"}],"about":[{"href":"https:\/\/kamucalisani.net\/index.php\/wp-json\/wp\/v2\/types\/post"}],"author":[{"embeddable":true,"href":"https:\/\/kamucalisani.net\/index.php\/wp-json\/wp\/v2\/users\/1"}],"replies":[{"embeddable":true,"href":"https:\/\/kamucalisani.net\/index.php\/wp-json\/wp\/v2\/comments?post=65264"}],"version-history":[{"count":1,"href":"https:\/\/kamucalisani.net\/index.php\/wp-json\/wp\/v2\/posts\/65264\/revisions"}],"predecessor-version":[{"id":65267,"href":"https:\/\/kamucalisani.net\/index.php\/wp-json\/wp\/v2\/posts\/65264\/revisions\/65267"}],"wp:featuredmedia":[{"embeddable":true,"href":"https:\/\/kamucalisani.net\/index.php\/wp-json\/wp\/v2\/media\/65265"}],"wp:attachment":[{"href":"https:\/\/kamucalisani.net\/index.php\/wp-json\/wp\/v2\/media?parent=65264"}],"wp:term":[{"taxonomy":"category","embeddable":true,"href":"https:\/\/kamucalisani.net\/index.php\/wp-json\/wp\/v2\/categories?post=65264"},{"taxonomy":"post_tag","embeddable":true,"href":"https:\/\/kamucalisani.net\/index.php\/wp-json\/wp\/v2\/tags?post=65264"}],"curies":[{"name":"wp","href":"https:\/\/api.w.org\/{rel}","templated":true}]}}