{"id":65695,"date":"2024-07-17T04:00:06","date_gmt":"2024-07-17T04:00:06","guid":{"rendered":"https:\/\/kamucalisani.net\/?p=65695"},"modified":"2024-07-17T04:00:06","modified_gmt":"2024-07-17T04:00:06","slug":"govde-olarak-hizmet-veren-karbon-fiber-piller-beklenen-pil-devrimi-olabilir","status":"publish","type":"post","link":"https:\/\/kamucalisani.net\/index.php\/2024\/07\/17\/govde-olarak-hizmet-veren-karbon-fiber-piller-beklenen-pil-devrimi-olabilir\/","title":{"rendered":"G\u00f6vde olarak hizmet veren karbon fiber piller, beklenen pil devrimi olabilir"},"content":{"rendered":"<p><figure> <span> <img decoding=\"async\" src=\"https:\/\/kamucalisani.net\/wp-content\/uploads\/2024\/07\/govde-olarak-hizmet-veren-karbon-fiber-piller-beklenen-pil-devrimi-olabilir-0-DHjDTC3L.jpg\"\/> <\/span> \u0130sve\u00e7&#8217;teki Chalmers Teknik \u00dcniversitesi&#8217;nin (CTU) bir yan kurulu\u015fu olan <strong>Sinonus<\/strong>,\u00a0elektrik enerjisini depolayabilen \u00e7\u0131\u011f\u0131r a\u00e7an <strong>karbon fiber <\/strong>malzemesiyle ula\u015ft\u0131rma sekt\u00f6r\u00fcn\u00fc d\u00f6n\u00fc\u015ft\u00fcrmeyi ama\u00e7l\u0131yor.\u00a0Malzeme, hem <strong>yap\u0131sal bir bile\u015fen hem de pil i\u015flevi g\u00f6rerek<\/strong> ayr\u0131 a\u011f\u0131r pillere olan ihtiyac\u0131 ortadan kald\u0131r\u0131yor. <\/figure>\n<p>\u015eirket, \u00fcniversite ara\u015ft\u0131rmac\u0131lar\u0131n\u0131n karbon fiber kompozit malzemeleri ger\u00e7ek d\u00fcnya uygulamalar\u0131nda kullanman\u0131n bir yolunu bulmas\u0131ndan bir y\u0131l sonra, 2022 y\u0131l\u0131nda kuruldu. Sinonus \u015fu anda teknolojisini ticarile\u015ftirmenin e\u015fi\u011finde oldu\u011funu s\u00f6yl\u00fcyor.<\/p>\n<p>CTU Malzeme ve Hesaplamal\u0131 Mekanik Profes\u00f6r\u00fc Leif Asp, geli\u015ftirdikleri teknolojiyi \u015f\u00f6yle a\u00e7\u0131kl\u0131yor: &#8220;Yap\u0131sal piller \u00fcretmeye y\u00f6nelik \u00f6nceki giri\u015fimler, iyi mekanik \u00f6zelliklere veya iyi elektriksel \u00f6zelliklere sahip h\u00fccrelerle sonu\u00e7land\u0131. Ancak biz, karbon fiber kullanarak, <strong>hem rekabet\u00e7i enerji depolama kapasitesine hem de sertli\u011fe sahip yap\u0131sal bir pil tasarlamay\u0131 ba\u015fard\u0131k.<\/strong>&#8220;<\/p>\n<p><b>Hafif ve uzun menzilli elektrikli ara\u00e7lar\u0131n \u00f6n\u00fcn\u00fc a\u00e7abilir<\/b><\/p>\n<p>Bu teknoloji sayesinde, <strong>daha uzun menzilli, daha hafif, daha verimli <\/strong>elektrikli ara\u00e7lar\u0131n ve yak\u0131t t\u00fcketimi daha d\u00fc\u015f\u00fck u\u00e7aklar\u0131n geli\u015ftirilmesi m\u00fcmk\u00fcn hale gelebilir.<\/p>\n<p>Sinonus CEO&#8217;su Markus Zetterstr\u00f6m ise \u015funlar\u0131 s\u00f6yledi: \u201c\u00c7e\u015fitli uygulamalarda yap\u0131sal malzemenin bir k\u0131sm\u0131n\u0131 \u00e7ok ama\u00e7l\u0131 kompozitimizle de\u011fi\u015ftirerek, a\u011f\u0131rl\u0131k veya hacim eklemeden elektrik depolama kapasitesini art\u0131rmak m\u00fcmk\u00fcn. Alternatif olarak, pil kapasitesini korurken sistem a\u011f\u0131rl\u0131\u011f\u0131n\u0131 ve hacmini azaltabilir.&#8221;<\/p>\n<p>Malzemenin enerji yo\u011funlu\u011funun hen\u00fcz geli\u015ftirilme a\u015famas\u0131nda oldu\u011funu belirten Zetterstr\u00f6m, enerji yo\u011funlu\u011funun \u015fu anda <strong>geleneksel bir\u00a0lityum iyon\u00a0pilin %25&#8217;i ile %50&#8217;si aras\u0131nda <\/strong>oldu\u011funu s\u00f6yledi. Yap\u0131sal piller geleneksel pillerle ayn\u0131 verimlilik seviyesine ula\u015famasa da yap\u0131sal y\u00fck ta\u015f\u0131ma kapasiteleri nedeniyle sistem d\u00fczeyinde \u00f6nemli kazan\u0131mlar sa\u011fl\u0131yor. Ayr\u0131ca yap\u0131sal pillerin d\u00fc\u015f\u00fck enerji yo\u011funlu\u011fu ve <strong>u\u00e7ucu madde i\u00e7ermemeleri,<\/strong> onlar\u0131 standart pillere g\u00f6re <strong>daha g\u00fcvenli <\/strong>hale getiriyor.<\/p>\n<p>CTU&#8217;da yap\u0131sal pillerin geli\u015ftirilmesi, belirli karbon fiber t\u00fcrlerini i\u00e7eren \u00f6nceki ke\u015fifler de dahil olmak \u00fczere uzun y\u0131llar s\u00fcren ara\u015ft\u0131rmalar\u0131n sonucu olarak ortaya \u00e7\u0131kt\u0131. 2018&#8217;de yap\u0131lan bir CTU ara\u015ft\u0131rmas\u0131nda, ara\u015ft\u0131rmac\u0131lar karbon fiber bazl\u0131 yap\u0131sal pillerin ara\u00e7lar\u0131n ve u\u00e7aklar\u0131n a\u011f\u0131rl\u0131\u011f\u0131n\u0131 \u00f6nemli \u00f6l\u00e7\u00fcde azaltabilece\u011fini buldular.<\/p>\n<p>2021 y\u0131l\u0131nda, \u00f6nceki versiyonlara g\u00f6re <strong>10 kat daha fazla performansa <\/strong>sahip yap\u0131sal bir batarya geli\u015ftirerek \u00f6nemli bir d\u00f6n\u00fcm noktas\u0131na ula\u015ft\u0131lar. Bu batarya, karbon fiberi ayn\u0131 anda elektrot, iletken ve y\u00fck ta\u015f\u0131y\u0131c\u0131 malzeme olarak kullanm\u0131\u015f ve o d\u00f6nemde piyasada bulunan benzer lityum iyon pillerle kar\u015f\u0131la\u015ft\u0131r\u0131ld\u0131\u011f\u0131nda yakla\u015f\u0131k <strong>%20 kapasiteye sahip olan 24 Wh\/kg enerji yo\u011funlu\u011funa ula\u015fm\u0131\u015ft\u0131.<\/strong><\/p>\n<figure> <span> <img decoding=\"async\" src=\"https:\/\/kamucalisani.net\/wp-content\/uploads\/2024\/07\/govde-olarak-hizmet-veren-karbon-fiber-piller-beklenen-pil-devrimi-olabilir-1-h3dZ4SN9.jpg\"\/> <\/span> Sinonus, d\u00fc\u015f\u00fck g\u00fc\u00e7 t\u00fcketimli cihazlarda<strong> AAA pillerin yerini alarak <\/strong>bu teknolojinin uygulanabilirli\u011fini ba\u015far\u0131yla kan\u0131tlad\u0131\u011f\u0131n\u0131 belirtiyor. \u015eirketin amac\u0131, teknolojiyi nesnelerin interneti cihazlar\u0131 gibi uygulamalardan dronlara, bilgisayarlara, daha b\u00fcy\u00fck elektrikli ara\u00e7lara ve hatta u\u00e7aklara geni\u015fletmek. <\/figure>\n<\/p>\n<p>Kaynak\u00a0 :\u00a0<span style=\"background-color: rgb(255, 249, 236); color: rgb(55, 58, 60); font-size: 14px;\">https:\/\/www.donanimhaber.com\/govde-olarak-hizmet-veren-karbon-fiber-piller-devrim-yaratabilir&#8211;179500<\/span><\/p>\n","protected":false},"excerpt":{"rendered":"<p>\u0130sve\u00e7&#8217;teki Chalmers Teknik \u00dcniversitesi&#8217;nin (CTU) bir yan kurulu\u015fu olan Sinonus,\u00a0elektrik enerjisini depolayabilen \u00e7\u0131\u011f\u0131r a\u00e7an karbon fiber malzemesiyle ula\u015ft\u0131rma sekt\u00f6r\u00fcn\u00fc d\u00f6n\u00fc\u015ft\u00fcrmeyi ama\u00e7l\u0131yor.\u00a0Malzeme, hem yap\u0131sal bir bile\u015fen hem de pil i\u015flevi &#8230;<\/p>\n","protected":false},"author":1,"featured_media":65696,"comment_status":"open","ping_status":"open","sticky":false,"template":"","format":"standard","meta":{"footnotes":""},"categories":[8],"tags":[412,79,2205,3216,168],"class_list":["post-65695","post","type-post","status-publish","format-standard","has-post-thumbnail","hentry","category-teknoloji","tag-elektrik","tag-enerji","tag-karbon-fiber","tag-malzeme","tag-pil"],"_links":{"self":[{"href":"https:\/\/kamucalisani.net\/index.php\/wp-json\/wp\/v2\/posts\/65695","targetHints":{"allow":["GET"]}}],"collection":[{"href":"https:\/\/kamucalisani.net\/index.php\/wp-json\/wp\/v2\/posts"}],"about":[{"href":"https:\/\/kamucalisani.net\/index.php\/wp-json\/wp\/v2\/types\/post"}],"author":[{"embeddable":true,"href":"https:\/\/kamucalisani.net\/index.php\/wp-json\/wp\/v2\/users\/1"}],"replies":[{"embeddable":true,"href":"https:\/\/kamucalisani.net\/index.php\/wp-json\/wp\/v2\/comments?post=65695"}],"version-history":[{"count":1,"href":"https:\/\/kamucalisani.net\/index.php\/wp-json\/wp\/v2\/posts\/65695\/revisions"}],"predecessor-version":[{"id":65699,"href":"https:\/\/kamucalisani.net\/index.php\/wp-json\/wp\/v2\/posts\/65695\/revisions\/65699"}],"wp:featuredmedia":[{"embeddable":true,"href":"https:\/\/kamucalisani.net\/index.php\/wp-json\/wp\/v2\/media\/65696"}],"wp:attachment":[{"href":"https:\/\/kamucalisani.net\/index.php\/wp-json\/wp\/v2\/media?parent=65695"}],"wp:term":[{"taxonomy":"category","embeddable":true,"href":"https:\/\/kamucalisani.net\/index.php\/wp-json\/wp\/v2\/categories?post=65695"},{"taxonomy":"post_tag","embeddable":true,"href":"https:\/\/kamucalisani.net\/index.php\/wp-json\/wp\/v2\/tags?post=65695"}],"curies":[{"name":"wp","href":"https:\/\/api.w.org\/{rel}","templated":true}]}}