{"id":65849,"date":"2024-07-17T09:48:08","date_gmt":"2024-07-17T09:48:08","guid":{"rendered":"https:\/\/kamucalisani.net\/?p=65849"},"modified":"2024-07-17T09:48:08","modified_gmt":"2024-07-17T09:48:08","slug":"canli-gozler-chp-genel-merkezinde-erdogandan-18-yil-sonra-tarihi-ziyaret","status":"publish","type":"post","link":"https:\/\/kamucalisani.net\/index.php\/2024\/07\/17\/canli-gozler-chp-genel-merkezinde-erdogandan-18-yil-sonra-tarihi-ziyaret\/","title":{"rendered":"CANLI                         G\u00f6zler CHP Genel Merkezi&#8217;nde! Erdo\u011fan&#8217;dan 18 y\u0131l sonra tarihi ziyaret"},"content":{"rendered":"<p><p>Cumhurba\u015fkan\u0131 Recep Tayyip Erdo\u011fan 18 y\u0131l aran\u0131n ard\u0131ndan CHP Genel Merkezi&#8217;ne gidiyor. Erdo\u011fan&#8217;la CHP Genel Ba\u015fkan\u0131 \u00d6zg\u00fcr \u00d6zel, k\u0131rk g\u00fcn sonra ikinci kez bir araya geliyor. G\u00f6r\u00fc\u015fmenin saat 16.00&#8217;da ba\u015flamas\u0131 bekleniyor.<\/p>\n<section>\n<div>\n<div> <img decoding=\"async\" src=\"https:\/\/kamucalisani.net\/wp-content\/uploads\/2024\/07\/canli-h2X7Sc3A.jpg\"\/><\/img> <\/p>\n<p> Tarihi ziyaretteki geli\u015fmeleri anbean aktar\u0131yoruz&#8230; <\/p>\n<\/div>\n<div> <span>15:20<\/span> <span>11 Haziran 2024<\/span> <\/p>\n<div> MAKAM ODASINDA DE\u011e\u0130\u015e\u0130KL\u0130K YOK <\/div>\n<div>\n<p>Cumhurba\u015fkan\u0131 Recep Tayyip Erdo\u011fan, yerel se\u00e7im sonras\u0131 siyasette ba\u015flayan normalle\u015fme r\u00fczgar\u0131 kapsam\u0131nda 2 May\u0131s\u2019ta kendisini AK Parti Genel Merkezi\u2019nde ziyaret eden CHP Genel Ba\u015fkan\u0131 \u00d6zg\u00fcr \u00d6zel\u2019e, beklenen iade-i ziyaretini bug\u00fcn ger\u00e7ekle\u015ftiriyor. Erdo\u011fan, 18 y\u0131ll\u0131k bir aradan sonra ikinci kez CHP Genel Merkezi\u2019nde a\u011f\u0131rlanacak. Erdo\u011fan\u2019\u0131n iade-i ziyaretinin, \u0130Y\u0130 Parti eski Genel Ba\u015fkan\u0131 Meral Ak\u015fener ile s\u00fcrpriz bulu\u015fmas\u0131n\u0131n hemen akabinde ger\u00e7ekle\u015fiyor olmas\u0131 da siyasette t\u00fcm g\u00f6zlerin bug\u00fcnk\u00fc g\u00f6r\u00fc\u015fmeye \u00e7evrilmesine yol a\u00e7t\u0131. \u00d6zel, Cumhurba\u015fkan\u0131\u2019n\u0131 CHP Genel Merkezi\u2019nde 12. katta bulunan makam\u0131nda a\u011f\u0131rlayacak. Edinilen bilgiye g\u00f6re, ziyaret i\u00e7in \u00d6zel\u2019in makam odas\u0131nda herhangi bir dekorasyon de\u011fi\u015fikli\u011fine gidilmedi. Odada ayn\u0131 hizada ve yan yana bulunan iki tekli koltu\u011fun birinde \u00d6zel, di\u011ferinde Cumhurba\u015fkan\u0131 Erdo\u011fan oturacak.<\/p>\n<\/div>\n<div>\n<div>\n<div> <span> <img decoding=\"async\" src=\"https:\/\/kamucalisani.net\/wp-content\/uploads\/2024\/07\/canli-taA4eOXs.jpg\"\/><\/img> <\/span> <\/div>\n<\/p><\/div>\n<\/p><\/div>\n<\/p><\/div>\n<div> <span>15:19<\/span> <span>11 Haziran 2024<\/span> <\/p>\n<div> EL\u0130TA\u015e VE TAN OLACAK <\/div>\n<div>\n<p>G\u00f6r\u00fc\u015fmede 2 May\u0131s\u2019taki ilk g\u00f6r\u00fc\u015fmede oldu\u011fu gibi Erdo\u011fan\u2019a Genel Ba\u015fkanvekili Mustafa Elita\u015f\u2019\u0131n, \u00d6zel\u2019e ise emekli b\u00fcy\u00fckel\u00e7i \u0130stanbul Milletvekili Nam\u0131k Tan e\u015flik edecek. Elita\u015f ve Tan, makam odas\u0131nda kar\u015f\u0131l\u0131kl\u0131 bulunan iki kanepede oturacak. Cumhurba\u015fkan\u0131 Erdo\u011fan\u2019\u0131n arkas\u0131nda \u00fczerinde Cumhurba\u015fkanl\u0131\u011f\u0131 Forsu bulunan T\u00fcrk Bayra\u011f\u0131, \u00d6zel\u2019in arkas\u0131nda da CHP bayra\u011f\u0131 olacak. Erdo\u011fan\u2019\u0131n ziyareti s\u0131ras\u0131nda Genel Merkez\u2019in \u00f6n\u00fcndeki bayrak direklerinden birine de Cumhurba\u015fkanl\u0131\u011f\u0131 forslu T\u00fcrk Bayra\u011f\u0131 \u00e7ekilecek. CHP Genel Merkezi\u2019nde gelen konuklara \u00e7ay ve kahvenin yan\u0131nda mor reyhan \u00e7ay\u0131 da ikram ediliyor. Cumhurba\u015fkan\u0131\u2019na da arzu etmesi halinde mor reyhan \u00e7ay\u0131 ikram\u0131nda bulunulacak. Genel Merkez\u2019de mesir \u00e7ay\u0131, ke\u00e7i boynuzu \u00e7ay\u0131 da t\u00fcketiliyor.<\/p>\n<\/div>\n<div>\n<div>\n<div> <span> <img decoding=\"async\" src=\"https:\/\/kamucalisani.net\/wp-content\/uploads\/2024\/07\/canli-taA4eOXs.jpg\"\/><\/img> <\/span> <\/div>\n<\/p><\/div>\n<\/p><\/div>\n<\/p><\/div>\n<div> <span>15:18<\/span> <span>11 Haziran 2024<\/span> <\/p>\n<div> \u00d6ZEL, ERDO\u011eAN&#8217;I U\u011eURLAYACAK <\/div>\n<div>\n<p>\u00d6zel, Cumhurba\u015fkan\u0131\u2019n\u0131 Genel Merkez\u2019in giri\u015finde kar\u015f\u0131layacak. Erdo\u011fan ve \u00d6zel bas\u0131n mensuplar\u0131na foto\u011fraf verdikten sonra asans\u00f6rle 12. kata \u00e7\u0131kacak. \u00d6zel, ziyaret bittikten sonra da Erdo\u011fan\u2019\u0131 u\u011furlayacak.<\/p>\n<\/div>\n<div>\n<div>\n<div> <span> <img decoding=\"async\" src=\"https:\/\/kamucalisani.net\/wp-content\/uploads\/2024\/07\/canli-taA4eOXs.jpg\"\/><\/img> <\/span> <\/div>\n<\/p><\/div>\n<\/p><\/div>\n<\/p><\/div>\n<div> <span>15:18<\/span> <span>11 Haziran 2024<\/span> <\/p>\n<div> G\u00dcNDEMDEK\u0130 EN \u00d6NEML\u0130 BA\u015eLIKLAR <\/div>\n<div>\n<p>\u00d6zg\u00fcr \u00d6zel\u2019in, Cumhurba\u015fkan\u0131\u2019yla yapaca\u011f\u0131 g\u00f6r\u00fc\u015fmede g\u00fcndeme getirece\u011fi en \u00f6nemli ba\u015fl\u0131klar \u201cemekli maa\u015f\u0131\u201d ve \u201casgari \u00fccret\u201d ile ba\u015fta a\u00e7\u0131klanan \u00e7ay ve bu\u011fday taban fiyatlar\u0131 olmak \u00fczere \u00e7ift\u00e7ilerin sorunlar\u0131 olacak. \u00d6zel\u2019in dosyas\u0131nda Hakkari Belediye Ba\u015fkanl\u0131\u011f\u0131\u2019na kayyum atamas\u0131 ile Adalet Bakanl\u0131\u011f\u0131 \u00f6n\u00fcnde oturma eylemi yapan Emine \u015eenya\u015far\u2019\u0131n durumu da yer alacak. \u00d6zel, Cumhurba\u015fkan\u0131 e\u011fer konuyu g\u00fcndeme getirmezse, yeni anayasa konusunu a\u00e7mayacak.<\/p>\n<\/div>\n<div>\n<div>\n<div> <span> <img decoding=\"async\" src=\"https:\/\/kamucalisani.net\/wp-content\/uploads\/2024\/07\/canli-taA4eOXs.jpg\"\/><\/img> <\/span> <\/div>\n<\/p><\/div>\n<\/p><\/div>\n<\/p><\/div>\n<\/p><\/div>\n<div>\n<div> <img decoding=\"async\" src=\"https:\/\/kamucalisani.net\/wp-content\/uploads\/2024\/07\/canli-h64sURDM.jpg\"\/><\/img> <\/p>\n<p><b>Canl\u0131 Anlat\u0131m \u00d6zeti<\/b><\/p>\n<\/div>\n<ul>\n<li> <img decoding=\"async\" src=\"https:\/\/kamucalisani.net\/wp-content\/uploads\/2024\/07\/canli-xU2E2ntJ.jpg\"\/><\/img> MAKAM ODASINDA DE\u011e\u0130\u015e\u0130KL\u0130K YOK <\/li>\n<li> <img decoding=\"async\" src=\"https:\/\/kamucalisani.net\/wp-content\/uploads\/2024\/07\/canli-xU2E2ntJ.jpg\"\/><\/img> EL\u0130TA\u015e VE TAN OLACAK <\/li>\n<li> <img decoding=\"async\" src=\"https:\/\/kamucalisani.net\/wp-content\/uploads\/2024\/07\/canli-xU2E2ntJ.jpg\"\/><\/img> \u00d6ZEL, ERDO\u011eAN&#8217;I U\u011eURLAYACAK <\/li>\n<li> <img decoding=\"async\" src=\"https:\/\/kamucalisani.net\/wp-content\/uploads\/2024\/07\/canli-xU2E2ntJ.jpg\"\/><\/img> G\u00dcNDEMDEK\u0130 EN \u00d6NEML\u0130 BA\u015eLIKLAR <\/li>\n<\/ul><\/div>\n<\/section>\n<p><\/p>\n<p>Kaynak :\u00a0<span style=\"background-color: rgb(255, 249, 236); color: rgb(55, 58, 60); font-size: 14px;\">http:\/\/www.milliyet.com.tr\/gundem\/live-son-dakika-gozler-tarihi-ziyarette-erdogandan-18-yil-sonra-chpye-ziyaret-7140637<\/span><\/p>\n","protected":false},"excerpt":{"rendered":"<p>Cumhurba\u015fkan\u0131 Erdo\u011fan, CHP lideri \u00d6zg\u00fcr \u00d6zel\u2019e, beklenen iade-i ziyaretini bug\u00fcn ger\u00e7ekle\u015fiyor. \u00d6zel, Erdo\u011fan\u2019\u0131 CHP Genel Merkezi\u2019nde 12. katta bulunan makam\u0131nda a\u011f\u0131rlamaya haz\u0131rlan\u0131yor. Beklenen ziyarete dakikalar kald\u0131&#8230;<\/p>\n","protected":false},"author":1,"featured_media":65850,"comment_status":"open","ping_status":"open","sticky":false,"template":"","format":"standard","meta":{"footnotes":""},"categories":[3],"tags":[1361,594,593,3433,1536],"class_list":["post-65849","post","type-post","status-publish","format-standard","has-post-thumbnail","hentry","category-guncel","tag-cay","tag-cumhurbaskani","tag-erdogan","tag-makam","tag-ziyaret"],"_links":{"self":[{"href":"https:\/\/kamucalisani.net\/index.php\/wp-json\/wp\/v2\/posts\/65849","targetHints":{"allow":["GET"]}}],"collection":[{"href":"https:\/\/kamucalisani.net\/index.php\/wp-json\/wp\/v2\/posts"}],"about":[{"href":"https:\/\/kamucalisani.net\/index.php\/wp-json\/wp\/v2\/types\/post"}],"author":[{"embeddable":true,"href":"https:\/\/kamucalisani.net\/index.php\/wp-json\/wp\/v2\/users\/1"}],"replies":[{"embeddable":true,"href":"https:\/\/kamucalisani.net\/index.php\/wp-json\/wp\/v2\/comments?post=65849"}],"version-history":[{"count":1,"href":"https:\/\/kamucalisani.net\/index.php\/wp-json\/wp\/v2\/posts\/65849\/revisions"}],"predecessor-version":[{"id":65861,"href":"https:\/\/kamucalisani.net\/index.php\/wp-json\/wp\/v2\/posts\/65849\/revisions\/65861"}],"wp:featuredmedia":[{"embeddable":true,"href":"https:\/\/kamucalisani.net\/index.php\/wp-json\/wp\/v2\/media\/65850"}],"wp:attachment":[{"href":"https:\/\/kamucalisani.net\/index.php\/wp-json\/wp\/v2\/media?parent=65849"}],"wp:term":[{"taxonomy":"category","embeddable":true,"href":"https:\/\/kamucalisani.net\/index.php\/wp-json\/wp\/v2\/categories?post=65849"},{"taxonomy":"post_tag","embeddable":true,"href":"https:\/\/kamucalisani.net\/index.php\/wp-json\/wp\/v2\/tags?post=65849"}],"curies":[{"name":"wp","href":"https:\/\/api.w.org\/{rel}","templated":true}]}}