{"id":66202,"date":"2024-07-18T01:12:06","date_gmt":"2024-07-18T01:12:06","guid":{"rendered":"https:\/\/kamucalisani.net\/?p=66202"},"modified":"2024-07-18T01:12:06","modified_gmt":"2024-07-18T01:12:06","slug":"interde-euro-2024-oncesi-nicolo-barella-karari","status":"publish","type":"post","link":"https:\/\/kamucalisani.net\/index.php\/2024\/07\/18\/interde-euro-2024-oncesi-nicolo-barella-karari\/","title":{"rendered":"Inter&#8217;de EURO 2024 \u00f6ncesi Nicolo Barella karar\u0131!"},"content":{"rendered":"<p><p>\u0130talya\u2019da sezonu lig ve s\u00fcper kupa \u015fampiyonluklar\u0131 ile tamamlayan Inter, 27 ya\u015f\u0131ndaki oyuncusu Nicolo Barella\u2019n\u0131n s\u00f6zle\u015fmesini yeniledi. Kul\u00fcpten yap\u0131lan a\u00e7\u0131klamada \u0130talyan orta sahan\u0131n 2029 y\u0131l\u0131na kadar s\u00f6zle\u015fmesinin uzat\u0131ld\u0131\u011f\u0131 duyuruldu. Ayn\u0131 zamanda \u0130talya bas\u0131n\u0131nda yer alan haberlere g\u00f6re Nicolo Barella\u2019n\u0131n yeni s\u00f6zle\u015fmesiyle birlikte Serie A\u2019da \u0130talyan futbolcular aras\u0131nda en \u00e7ok maa\u015f alacak oyuncu olaca\u011f\u0131 belirtildi.<\/p>\n<p><strong>NICOLO BARELLA: BU B\u00dcY\u00dcK KUL\u00dcB\u00dcN RENKLER\u0130N\u0130 DAHA UZUN YILLAR G\u0130YECEK OLMAMIN MUTLULU\u011eUNU YA\u015eIYORUM<\/strong><\/p>\n<p>Yeni s\u00f6zle\u015fmesinin ard\u0131ndan a\u00e7\u0131klamalarda bulunan Nicolo Barella, \u201c\u0130nter ile s\u00f6zle\u015fmemi uzatman\u0131n ve bu b\u00fcy\u00fck kul\u00fcb\u00fcn renklerini daha uzun y\u0131llar giyecek olmam\u0131n mutlulu\u011funu ve heyecan\u0131n\u0131 ya\u015f\u0131yorum. Bu imzan\u0131n Avrupa \u015eampiyonas\u0131 \u00f6ncesinde olmas\u0131n\u0131 istedim. Bu b\u00fcy\u00fck kul\u00fcb\u00fcn renklerini daha uzun s\u00fcre giyecek olmaktan ger\u00e7ekten gurur duyuyorum. Tak\u0131mla ve teknik direkt\u00f6rle bu y\u0131llarda ba\u015flatt\u0131\u011f\u0131m\u0131z ba\u015far\u0131 yolunu devam ettirmek istiyorum. Taraftarlar\u0131m\u0131za daha fazla sevin\u00e7 ya\u015fatmak i\u00e7in her zaman b\u00fcy\u00fcmek istiyoruz. Onlarla unutulmaz anlar ya\u015fad\u0131k ve eminim ki daha bir\u00e7oklar\u0131 gelecek. \u015eu anda \u0130talya ile Avrupa \u015eampiyonas\u0131&#8217;na odakland\u0131m. Sezonun yeniden ba\u015flamas\u0131n\u0131 sab\u0131rs\u0131zl\u0131kla bekliyorum. \u0130nter&#8217;in muhte\u015fem taraftarlar\u0131 \u00f6n\u00fcnde tekrar oynamay\u0131 d\u00f6rt g\u00f6zle bekliyorum\u201d dedi.<\/p>\n<p>2019 y\u0131l\u0131nda Cagliari\u2019den 12 milyon Euro kar\u015f\u0131l\u0131\u011f\u0131nda kiral\u0131k olarak Inter\u2019in yolunu tutan Nicolo Barella, sezonu tamamlad\u0131ktan sonra 32,5 milyon Euro sat\u0131n alma opsiyonu ile \u0130talyan devine imza atm\u0131\u015ft\u0131. Bu sezonla birlikte Inter formas\u0131n\u0131 toplamda 235 kez terleten \u0130talyan orta saha, t\u00fcm kulvarlarda toplamda 22 gol ve 51 asistlik katk\u0131 sa\u011flad\u0131. Inter formas\u0131 alt\u0131nda 2 \u0130talya Serie A, 2 \u0130talya Kupas\u0131 ve 3 \u0130talya S\u00fcper Kupas\u0131 zaferi ya\u015fayan 27 ya\u015f\u0131ndaki oyuncu, 2 kez de Inter formas\u0131yla \u0130talya\u2019da sezonun orta sahas\u0131 oldu.<\/p>\n\n<p><\/p>\n<p>Kaynak :\u00a0<span style=\"background-color: rgb(255, 249, 236); color: rgb(55, 58, 60); font-size: 14px;\">http:\/\/www.milliyet.com.tr\/skorer\/interde-euro-2024-oncesi-nicolo-barella-karari-7140807<\/span><\/p>\n","protected":false},"excerpt":{"rendered":"<p>Inter&#8217;de forma giyen 27 ya\u015f\u0131ndaki orta saha Nicolo Barella, s\u00f6zle\u015fmesini 2029&#8217;a kadar uzatt\u0131. Barella imza sonras\u0131, &#8220;Bu b\u00fcy\u00fck kul\u00fcb\u00fcn renklerini daha uzun s\u00fcre giyecek olmaktan ger\u00e7ekten gurur duyuyorum.&#8221; dedi.<\/p>\n","protected":false},"author":1,"featured_media":66203,"comment_status":"open","ping_status":"open","sticky":false,"template":"","format":"standard","meta":{"footnotes":""},"categories":[7],"tags":[3479,592],"class_list":["post-66202","post","type-post","status-publish","format-standard","has-post-thumbnail","hentry","category-spor","tag-inter","tag-italya"],"_links":{"self":[{"href":"https:\/\/kamucalisani.net\/index.php\/wp-json\/wp\/v2\/posts\/66202","targetHints":{"allow":["GET"]}}],"collection":[{"href":"https:\/\/kamucalisani.net\/index.php\/wp-json\/wp\/v2\/posts"}],"about":[{"href":"https:\/\/kamucalisani.net\/index.php\/wp-json\/wp\/v2\/types\/post"}],"author":[{"embeddable":true,"href":"https:\/\/kamucalisani.net\/index.php\/wp-json\/wp\/v2\/users\/1"}],"replies":[{"embeddable":true,"href":"https:\/\/kamucalisani.net\/index.php\/wp-json\/wp\/v2\/comments?post=66202"}],"version-history":[{"count":1,"href":"https:\/\/kamucalisani.net\/index.php\/wp-json\/wp\/v2\/posts\/66202\/revisions"}],"predecessor-version":[{"id":66204,"href":"https:\/\/kamucalisani.net\/index.php\/wp-json\/wp\/v2\/posts\/66202\/revisions\/66204"}],"wp:featuredmedia":[{"embeddable":true,"href":"https:\/\/kamucalisani.net\/index.php\/wp-json\/wp\/v2\/media\/66203"}],"wp:attachment":[{"href":"https:\/\/kamucalisani.net\/index.php\/wp-json\/wp\/v2\/media?parent=66202"}],"wp:term":[{"taxonomy":"category","embeddable":true,"href":"https:\/\/kamucalisani.net\/index.php\/wp-json\/wp\/v2\/categories?post=66202"},{"taxonomy":"post_tag","embeddable":true,"href":"https:\/\/kamucalisani.net\/index.php\/wp-json\/wp\/v2\/tags?post=66202"}],"curies":[{"name":"wp","href":"https:\/\/api.w.org\/{rel}","templated":true}]}}