{"id":66372,"date":"2024-07-18T10:00:07","date_gmt":"2024-07-18T10:00:07","guid":{"rendered":"https:\/\/kamucalisani.net\/?p=66372"},"modified":"2024-07-18T10:00:07","modified_gmt":"2024-07-18T10:00:07","slug":"galatasarayda-kerem-akturkoglu-plani-ayrilirsa-transfer-hazir","status":"publish","type":"post","link":"https:\/\/kamucalisani.net\/index.php\/2024\/07\/18\/galatasarayda-kerem-akturkoglu-plani-ayrilirsa-transfer-hazir\/","title":{"rendered":"Galatasaray&#8217;da Kerem Akt\u00fcrko\u011flu plan\u0131! Ayr\u0131l\u0131rsa transfer haz\u0131r"},"content":{"rendered":"<p><p>Galatasaray&#8217;da transfer \u00e7al\u0131\u015fmalar\u0131 devam ediyor. Sar\u0131 k\u0131rm\u0131z\u0131l\u0131lar, sezon haz\u0131rl\u0131klar\u0131 ba\u015flamadan \u00f6nce takviyelerin b\u00fcy\u00fck bir b\u00f6l\u00fcm\u00fcn\u00fc yapmak istiyor.<\/p>\n<p><strong>KARAR EURO 2024 SONRASI <\/strong><br \/>Galatasaray\u2019da Kerem Akt\u00fcrko\u011flu plan\u0131 belli oldu. Aslan, gen\u00e7 y\u0131ld\u0131z\u0131n verece\u011fi karara g\u00f6re transferde hareket edecek. Kerem\u2019in ayr\u0131lmas\u0131 durumunda sar\u0131-k\u0131rm\u0131z\u0131l\u0131lar, Alanyaspor\u2019dan O\u011fuz Ayd\u0131n\u2019\u0131n transferi i\u00e7in \u015fartlar\u0131 zorlayacak. Y\u00f6netim, O\u011fuz&#8217;u isteyen Teknik Direkt\u00f6r Okan Buruk\u2019un bu talebini ger\u00e7ekle\u015ftirmek i\u00e7in, Kerem Akt\u00fcrko\u011flu&#8217;nun karar\u0131na g\u00f6re bir politika izleyece\u011fi bildirildi.<\/p>\n<p><strong>BONSERV\u0130S\u0130 5 M\u0130LYON EURO <\/strong><br \/>Real Sociedad\u2019\u0131n \u00f6neride bulundu\u011fu ve yine Suudi Arabistan\u2019dan \u00f6nemli teklifler alan Kerem\u2019in ise Avrupa \u015eampiyonas\u0131\u2019ndan sonra karar\u0131n\u0131 verece\u011fi belirtildi. Kerem\u2019in karar\u0131na sayg\u0131 duyacak olan sar\u0131-k\u0131rm\u0131z\u0131l\u0131lar, olas\u0131 bir ayr\u0131l\u0131kta kesenin a\u011fz\u0131n\u0131 a\u00e7acak. Galatasaray\u2019\u0131n Kerem\u2019in sat\u0131\u015f\u0131ndan 20 milyon euro bekledi\u011fi dile getirilirken, Alanya&#8217;n\u0131n da O\u011fuz i\u00e7in 5 milyon istedi\u011fi vurguland\u0131.\u00a0<\/p>\n<div>\n<div> <img decoding=\"async\" src=\"https:\/\/kamucalisani.net\/wp-content\/uploads\/2024\/07\/galatasarayda-kerem-akturkoglu-plani-ayrilirsa-transfer-hazir-0-5D4ZeVH3.jpg\"\/><\/img> <\/div>\n<\/p><\/div>\n<\/p>\n<p><strong>O\u011eUZ AYDIN&#8217;DAN 21 GOL KATKISI<\/strong><\/p>\n<p>O\u011fuz Ayd\u0131n geride kalan sezonda Alanyaspor formas\u0131n\u0131 38 m\u00fcsabakada terletti. 23 ya\u015f\u0131ndaki kanat oyuncusu bu ma\u00e7larda 13 gol atma ba\u015far\u0131s\u0131 g\u00f6sterdi. Gen\u00e7 oyuncu, tak\u0131m arkada\u015flar\u0131na 8 asist yapt\u0131.<\/p>\n<p>O\u011fuz Ayd\u0131n&#8217;\u0131n Alanyaspor ile olan s\u00f6zle\u015fmesi 30 Haziran 2026&#8217;da sona erecek. Gen\u00e7 futbolcunun g\u00fcncel piyasa de\u011feri 4 milyon 300 bin euro.<\/p>\n<p>AZ Alkmaar altyap\u0131s\u0131nda futbola ba\u015flayan O\u011fuz Ayd\u0131n daha sonra Bucaspor, Karacabey Belediyespor ve 1928 Bucaspor&#8217;da oynad\u0131. Alanyaspor, 2021-2022 sezonu ba\u015f\u0131nda O\u011fuz Ayd\u0131n&#8217;\u0131 renklerine ba\u011flad\u0131.<\/p>\n\n<p><\/p>\n<p>Kaynak :\u00a0<span style=\"background-color: rgb(255, 249, 236); color: rgb(55, 58, 60); font-size: 14px;\">http:\/\/www.milliyet.com.tr\/skorer\/galatasarayda-kerem-akturkoglu-plani-ayrilirsa-transfer-hazir-7140821<\/span><\/p>\n","protected":false},"excerpt":{"rendered":"<p>S\u00fcper Lig&#8217;i \u015fampiyon olarak tamamlayan Galatasaray&#8217;da yeni sezon planlamas\u0131nda Kerem Akt\u00fcrko\u011flu&#8217;nun gelece\u011fi merak ediliyor. Milli oyuncu i\u00e7in yol haritas\u0131 belirlendi.<\/p>\n","protected":false},"author":1,"featured_media":66373,"comment_status":"open","ping_status":"open","sticky":false,"template":"","format":"standard","meta":{"footnotes":""},"categories":[7],"tags":[170,578,3505,2452],"class_list":["post-66372","post","type-post","status-publish","format-standard","has-post-thumbnail","hentry","category-spor","tag-alan","tag-karar","tag-kerem","tag-oguz-aydin"],"_links":{"self":[{"href":"https:\/\/kamucalisani.net\/index.php\/wp-json\/wp\/v2\/posts\/66372","targetHints":{"allow":["GET"]}}],"collection":[{"href":"https:\/\/kamucalisani.net\/index.php\/wp-json\/wp\/v2\/posts"}],"about":[{"href":"https:\/\/kamucalisani.net\/index.php\/wp-json\/wp\/v2\/types\/post"}],"author":[{"embeddable":true,"href":"https:\/\/kamucalisani.net\/index.php\/wp-json\/wp\/v2\/users\/1"}],"replies":[{"embeddable":true,"href":"https:\/\/kamucalisani.net\/index.php\/wp-json\/wp\/v2\/comments?post=66372"}],"version-history":[{"count":1,"href":"https:\/\/kamucalisani.net\/index.php\/wp-json\/wp\/v2\/posts\/66372\/revisions"}],"predecessor-version":[{"id":66375,"href":"https:\/\/kamucalisani.net\/index.php\/wp-json\/wp\/v2\/posts\/66372\/revisions\/66375"}],"wp:featuredmedia":[{"embeddable":true,"href":"https:\/\/kamucalisani.net\/index.php\/wp-json\/wp\/v2\/media\/66373"}],"wp:attachment":[{"href":"https:\/\/kamucalisani.net\/index.php\/wp-json\/wp\/v2\/media?parent=66372"}],"wp:term":[{"taxonomy":"category","embeddable":true,"href":"https:\/\/kamucalisani.net\/index.php\/wp-json\/wp\/v2\/categories?post=66372"},{"taxonomy":"post_tag","embeddable":true,"href":"https:\/\/kamucalisani.net\/index.php\/wp-json\/wp\/v2\/tags?post=66372"}],"curies":[{"name":"wp","href":"https:\/\/api.w.org\/{rel}","templated":true}]}}