{"id":66471,"date":"2024-07-18T14:36:07","date_gmt":"2024-07-18T14:36:07","guid":{"rendered":"https:\/\/kamucalisani.net\/?p=66471"},"modified":"2024-07-18T14:36:07","modified_gmt":"2024-07-18T14:36:07","slug":"bakan-yerlikaya-acikladi-5-ayri-organize-suc-orgutu-cokertildi","status":"publish","type":"post","link":"https:\/\/kamucalisani.net\/index.php\/2024\/07\/18\/bakan-yerlikaya-acikladi-5-ayri-organize-suc-orgutu-cokertildi\/","title":{"rendered":"Bakan Yerlikaya a\u00e7\u0131klad\u0131: 5 ayr\u0131 organize su\u00e7 \u00f6rg\u00fct\u00fc \u00e7\u00f6kertildi"},"content":{"rendered":"<p><p>\u0130\u00e7i\u015fleri Bakan\u0131 Ali Yerlikaya&#8217;dan s\u00fcren operasyonlara ili\u015fkin yeni bir a\u00e7\u0131klama geldi. Bakan Yerlikaya&#8217;n\u0131n sosyal medya hesab\u0131ndan yapt\u0131\u011f\u0131 a\u00e7\u0131klama \u015f\u00f6yle:<\/p>\n<p>Hatay, Ankara, \u00c7ank\u0131r\u0131 ve Konya\u2019da d\u00fczenlenen \u201cKUYU-5\u201d operasyonlar\u0131nda;<br \/>\u2757\ufe0fHatay Merkez&#8217;de \u00d6mer Kartopu\u2019nun,<br \/>\u2757\ufe0fHatay \u0130skenderun\u2019da Ali Ak\u2019\u0131n,<br \/>\u2757\ufe0fAnkara\u2019da Alper Aksoy\u2019un,<br \/>\u2757\u00c7ank\u0131r\u0131\u2019da Recep Arma\u011fan\u2019\u0131n ve<br \/>\u2757Konya\u2019da Faris \u00c7okkaynar\u2019\u0131n (Cezaevinde) eleba\u015f\u0131l\u0131\u011f\u0131n\u0131 yapt\u0131\u011f\u0131 5\ufe0f\u20e3 ayr\u0131 Organize Su\u00e7 \u00d6rg\u00fct\u00fc \u00c7\u00f6kertildi\u2757\ufe0f<\/p>\n<p>Operasyonlarda 4\ufe0f\u20e3 eleba\u015f\u0131n\u0131n da i\u00e7erisinde bulundu\u011fu organize su\u00e7 \u00f6rg\u00fct\u00fc \u00fcyesi 5\ufe0f\u20e37\ufe0f\u20e3 \u015f\u00fcpheli yakaland\u0131 \u2757\ufe0f<\/p>\n<p>Aziz Milletimizin Bilmesini \u0130sterim ki;<br \/>\u015eehir e\u015fkiyalar\u0131na nefes ald\u0131rmayaca\u011f\u0131z. Milletimizin duas\u0131 ve deste\u011fiyle organize su\u00e7 \u00f6rg\u00fctlerine kar\u015f\u0131 \u015fafak s\u00f6kerken de g\u00fcn batarken de operasyonlar\u0131m\u0131z kararl\u0131l\u0131kla devam edecek\u2757\ufe0f<\/p>\n<p>\u274cEmniyet Genel M\u00fcd\u00fcrl\u00fc\u011f\u00fc KOM Ba\u015fkanl\u0131\u011f\u0131 koordinesinde; \u0130l Emniyet M\u00fcd\u00fcrl\u00fckleri KOM \u015eube M\u00fcd\u00fcrl\u00fcklerince Hatay, Ankara, \u00c7ank\u0131r\u0131 ve Konya\u2019da d\u00fczenlenen operasyonlarda organize su\u00e7 \u00f6rg\u00fct\u00fc \u00fcyesi \u015f\u00fcphelilerin;<br \/>\ud83d\udcccKendilerine rakip olarak g\u00f6rd\u00fckleri ve alan kavgas\u0131 i\u00e7erisinde bulunduklar\u0131 su\u00e7 gruplar\u0131na y\u00f6nelik silahl\u0131 sald\u0131r\u0131 d\u00fczenlendikleri, <br \/>\ud83d\udcccM\u00fc\u015fteki \u015fah\u0131slar\u0131 darp ve tehdit ederek ya\u011fmalaya \u00e7al\u0131\u015ft\u0131klar\u0131, <br \/>\ud83d\udcccSilah zoruyla m\u00fc\u015fteki \u015fah\u0131slar\u0131 ka\u00e7\u0131rd\u0131klar\u0131 ve ailelerinden para talep ettikleri, <br \/>\ud83d\udccc\u015eah\u0131slar aras\u0131ndaki alacak verecek meselelerine m\u00fcdahil olduklar\u0131,<br \/>\ud83d\udcccUyu\u015fturucu ticareti nedeniyle husumetli olduklar\u0131 \u015fah\u0131slar\u0131 tehdit ettikleri, <br \/>\ud83d\udcccM\u00fc\u015fteki \u015fah\u0131slara usuls\u00fcz yol ve y\u00f6ntemlerle senet imzalatt\u0131rd\u0131klar\u0131, <br \/>\ud83d\udcccCebir ve \u015fiddet kullanarak alacak verecek konular\u0131nda tahsilat yapt\u0131klar\u0131 ve \u015fah\u0131slar\u0131n \u015fik\u00e2yet\u00e7i olmalar\u0131n\u0131 engelledikleri, <br \/>\ud83d\udcccTefecilik yaparak m\u00fc\u015fteki \u015fah\u0131slar\u0131 y\u00fcksek faizle bor\u00e7land\u0131rd\u0131klar\u0131 ve borcunu \u00f6deyemeyen \u015fah\u0131slar\u0131 tehdit ettikleri,<br \/>\ud83d\udcccSanayi sitesinde m\u00fc\u015fterileri doland\u0131rd\u0131klar\u0131, itiraz eden m\u00fc\u015fterilere kar\u015f\u0131 cebir ve \u015fiddet uygulad\u0131klar\u0131, tehdit ve hakaretlerde bulunduklar\u0131,<br \/>\ud83d\udcccUyu\u015fturucu madde ve silah ticareti yaparak haks\u0131z kazan\u00e7 sa\u011flad\u0131klar\u0131 tespit edildi.<\/p>\n<p>Operasyonlar sonucu:<br \/>\ud83d\udccc1\ufe0f\u20e37\ufe0f\u20e3 adet ruhsats\u0131z tabanca,<br \/>\ud83d\udccc1\ufe0f\u20e30\ufe0f\u20e3 adet ruhsats\u0131z t\u00fcfek,<br \/>\ud83d\udccc5\ufe0f\u20e3 adet kurus\u0131k\u0131dan \u00e7evirme tabanca,<br \/>\ud83d\udcccMuhtelif miktarda uyu\u015fturucu madde ile <br \/>\ud83d\udccc\u00c7ok say\u0131da \u00e7ek senet ve \u00e7ok miktarda T\u00fcrk Liras\u0131na el konuldu.<\/p>\n<p>Operasyonlar\u0131 ger\u00e7ekle\u015ftiren Kahraman Polislerimizi tebrik ediyorum. Allah ayaklar\u0131na ta\u015f de\u011fdirmesin. Milletimizin duas\u0131 sizinle\ud83c\uddf9\ud83c\uddf7<\/p>\n\n<p><\/p>\n<p>Kaynak :\u00a0<span style=\"background-color: rgb(255, 249, 236); color: rgb(55, 58, 60); font-size: 14px;\">http:\/\/www.milliyet.com.tr\/gundem\/son-dakika-bakan-yerlikaya-acikladi-5-ayri-organize-suc-orgutu-cokertildi-7140887<\/span><\/p>\n","protected":false},"excerpt":{"rendered":"<p>\u0130\u00e7i\u015fleri Bakan\u0131 Ali Yerlikaya,  4 ilde d\u00fczenlenen operasyonlarda 5 ayr\u0131 organize su\u00e7 \u00f6rg\u00fct\u00fcn\u00fcn \u00e7\u00f6kertildi\u011fini a\u00e7\u0131klad\u0131.<\/p>\n","protected":false},"author":1,"featured_media":66472,"comment_status":"open","ping_status":"open","sticky":false,"template":"","format":"standard","meta":{"footnotes":""},"categories":[3],"tags":[278,811],"class_list":["post-66471","post","type-post","status-publish","format-standard","has-post-thumbnail","hentry","category-guncel","tag-operasyonlar","tag-suc"],"_links":{"self":[{"href":"https:\/\/kamucalisani.net\/index.php\/wp-json\/wp\/v2\/posts\/66471","targetHints":{"allow":["GET"]}}],"collection":[{"href":"https:\/\/kamucalisani.net\/index.php\/wp-json\/wp\/v2\/posts"}],"about":[{"href":"https:\/\/kamucalisani.net\/index.php\/wp-json\/wp\/v2\/types\/post"}],"author":[{"embeddable":true,"href":"https:\/\/kamucalisani.net\/index.php\/wp-json\/wp\/v2\/users\/1"}],"replies":[{"embeddable":true,"href":"https:\/\/kamucalisani.net\/index.php\/wp-json\/wp\/v2\/comments?post=66471"}],"version-history":[{"count":1,"href":"https:\/\/kamucalisani.net\/index.php\/wp-json\/wp\/v2\/posts\/66471\/revisions"}],"predecessor-version":[{"id":66473,"href":"https:\/\/kamucalisani.net\/index.php\/wp-json\/wp\/v2\/posts\/66471\/revisions\/66473"}],"wp:featuredmedia":[{"embeddable":true,"href":"https:\/\/kamucalisani.net\/index.php\/wp-json\/wp\/v2\/media\/66472"}],"wp:attachment":[{"href":"https:\/\/kamucalisani.net\/index.php\/wp-json\/wp\/v2\/media?parent=66471"}],"wp:term":[{"taxonomy":"category","embeddable":true,"href":"https:\/\/kamucalisani.net\/index.php\/wp-json\/wp\/v2\/categories?post=66471"},{"taxonomy":"post_tag","embeddable":true,"href":"https:\/\/kamucalisani.net\/index.php\/wp-json\/wp\/v2\/tags?post=66471"}],"curies":[{"name":"wp","href":"https:\/\/api.w.org\/{rel}","templated":true}]}}