{"id":66567,"date":"2024-07-18T19:12:07","date_gmt":"2024-07-18T19:12:07","guid":{"rendered":"https:\/\/kamucalisani.net\/?p=66567"},"modified":"2024-07-18T19:12:07","modified_gmt":"2024-07-18T19:12:07","slug":"petrolul-ploiestiden-mehmet-topal-aciklamasi-cok-guveniyoruz","status":"publish","type":"post","link":"https:\/\/kamucalisani.net\/index.php\/2024\/07\/18\/petrolul-ploiestiden-mehmet-topal-aciklamasi-cok-guveniyoruz\/","title":{"rendered":"Petrolul Ploie\u015fti&#8217;den Mehmet Topal a\u00e7\u0131klamas\u0131: \u00c7ok g\u00fcveniyoruz"},"content":{"rendered":"<p><p>Romanya 1\u2019inci Lig ekiplerinden Petrolul Ploie\u015fti ge\u00e7ti\u011fimiz g\u00fcnlerde teknik direkt\u00f6rl\u00fck g\u00f6revine eski milli futbolcu Mehmet Topal\u2019\u0131 getirdi\u011fini duyurdu. Kariyerinde \u00e7ok \u00f6nemli ba\u015far\u0131lar elde eden, Galatasaray, Fenerbah\u00e7e ve Be\u015fikta\u015f gibi T\u00fcrkiye\u2019nin \u00f6nemli kul\u00fcplerinin yan\u0131 s\u0131ra \u0130spanya ekibi Valencia\u2019da forma giyen Topal, ilk teknik direkt\u00f6rl\u00fck deneyimine Romanya ekibinde ba\u015flayacak. Petrolul Ploie\u015fti\u2019nin asba\u015fkan\u0131 Cristian Fogarassy, Mehmet Topal&#8217;\u0131n g\u00f6reve getirili\u015fi ve hedeflerine dair Demir\u00f6ren Haber Ajans\u0131&#8217;na (DHA) \u00f6zel a\u00e7\u0131klamalarda bulundu. Birlikte \u00e7ok g\u00fczel \u015feyler ba\u015faracaklar\u0131na inand\u0131\u011f\u0131n\u0131 vurgulayan Fogarassy, &#8220;<strong>Bu hem bizim i\u00e7in hem de Mehmet i\u00e7in bir ba\u015flang\u0131\u00e7. Biz ona \u00e7ok g\u00fcveniyoruz. 100\u2019\u00fcnc\u00fc y\u0131l\u0131m\u0131zda \u00f6nemli bir karar verdik<\/strong>&#8221; dedi.<\/p>\n<p><strong>\u201c3\u2019\u00dcNC\u00dc YILIMIZDA HEDEF, \u015eAMP\u0130YONLUK OLACAK\u201d<\/strong><\/p>\n<p>Mehmet Topal ile uzun s\u00fcreli bir birliktelik d\u00fc\u015f\u00fcnd\u00fcklerini ve planlamalar\u0131 yapt\u0131klar\u0131n\u0131 belirten Cristian Fogarassy, \u201c<strong>Projemiz \u00fc\u00e7 y\u0131l s\u00fcrecek. Biz yava\u015f ve sa\u011flam ad\u0131mlarla ilerlemeyi d\u00fc\u015f\u00fcn\u00fcyoruz. Bu y\u0131l \u015eampiyonluk Grubu\u2019nda yer almak istiyoruz. 2\u2019nci y\u0131l\u0131m\u0131zda ise Avrupa kupalar\u0131na kat\u0131lmay\u0131 hedefliyoruz. 3\u2019\u00fcnc\u00fc y\u0131l\u0131m\u0131zda ise hedef \u015fampiyonluk olacak<\/strong>\u201d \u015feklinde konu\u015ftu.<\/p>\n<p>Mehmet Topal\u2019\u0131 ilk antrenman\u0131nda yaln\u0131z b\u0131rakmayan Ploie\u015fti taraftarlar\u0131n\u0131n olu\u015fturdu\u011fu atmosferin \u00e7ok g\u00fczel oldu\u011funu s\u00f6yleyen Fogarassy, transfer \u00e7al\u0131\u015fmalar\u0131na ba\u015flad\u0131klar\u0131n\u0131 belirterek T\u00fcrkiye\u2019den de kadrolar\u0131na oyuncu katmay\u0131 planlad\u0131klar\u0131n\u0131 s\u00f6yledi. Fogarassy, \u201c<strong>Tabii ki d\u00fc\u015f\u00fcn\u00fcyoruz. Buna teknik ekip karar verecek. \u015eu anda bir isim vermek do\u011fru olmaz. B\u00fct\u00fcn ihtimalleri d\u00fc\u015f\u00fcn\u00fcyoruz<\/strong>\u201d a\u00e7\u0131klamas\u0131nda bulundu.<\/p>\n<p>Son olarak taraftarlara bir mesaj g\u00f6nderen Fogarassy, iyi g\u00fcnde ve k\u00f6t\u00fc g\u00fcnde kendilerine destek olmalar\u0131n\u0131 ve birlikte hareket ederek iyi \u015feyler ba\u015faracaklar\u0131na inand\u0131\u011f\u0131n\u0131 s\u00f6yledi.<\/p>\n\n<p><\/p>\n<p>Kaynak :\u00a0<span style=\"background-color: rgb(255, 249, 236); color: rgb(55, 58, 60); font-size: 14px;\">http:\/\/www.milliyet.com.tr\/skorer\/petrolul-ploiestiden-mehmet-topal-aciklamasi-cok-guveniyoruz-7140985<\/span><\/p>\n","protected":false},"excerpt":{"rendered":"<p>Petrolul Ploie\u015fti Asba\u015fkan\u0131 Fogarassy, Mehmet Topal hakk\u0131nda a\u00e7\u0131klamalarda bulundu.<\/p>\n","protected":false},"author":1,"featured_media":66568,"comment_status":"open","ping_status":"open","sticky":false,"template":"","format":"standard","meta":{"footnotes":""},"categories":[7],"tags":[2426,3533],"class_list":["post-66567","post","type-post","status-publish","format-standard","has-post-thumbnail","hentry","category-spor","tag-mehmet","tag-topal"],"_links":{"self":[{"href":"https:\/\/kamucalisani.net\/index.php\/wp-json\/wp\/v2\/posts\/66567","targetHints":{"allow":["GET"]}}],"collection":[{"href":"https:\/\/kamucalisani.net\/index.php\/wp-json\/wp\/v2\/posts"}],"about":[{"href":"https:\/\/kamucalisani.net\/index.php\/wp-json\/wp\/v2\/types\/post"}],"author":[{"embeddable":true,"href":"https:\/\/kamucalisani.net\/index.php\/wp-json\/wp\/v2\/users\/1"}],"replies":[{"embeddable":true,"href":"https:\/\/kamucalisani.net\/index.php\/wp-json\/wp\/v2\/comments?post=66567"}],"version-history":[{"count":1,"href":"https:\/\/kamucalisani.net\/index.php\/wp-json\/wp\/v2\/posts\/66567\/revisions"}],"predecessor-version":[{"id":66569,"href":"https:\/\/kamucalisani.net\/index.php\/wp-json\/wp\/v2\/posts\/66567\/revisions\/66569"}],"wp:featuredmedia":[{"embeddable":true,"href":"https:\/\/kamucalisani.net\/index.php\/wp-json\/wp\/v2\/media\/66568"}],"wp:attachment":[{"href":"https:\/\/kamucalisani.net\/index.php\/wp-json\/wp\/v2\/media?parent=66567"}],"wp:term":[{"taxonomy":"category","embeddable":true,"href":"https:\/\/kamucalisani.net\/index.php\/wp-json\/wp\/v2\/categories?post=66567"},{"taxonomy":"post_tag","embeddable":true,"href":"https:\/\/kamucalisani.net\/index.php\/wp-json\/wp\/v2\/tags?post=66567"}],"curies":[{"name":"wp","href":"https:\/\/api.w.org\/{rel}","templated":true}]}}