{"id":66924,"date":"2024-07-19T12:24:09","date_gmt":"2024-07-19T12:24:09","guid":{"rendered":"https:\/\/kamucalisani.net\/?p=66924"},"modified":"2024-07-19T12:24:09","modified_gmt":"2024-07-19T12:24:09","slug":"galatasarayin-zaniolo-talebi-kabul-edildi-iste-kasayi-dolduracak-dev-rakam","status":"publish","type":"post","link":"https:\/\/kamucalisani.net\/index.php\/2024\/07\/19\/galatasarayin-zaniolo-talebi-kabul-edildi-iste-kasayi-dolduracak-dev-rakam\/","title":{"rendered":"Galatasaray&#8217;\u0131n Zaniolo talebi kabul edildi! \u0130\u015fte kasay\u0131 dolduracak dev rakam"},"content":{"rendered":"<p><p>S\u00fcper Lig&#8217;de ge\u00e7ti\u011fimiz sezonu \u015fampiyon olarak tamamlayan Galatasaray g\u00f6zler yeni sezonun kadro planlamas\u0131na \u00e7evrildi. Sar\u0131-k\u0131rm\u0131z\u0131l\u0131lar sa\u011f bek ve orta saha transferlerini Temmuz ay\u0131nda ger\u00e7ekle\u015ftirilecek sezon \u00f6ncesi haz\u0131rl\u0131k kamp\u0131na yeti\u015ftirmek i\u00e7in giri\u015fimlerini s\u00fcrd\u00fcr\u00fcyor.<\/p>\n<p>Galatasaray&#8217;da kadroya kat\u0131lacak isimler kadar ayr\u0131lacak isimlerden elde edilecek bonservis gelirleri de b\u00fcy\u00fck \u00f6nem ta\u015f\u0131yor. Bu do\u011frultuda sar\u0131-k\u0131rm\u0131z\u0131l\u0131 kul\u00fcb\u00fcn g\u00f6zden \u00e7\u0131kard\u0131\u011f\u0131 ilk isim Nicolo Zaniolo oldu.<\/p>\n<p>Galatasaray&#8217;\u0131n 2022-2023 sezonunun devre aras\u0131nda Roma&#8217;dan transfer etti\u011fi \u0130talyan y\u0131ld\u0131z bu yaz Galatasaray&#8217;dan ayr\u0131lacak. \u0130talyan bas\u0131n\u0131 Zaniolo hakk\u0131nda fla\u015f bir iddia ortaya att\u0131. Galatasaray&#8217;\u0131n bonservis talebinin kar\u015f\u0131land\u0131\u011f\u0131 ve \u0130talyan y\u0131ld\u0131z i\u00e7in yap\u0131lan teklifin detaylar\u0131 duyuruldu. \u0130\u015fte detaylar&#8230;<\/p>\n<div>\n<div> <img decoding=\"async\" src=\"https:\/\/kamucalisani.net\/wp-content\/uploads\/2024\/07\/galatasarayin-zaniolo-talebi-kabul-edildi-iste-kasayi-dolduracak-dev-rakam-0-7NAcJQvL.jpg\"\/><\/img> <\/div>\n<\/p><\/div>\n<\/p>\n<p><strong>AYRILACAK \u0130S\u0130MLER B\u00dcY\u00dcK \u00d6NEM TA\u015eIYOR<\/strong><\/p>\n<p>Galatasaray&#8217;da yeni sezon planlamas\u0131nda tak\u0131mdan ayr\u0131lacak isimlerden elde edilecek gelir b\u00fcy\u00fck \u00f6nem ta\u015f\u0131yor. Sar\u0131-k\u0131rm\u0131z\u0131l\u0131larda ba\u015fta Mateus Tete, Wilfried Zaha, Nicolo Zaniolo ve Sergio Oliveira i\u00e7in gelecek teklifler de\u011ferlendirmeye al\u0131nacak. Galatasaray&#8217;\u0131n bu oyunculardan elde edece\u011fi gelirlere g\u00f6re yeni sezonun transfer planlamas\u0131 son \u015feklini alacak.<\/p>\n<p>Ayr\u0131ca Hakim Ziyech ile Davinson Sanchez ve Victor Nelsson i\u00e7in yap\u0131lacak teklifler de de\u011ferlendirmeye al\u0131nacak. Yeni sezonda 12 yabanc\u0131 futbolcu ile yola devam edilecek olmas\u0131 nedeniyle Galatasaray&#8217;\u0131n gelecek sezon kadroda d\u00fc\u015f\u00fcn\u00fclmeyen yabanc\u0131 isimlerle yollar\u0131n\u0131 ay\u0131rmas\u0131 bekleniyor.<\/p>\n<p>EURO 2024&#8217;te A Milli Tak\u0131m&#8217;la boy g\u00f6sterecek olan Bar\u0131\u015f Alper Y\u0131lmaz ve Kerem Akt\u00fcrko\u011flu i\u00e7in de Avrupa&#8217;dan \u00f6nemli tekliflerin gelmesi bekleniyor.<\/p>\n<div>\n<div> <img decoding=\"async\" src=\"https:\/\/kamucalisani.net\/wp-content\/uploads\/2024\/07\/galatasarayin-zaniolo-talebi-kabul-edildi-iste-kasayi-dolduracak-dev-rakam-1-xzSKxkMm.jpg\"\/><\/img> <\/div>\n<\/p><\/div>\n<\/p>\n<p><strong>\u0130LK HEDEF SA\u011e BEK VE ORTA SAHA TRANSFER\u0130<\/strong><\/p>\n<p>Galatasaray Ba\u015fkan\u0131 Dursun \u00d6zbek ve Teknik Direkt\u00f6r Okan Buruk, ilk \u00f6nceliklerinin sa\u011f bek ve orta saha transferlerini bitirmek istediklerini s\u00f6ylediler.<\/p>\n<p>Galatasaray&#8217;da sa\u011f bek i\u00e7in Rennes formas\u0131 giyen Lorenz Assignon ile Manchester United&#8217;tan Aaron Wan-Bissaka \u00f6n plana \u00e7\u0131kan isimler olarak dikkat \u00e7ekiyor.<\/p>\n<p>Galatasaray&#8217;\u0131n orta saha transferi i\u00e7in bir\u00e7ok iddia ortaya at\u0131ld\u0131. Monaco&#8217;dan\u00a0Youssouf Fofana, Bayern M\u00fcnih&#8217;ten Leon Goretzka, Manchester United formas\u0131 giyen\u00a0Scott McTominay, Tottenham&#8217;dan\u00a0Pierre-Emile H\u00f6jbjerg, Fiorentina&#8217;dan Sofyan Amrabat ve Torino formas\u0131 giyen Ivan Ilic&#8217;in isimleri sar\u0131-k\u0131rm\u0131z\u0131l\u0131larla an\u0131l\u0131yor.<\/p>\n<div>\n<div> <img decoding=\"async\" src=\"https:\/\/kamucalisani.net\/wp-content\/uploads\/2024\/07\/galatasarayin-zaniolo-talebi-kabul-edildi-iste-kasayi-dolduracak-dev-rakam-2-3ZnehuPL.jpg\"\/><\/img> <\/div>\n<\/p><\/div>\n<\/p>\n<p><strong>ZANIOLO \u0130\u00c7\u0130N \u0130SPANYA&#8217;DAN 15 M\u0130LYON EUROLUK TEKL\u0130F<\/strong><\/p>\n<p>Galatasaray&#8217;da bu yaz tak\u0131mdan ayr\u0131lmas\u0131 beklenen Nicolo Zaniolo i\u00e7in Villareal&#8217;den 15 milyon euroluk resmi teklif Galatasaray&#8217;a ula\u015ft\u0131. \u0130talya&#8217;dan Calciomercato&#8217;nun haberine g\u00f6re Villareal, Galatasaray&#8217;\u0131n 15 milyon euroluk bonservis talebini kar\u015f\u0131lamay\u0131 kabul etti. Nicolo Zaniolo&#8217;nun menajeri\u00a0Claudio Vigorelli&#8217;nin Zaniolo&#8217;yu kadrosuna katmak isteyen kul\u00fcplerle g\u00f6r\u00fc\u015fme halinde oldu\u011fu vurguland\u0131.<\/p>\n<div>\n<div> <img decoding=\"async\" src=\"https:\/\/kamucalisani.net\/wp-content\/uploads\/2024\/07\/galatasarayin-zaniolo-talebi-kabul-edildi-iste-kasayi-dolduracak-dev-rakam-3-dlzMdswp.jpg\"\/><\/img> <\/div>\n<\/p><\/div>\n<\/p>\n<p><strong>ZANIOLO&#8217;NUN TERC\u0130H\u0130 \u0130TALYA<\/strong><\/p>\n<p>Haberde Nicolo Zaniolo&#8217;nun kariyerine \u0130talya&#8217;da devam etmek istedi\u011fi belirtildi. Bu do\u011frultuda transfer \u00e7al\u0131\u015fmalar\u0131n\u0131 y\u00fcr\u00fcten menajer Vigorelli&#8217;nin Fiorentina ve Atalanta ile g\u00f6r\u00fc\u015fmelerini h\u0131zland\u0131rd\u0131\u011f\u0131 aktar\u0131ld\u0131.<\/p>\n<p>Fiorentina ile g\u00f6r\u00fc\u015fmelerin t\u0131kand\u0131\u011f\u0131 ve oyuncunun Atalanta&#8217;da forma giymek istemesi sebebiyle Bergamo ekibinin Galatasaray&#8217;a teklif yapaca\u011f\u0131 kaydedildi. Galatasaray&#8217;\u0131n Zaniolo i\u00e7in 15 milyon euroluk bonservis talebinde indirime gitmeyece\u011fi vurguland\u0131.<\/p>\n<p><strong>ZANIOLO&#8217;NUN PERFORMANSI<\/strong><\/p>\n<p>Ge\u00e7ti\u011fimiz sezon Galatasaray&#8217;dan sat\u0131n alma opsiyonuyla \u0130ngiliz ekibi Aston Villa&#8217;ya kiralanan Zaniolo, Premier Lig&#8217;de istedi\u011fini bulamad\u0131. Ya\u015fad\u0131\u011f\u0131 sakatl\u0131k problemleri sebebiyle d\u00fczenli olarak forma giyme \u015fans\u0131 bulamayan \u0130talyan y\u0131ld\u0131z, EURO 2024 \u00f6ncesi ya\u015fad\u0131\u011f\u0131 sakatl\u0131k sebebiyle turnuvaya kat\u0131lamad\u0131.<\/p>\n<p>Zaniolo, Aston Villa formas\u0131yla ge\u00e7ti\u011fimiz sezon t\u00fcm kulvarlarda 40 ma\u00e7ta forma giydi ve 3 gol kaydetti. Transfermarkt verilerine g\u00f6re Zaniolo&#8217;nun g\u00fcncel piyasa de\u011feri ise 20 milyon euro&#8230;<\/p>\n<div>\n<div> <img decoding=\"async\" src=\"https:\/\/kamucalisani.net\/wp-content\/uploads\/2024\/07\/galatasarayin-zaniolo-talebi-kabul-edildi-iste-kasayi-dolduracak-dev-rakam-4-QfTIgGLP.jpg\"\/><\/img> <\/div>\n<\/p><\/div>\n<\/p>\n<p><\/p>\n<p>Kaynak :\u00a0<span style=\"background-color: rgb(255, 249, 236); color: rgb(55, 58, 60); font-size: 14px;\">http:\/\/www.milliyet.com.tr\/skorer\/galatasarayin-zaniolo-talebi-kabul-edildi-iste-kasayi-dolduracak-dev-rakam-7141158<\/span><\/p>\n","protected":false},"excerpt":{"rendered":"<p>Galatasaray&#8217;\u0131n 2022-2023 sezonunun devre aras\u0131nda Roma&#8217;dan kadrosuna katt\u0131\u011f\u0131 Nicolo Zainolo bu yaz bonservisiyle sar\u0131-k\u0131rm\u0131z\u0131l\u0131lardan ayr\u0131lacak. \u0130talyan bas\u0131n\u0131 Galatasaray&#8217;\u0131n belirledi\u011fi bonservisin kar\u015f\u0131land\u0131\u011f\u0131n\u0131 duyurdu.<\/p>\n","protected":false},"author":1,"featured_media":66925,"comment_status":"open","ping_status":"open","sticky":false,"template":"","format":"standard","meta":{"footnotes":""},"categories":[7],"tags":[260,257,592,256,589],"class_list":["post-66924","post","type-post","status-publish","format-standard","has-post-thumbnail","hentry","category-spor","tag-forma","tag-galatasaray","tag-italya","tag-sezon","tag-transfer"],"_links":{"self":[{"href":"https:\/\/kamucalisani.net\/index.php\/wp-json\/wp\/v2\/posts\/66924","targetHints":{"allow":["GET"]}}],"collection":[{"href":"https:\/\/kamucalisani.net\/index.php\/wp-json\/wp\/v2\/posts"}],"about":[{"href":"https:\/\/kamucalisani.net\/index.php\/wp-json\/wp\/v2\/types\/post"}],"author":[{"embeddable":true,"href":"https:\/\/kamucalisani.net\/index.php\/wp-json\/wp\/v2\/users\/1"}],"replies":[{"embeddable":true,"href":"https:\/\/kamucalisani.net\/index.php\/wp-json\/wp\/v2\/comments?post=66924"}],"version-history":[{"count":1,"href":"https:\/\/kamucalisani.net\/index.php\/wp-json\/wp\/v2\/posts\/66924\/revisions"}],"predecessor-version":[{"id":66931,"href":"https:\/\/kamucalisani.net\/index.php\/wp-json\/wp\/v2\/posts\/66924\/revisions\/66931"}],"wp:featuredmedia":[{"embeddable":true,"href":"https:\/\/kamucalisani.net\/index.php\/wp-json\/wp\/v2\/media\/66925"}],"wp:attachment":[{"href":"https:\/\/kamucalisani.net\/index.php\/wp-json\/wp\/v2\/media?parent=66924"}],"wp:term":[{"taxonomy":"category","embeddable":true,"href":"https:\/\/kamucalisani.net\/index.php\/wp-json\/wp\/v2\/categories?post=66924"},{"taxonomy":"post_tag","embeddable":true,"href":"https:\/\/kamucalisani.net\/index.php\/wp-json\/wp\/v2\/tags?post=66924"}],"curies":[{"name":"wp","href":"https:\/\/api.w.org\/{rel}","templated":true}]}}