{"id":67105,"date":"2024-07-19T21:24:09","date_gmt":"2024-07-19T21:24:09","guid":{"rendered":"https:\/\/kamucalisani.net\/?p=67105"},"modified":"2024-07-19T21:24:09","modified_gmt":"2024-07-19T21:24:09","slug":"engelli-kiz-annesini-evde-kilitleyip-darbetti-ters-kelepceyle-ambulansa-bindirdiler","status":"publish","type":"post","link":"https:\/\/kamucalisani.net\/index.php\/2024\/07\/19\/engelli-kiz-annesini-evde-kilitleyip-darbetti-ters-kelepceyle-ambulansa-bindirdiler\/","title":{"rendered":"Engelli k\u0131z annesini evde kilitleyip darbetti! Ters kelep\u00e7eyle ambulansa bindirdiler"},"content":{"rendered":"<p><p>Zonguldak&#8217;\u0131n Ere\u011fli il\u00e7esinde zihinsel engelli Tuana D. (13), annesi G\u00f6n\u00fcl K. (48) ile anneannesini evde kap\u0131y\u0131 kilitleyerek, al\u0131koyup darbetti. Anneanne G.D. evden ka\u00e7arak k\u0131rtasiyeye saklan\u0131rken, polisin 1 saat s\u00fcren ikna \u00e7al\u0131\u015fmas\u0131 sonras\u0131nda Tuana D. evden \u00e7\u0131kar\u0131ld\u0131. Tuana D. ters kelep\u00e7e tak\u0131larak ambulansa bindirilirken, onu yaln\u0131z b\u0131rakmak istemeyen annesi de k\u0131z\u0131yla birlikte ambulansa bindi.<\/p>\n<p>Olay, saat 14.00 s\u0131ralar\u0131nda Ere\u011fli il\u00e7esi M\u00fcft\u00fc Mahallesi, Erdemir Caddesi \u00fczerinde meydana geldi. \u0130ddiaya g\u00f6re, zihinsel engelli Tuana D., sinir krizi ge\u00e7irerek \u00f6nce ismi \u00f6\u011frenilemeyen anneannesine sald\u0131rmaya \u00e7al\u0131\u015ft\u0131. Ya\u015fl\u0131 kad\u0131n, bir an torununun elinden kurtulup evlerinin alt kat\u0131nda bulunan k\u0131rtasiyeye sakland\u0131 ve 112 Acil \u00c7a\u011fr\u0131 Merkezi&#8217;ne ihbarda bulundu. Anne G\u00f6n\u00fcl K. ise evde k\u0131z\u0131yla birlikte kald\u0131. Kap\u0131y\u0131 kilitleyen Tuana D., annesi G\u00f6n\u00fcl K.&#8217;y\u0131 evde al\u0131koyup darbetti.<\/p>\n<p><strong>KADIN POL\u0130S \u0130KNA ETT\u0130<\/strong><\/p>\n<p>\u0130hbar \u00fczerine olay yerine polis, sa\u011fl\u0131k ve itfaiye ekipleri sevk edildi. K\u0131z \u00e7ocu\u011fu, balkondan \u00e7evredeki kalabal\u0131\u011f\u0131 g\u00f6r\u00fcnce itfaiye ekiplerinin \u00fcst\u00fcne saks\u0131 f\u0131rlatt\u0131. Tuana D.&#8217;nin &#8220;\u0130stemiyorum, gidin, bakmay\u0131n&#8221; diye ba\u011f\u0131rmas\u0131 \u00fczerine intihar etme ihtimaline kar\u015f\u0131 itfaiye ekipleri hava yata\u011f\u0131 a\u00e7arak tedbir ald\u0131. Daha sonra k\u0131z \u00e7ocu\u011fu, kad\u0131n polis memurunun ikna etmesiyle evden al\u0131narak ambulansa bindirildi. Y\u00fcz\u00fcndeki morluklara ra\u011fmen \u00e7ocu\u011funu b\u0131rakmak istemeyen anne G\u00f6n\u00fcl K. da ambulansa al\u0131nd\u0131. Tuana D. ve annesi Ere\u011fli Devlet Hastanesi\u2019nde tedaviye al\u0131n\u0131rken, anneanne de tedbir ama\u00e7l\u0131 hastaneye g\u00f6t\u00fcr\u00fcld\u00fc.<\/p>\n<div>\n<div> <img decoding=\"async\" src=\"https:\/\/kamucalisani.net\/wp-content\/uploads\/2024\/07\/engelli-kiz-annesini-evde-kilitleyip-darbetti-ters-kelepceyle-ambulansa-bindirdiler-0-r33HfPyS.jpg\"\/><\/img> <\/div>\n<\/p><\/div>\n<\/p>\n<p><strong>\u00c7OCUK TERP KELEP\u00c7EYLE AMBULANSA ALINDI<\/strong><\/p>\n<p>\u00d6te yandan, sald\u0131rgan tav\u0131rlar sergileyen Tuana D.&#8217;nin ambulansa ters kelep\u00e7e ile bindirildi\u011fi g\u00f6r\u00fcld\u00fc. Ayr\u0131ca, k\u0131z \u00e7ocu\u011funun annesini 9 Haziran\u2019da da darbetti\u011fi \u00f6\u011frenildi.<\/p>\n\n<p><\/p>\n<p>Kaynak :\u00a0<span style=\"background-color: rgb(255, 249, 236); color: rgb(55, 58, 60); font-size: 14px;\">http:\/\/www.milliyet.com.tr\/gundem\/engelli-kiz-annesini-evde-kilitleyip-darbetti-ters-kelepceyle-ambulansa-bindirdiler-7141305<\/span><\/p>\n","protected":false},"excerpt":{"rendered":"<p>Zonguldak Ere\u011fli&#8217;de annesini eve kilitleyip darbeden engelli k\u0131z\u0131 uzun u\u011fra\u015flar sonucu ekipler evden \u00e7\u0131kard\u0131. Ters kelep\u00e7e tak\u0131larak ambulansa bindirilen engelli k\u0131z\u0131 annesi yaln\u0131z b\u0131rakmak istemedi. \u0130\u015fte detaylar&#8230;<\/p>\n","protected":false},"author":1,"featured_media":67106,"comment_status":"open","ping_status":"open","sticky":false,"template":"","format":"standard","meta":{"footnotes":""},"categories":[3],"tags":[3591,237,683,1216],"class_list":["post-67105","post","type-post","status-publish","format-standard","has-post-thumbnail","hentry","category-guncel","tag-ambulansa","tag-anne","tag-annesi","tag-kiz"],"_links":{"self":[{"href":"https:\/\/kamucalisani.net\/index.php\/wp-json\/wp\/v2\/posts\/67105","targetHints":{"allow":["GET"]}}],"collection":[{"href":"https:\/\/kamucalisani.net\/index.php\/wp-json\/wp\/v2\/posts"}],"about":[{"href":"https:\/\/kamucalisani.net\/index.php\/wp-json\/wp\/v2\/types\/post"}],"author":[{"embeddable":true,"href":"https:\/\/kamucalisani.net\/index.php\/wp-json\/wp\/v2\/users\/1"}],"replies":[{"embeddable":true,"href":"https:\/\/kamucalisani.net\/index.php\/wp-json\/wp\/v2\/comments?post=67105"}],"version-history":[{"count":1,"href":"https:\/\/kamucalisani.net\/index.php\/wp-json\/wp\/v2\/posts\/67105\/revisions"}],"predecessor-version":[{"id":67108,"href":"https:\/\/kamucalisani.net\/index.php\/wp-json\/wp\/v2\/posts\/67105\/revisions\/67108"}],"wp:featuredmedia":[{"embeddable":true,"href":"https:\/\/kamucalisani.net\/index.php\/wp-json\/wp\/v2\/media\/67106"}],"wp:attachment":[{"href":"https:\/\/kamucalisani.net\/index.php\/wp-json\/wp\/v2\/media?parent=67105"}],"wp:term":[{"taxonomy":"category","embeddable":true,"href":"https:\/\/kamucalisani.net\/index.php\/wp-json\/wp\/v2\/categories?post=67105"},{"taxonomy":"post_tag","embeddable":true,"href":"https:\/\/kamucalisani.net\/index.php\/wp-json\/wp\/v2\/tags?post=67105"}],"curies":[{"name":"wp","href":"https:\/\/api.w.org\/{rel}","templated":true}]}}