{"id":67185,"date":"2024-07-20T01:24:06","date_gmt":"2024-07-20T01:24:06","guid":{"rendered":"https:\/\/kamucalisani.net\/?p=67185"},"modified":"2024-07-20T01:24:06","modified_gmt":"2024-07-20T01:24:06","slug":"euro-2024-oncesi-a-milli-takimda-irfan-can-kahveci-soku","status":"publish","type":"post","link":"https:\/\/kamucalisani.net\/index.php\/2024\/07\/20\/euro-2024-oncesi-a-milli-takimda-irfan-can-kahveci-soku\/","title":{"rendered":"EURO 2024 \u00f6ncesi A Milli Tak\u0131m&#8217;da \u0130rfan Can Kahveci \u015foku!"},"content":{"rendered":"<p><p>A Milli Futbol Tak\u0131m\u0131, Avrupa \u015eampiyonas\u0131 F Grubu ilk ma\u00e7\u0131nda 18 Haziran Sal\u0131 g\u00fcn\u00fc oynayaca\u011f\u0131 G\u00fcrcistan ma\u00e7\u0131n\u0131n haz\u0131rl\u0131klar\u0131n\u0131 taraftarlara a\u00e7\u0131k yapt\u0131\u011f\u0131 antrenman ile s\u00fcrd\u00fcrd\u00fc.<\/p>\n<p><strong>MERT G\u00dcNOK VE \u0130RFAN CAN KAHVEC\u0130 TEDB\u0130R AMA\u00c7LI \u0130DMANA KATILMADI<\/strong><br \/>A Milli Futbol Tak\u0131m\u0131\u2019nda kaleci Mert G\u00fcnok ve \u0130rfan Can Kahveci, tedbir ama\u00e7l\u0131 idmana kat\u0131lmad\u0131. Milli oyuncu Zeki \u00c7elik ise tak\u0131mdan ayr\u0131 \u00e7al\u0131\u015ft\u0131. \u00d6te yandan idman\u0131n ilk b\u00f6l\u00fcm\u00fcnde tak\u0131mla birlikte \u00e7al\u0131\u015fan Ferdi Kad\u0131o\u011flu ve Ahmetcan Kaplan da antrenman\u0131n ikinci b\u00f6l\u00fcm\u00fcnde bireysel olarak haz\u0131rl\u0131klar\u0131n\u0131 s\u00fcrd\u00fcrd\u00fc.<\/p>\n<p><strong>\u0130RFAN CAN KADRODAN \u00c7IKARILAB\u0130L\u0130R \u0130DD\u0130ASI<\/strong><br \/>Ya\u011f\u0131z Sabunco\u011flu&#8217;nun iddias\u0131na g\u00f6re; \u0130rfan Can Kahveci sakatland\u0131. A Milli Tak\u0131m&#8217;dan \u00e7\u0131kar\u0131lma durumu var.<\/p>\n<p><strong>SERDAR SAAT\u00c7I KADROYA ALINMI\u015eTI<\/strong><br \/>Sakatl\u0131klar\u0131 nedeniyle \u00c7a\u011flar S\u00f6y\u00fcnc\u00fc, Enes \u00dcnal ve Ozan Kabak daha \u00f6nce aday kadrodan \u00e7\u0131kar\u0131lm\u0131\u015ft\u0131. Al\u0131nan kararla Portekiz&#8217;in Braga kul\u00fcb\u00fcnde forma giyen \u00dcmit Milli Tak\u0131m oyuncusu Serdar Saat\u00e7\u0131, A Milli Tak\u0131m\u2019\u0131n Almanya&#8217;daki kamp \u00e7al\u0131\u015fmalar\u0131na dahil edildi.<\/p>\n<p><strong>MONTELLA&#8217;DAN SAKATLIK S\u00d6ZLER\u0130<\/strong><br \/>EURO 2024 \u00f6ncesi haz\u0131rl\u0131k d\u00f6nemini iyi ge\u00e7irdiklerine de dikkat \u00e7eken Vincenzo Montella, \u201cB\u00fct\u00fcn bu ma\u00e7lar\u0131 se\u00e7erken ileride kar\u015f\u0131la\u015fabilece\u011fimiz seviyedeki rakipler olmas\u0131n\u0131 istedik. Kadroda \u00e7ok fazla gen\u00e7 futbolcunun bulundu\u011fu ve deneyimin az oldu\u011fu noktalar var. O ma\u00e7larla bu deneyim a\u00e7\u0131\u011f\u0131n\u0131 kapamak istedik. \u015eu ana kadar her \u015feyin do\u011fru gitti\u011fini d\u00fc\u015f\u00fcn\u00fcyorum. Tek can\u0131m\u0131z s\u0131kan \u00f6n\u00fcne ge\u00e7emedi\u011fimiz sakatl\u0131klar\u201d \u015feklinde konu\u015ftu.<\/p>\n\n<p><\/p>\n<p>Kaynak :\u00a0<span style=\"background-color: rgb(255, 249, 236); color: rgb(55, 58, 60); font-size: 14px;\">http:\/\/www.milliyet.com.tr\/skorer\/euro-2024-oncesi-a-milli-takimda-irfan-can-kahveci-soku-7141322<\/span><\/p>\n","protected":false},"excerpt":{"rendered":"<p>Avrupa \u015eampiyonas\u0131&#8217;nda ilk ma\u00e7\u0131na \u00e7\u0131kmaya haz\u0131rlanan A Milli Tak\u0131m&#8217;da \u0130rfan Can Kahveci geli\u015fmesi ya\u015fand\u0131. Bug\u00fcnk\u00fc idmana kat\u0131lmayan milli futbolcu ile ilgili iddia ortaya at\u0131ld\u0131.<\/p>\n","protected":false},"author":1,"featured_media":67186,"comment_status":"open","ping_status":"open","sticky":false,"template":"","format":"standard","meta":{"footnotes":""},"categories":[7],"tags":[623,263],"class_list":["post-67185","post","type-post","status-publish","format-standard","has-post-thumbnail","hentry","category-spor","tag-milli","tag-takim"],"_links":{"self":[{"href":"https:\/\/kamucalisani.net\/index.php\/wp-json\/wp\/v2\/posts\/67185","targetHints":{"allow":["GET"]}}],"collection":[{"href":"https:\/\/kamucalisani.net\/index.php\/wp-json\/wp\/v2\/posts"}],"about":[{"href":"https:\/\/kamucalisani.net\/index.php\/wp-json\/wp\/v2\/types\/post"}],"author":[{"embeddable":true,"href":"https:\/\/kamucalisani.net\/index.php\/wp-json\/wp\/v2\/users\/1"}],"replies":[{"embeddable":true,"href":"https:\/\/kamucalisani.net\/index.php\/wp-json\/wp\/v2\/comments?post=67185"}],"version-history":[{"count":1,"href":"https:\/\/kamucalisani.net\/index.php\/wp-json\/wp\/v2\/posts\/67185\/revisions"}],"predecessor-version":[{"id":67187,"href":"https:\/\/kamucalisani.net\/index.php\/wp-json\/wp\/v2\/posts\/67185\/revisions\/67187"}],"wp:featuredmedia":[{"embeddable":true,"href":"https:\/\/kamucalisani.net\/index.php\/wp-json\/wp\/v2\/media\/67186"}],"wp:attachment":[{"href":"https:\/\/kamucalisani.net\/index.php\/wp-json\/wp\/v2\/media?parent=67185"}],"wp:term":[{"taxonomy":"category","embeddable":true,"href":"https:\/\/kamucalisani.net\/index.php\/wp-json\/wp\/v2\/categories?post=67185"},{"taxonomy":"post_tag","embeddable":true,"href":"https:\/\/kamucalisani.net\/index.php\/wp-json\/wp\/v2\/tags?post=67185"}],"curies":[{"name":"wp","href":"https:\/\/api.w.org\/{rel}","templated":true}]}}