{"id":67416,"date":"2024-07-20T13:00:06","date_gmt":"2024-07-20T13:00:06","guid":{"rendered":"https:\/\/kamucalisani.net\/?p=67416"},"modified":"2024-07-20T13:00:06","modified_gmt":"2024-07-20T13:00:06","slug":"adaletli-vergi-sistemi-icin-teklifimizi-sunduk","status":"publish","type":"post","link":"https:\/\/kamucalisani.net\/index.php\/2024\/07\/20\/adaletli-vergi-sistemi-icin-teklifimizi-sunduk\/","title":{"rendered":"\u2018Adaletli vergi sistemi i\u00e7in teklifimizi sunduk\u2019"},"content":{"rendered":"<p><p>\u201cD\u00fcn (\u00f6nceki g\u00fcn) Say\u0131n Erdo\u011fan\u2019la bir araya geldi\u011fimizde emeklilerin maa\u015f\u0131n\u0131n derhal asgari \u00fccrete \u00e7\u0131kar\u0131lmas\u0131 gerekti\u011fini ve asgari \u00fccrete de bu ay sonunda enflasyon iyile\u015ftirmesi yap\u0131lmas\u0131 gerekti\u011fini ifade ettim. Adaletli vergi tam tersi olmal\u0131d\u0131r. Y\u00fczde 90\u2019\u0131 kazananlar vermelidir. Y\u00fczde 10 \u00e7al\u0131\u015fanlar\u0131n maa\u015f\u0131ndan gelir vergisi kesilmelidir. \u00c7ok kazanandan \u00e7ok, az kazanandan az kazanmayandan hi\u00e7 vergi al\u0131nmamal\u0131d\u0131r. Biz adaletli bir vergi sistemi i\u00e7in Say\u0131n Erdo\u011fan\u2019a d\u00fcn teklifimizi sunduk.\u201d<\/p>\n<p><strong>\u015eim\u015fek ile bulu\u015facaklar<\/strong><\/p>\n<p>Partinin 3 de\u011ferli ekonomi kurmay\u0131n\u0131n \u00f6n\u00fcm\u00fczdeki g\u00fcnlerden Hazine Maliye Bakan\u0131 Mehmet \u015eim\u015fek ile bir araya gelece\u011fini s\u00f6yleyen \u00d6zel, \u201cVergide adalet \u00f6nerimizi somutla\u015ft\u0131raca\u011f\u0131z. Ard\u0131ndan\u00a0meclisin \u00e7al\u0131\u015ft\u0131r\u0131lmas\u0131, adaletli bir vergi sistemine ge\u00e7ilmesi, emekli maa\u015f\u0131na, asgari \u00fccrete ve tar\u0131m \u00fcr\u00fcnlerine zam verilmesi, bu yoksullu\u011fun \u00e7aresinin \u00e7\u00f6z\u00fclmesi istenmektedir\u201d diye konu\u015ftu.<\/p>\n<p><strong>Diyalog kap\u0131s\u0131 a\u00e7\u0131k<\/strong><\/p>\n<p>MEHTAP G\u00d6KDEM\u0130R \/ Ankara &#8211; Cumhurba\u015fkan\u0131 Erdo\u011fan ile CHP lideri \u00d6zel aras\u0131nda 40 g\u00fcn arayla ger\u00e7ekle\u015fen \u00f6nceki g\u00fcnk\u00fc g\u00f6r\u00fc\u015fmenin ard\u0131ndan iki liderin \u00fc\u00e7\u00fcnc\u00fc kez randevulu bir g\u00f6r\u00fc\u015fme yap\u0131p yapmayacaklar\u0131 merak konusu oldu. Edinilen bilgiye g\u00f6re Erdo\u011fan\u2019\u0131n iade-i ziyareti s\u0131ras\u0131nda ve sonras\u0131ndaki vedala\u015fmada \u201cg\u00f6r\u00fc\u015f\u00fcr\u00fcz\u201d denmedi ancak g\u00f6r\u00fc\u015fme i\u00e7inde kar\u015f\u0131l\u0131kl\u0131 olarak diyalog kap\u0131s\u0131n\u0131n a\u00e7\u0131k tutulaca\u011f\u0131 mesaj\u0131 verildi.<\/p>\n<p>CHP\u2019li kurmaylar iki lider aras\u0131ndaki g\u00f6r\u00fc\u015fme trafi\u011finin devam edip etmeyece\u011fine ili\u015fkin Milliyet\u2019e, \u201c\u0130htiya\u00e7 oldu\u011fu zaman bu g\u00f6r\u00fc\u015fmeler devam eder, ama \u015fu anda planlanm\u0131\u015f bir takvim yok. 20 Temmuz\u2019da KKTC\u2019de zaten g\u00f6r\u00fc\u015fecekler\u201d de\u011ferlendirmesini yapt\u0131lar.<\/p>\n<p>\u00d6zellikle Gezi tutuklular\u0131 konusunda iyi bir\u015feyler olmas\u0131 beklentilerini vurgulayan CHP\u2019li kurmaylar, \u201cSpesifik bir \u015fey de\u011fil ama demokrasinin i\u015fleyi\u015fi i\u00e7in bir ad\u0131m at\u0131lmas\u0131 gerekiyor\u201d diye konu\u015ftular.<\/p>\n<p><strong>AK Parti: Cumhur \u0130ttifak\u0131 yoluna devam etmektedir<\/strong><\/p>\n<p>AK Parti Genel Ba\u015fkan Yard\u0131mc\u0131s\u0131 ve Parti S\u00f6zc\u00fcs\u00fc \u00d6mer \u00c7elik sosyal medya hesab\u0131ndan yapt\u0131\u011f\u0131 a\u00e7\u0131klamada, \u201c\u00dclkemizi kar\u015f\u0131 kar\u015f\u0131ya oldu\u011fu tehlikelerden korumak ve gelece\u011fe g\u00fc\u00e7l\u00fc bir \u015fekilde ta\u015f\u0131mak i\u00e7in kurulan Cumhur \u0130ttifak\u0131 kararl\u0131l\u0131kla yoluna devam etmektedir\u201d dedi. \u00c7elik, \u201cCumhur \u0130ttifak\u0131 olarak, \u00fclkemizi gelece\u011fe ta\u015f\u0131mak ve milletimize hizmet etmek noktas\u0131nda g\u00fc\u00e7l\u00fc siyasetlere imza atmaya devam edece\u011fiz\u201d ifadesini kulland\u0131, bu konuda iradenin tam oldu\u011funu vurgulad\u0131.<\/p>\n<p><strong>CHP: Bizim ittifak aray\u0131\u015f\u0131m\u0131z yok<\/strong><\/p>\n<p>MHP lideri Bah\u00e7eli\u2019nin a\u00e7\u0131klamalar\u0131n\u0131 Milliyet\u2019e de\u011ferlendiren CHP Grup Ba\u015fkanvekili Murat Emir, \u201cBiz, Cumhur \u0130ttifak\u0131\u2019yla ilgili ili\u015fkilerini nas\u0131l d\u00fczenleyecekleri, nas\u0131l devam ettirecekleriyle ilgili de\u011filiz. Kendi bilecekleri bir konu\u201d dedi. Emir, \u201cCHP\u2019nin bir ittifak aray\u0131\u015f\u0131 yoktur. Say\u0131n Bah\u00e7eli niye b\u00f6yle bir s\u00f6z s\u00f6yledi bilemem, ama bizim a\u00e7\u0131m\u0131zdan b\u00f6yle bir g\u00fcndem yok\u201d ifadesini kulland\u0131. \/ MEHTAP G\u00d6KDEM\u0130R &#8211; Ankara<\/p>\n\n<p><\/p>\n<p>Kaynak :\u00a0<span style=\"background-color: rgb(255, 249, 236); color: rgb(55, 58, 60); font-size: 14px;\">http:\/\/www.milliyet.com.tr\/gundem\/adaletli-vergi-sistemi-icin-teklifimizi-sunduk-7141408<\/span><\/p>\n","protected":false},"excerpt":{"rendered":"<p>Cumhuriyet Halk Partisi Genel Ba\u015fkan\u0131 \u00d6zg\u00fcr \u00d6zel, bir dizi program i\u00e7in d\u00fcn Amasya\u2019ya geldi. CHP Amasya \u0130l Ba\u015fkanl\u0131\u011f\u0131\u2019n\u0131 ziyaret eden \u00d6zel, buradan da Amasya Belediyesi\u2019ne gidip, a\u00e7\u0131klamalarda bulundu. \u00d6zel, \u015funlar\u0131 s\u00f6yledi:<\/p>\n","protected":false},"author":1,"featured_media":67417,"comment_status":"open","ping_status":"open","sticky":false,"template":"","format":"standard","meta":{"footnotes":""},"categories":[3],"tags":[271,1612,2257,3581,273],"class_list":["post-67416","post","type-post","status-publish","format-standard","has-post-thumbnail","hentry","category-guncel","tag-chp","tag-cumhur","tag-gorusme","tag-ittifak","tag-vergi"],"_links":{"self":[{"href":"https:\/\/kamucalisani.net\/index.php\/wp-json\/wp\/v2\/posts\/67416","targetHints":{"allow":["GET"]}}],"collection":[{"href":"https:\/\/kamucalisani.net\/index.php\/wp-json\/wp\/v2\/posts"}],"about":[{"href":"https:\/\/kamucalisani.net\/index.php\/wp-json\/wp\/v2\/types\/post"}],"author":[{"embeddable":true,"href":"https:\/\/kamucalisani.net\/index.php\/wp-json\/wp\/v2\/users\/1"}],"replies":[{"embeddable":true,"href":"https:\/\/kamucalisani.net\/index.php\/wp-json\/wp\/v2\/comments?post=67416"}],"version-history":[{"count":1,"href":"https:\/\/kamucalisani.net\/index.php\/wp-json\/wp\/v2\/posts\/67416\/revisions"}],"predecessor-version":[{"id":67418,"href":"https:\/\/kamucalisani.net\/index.php\/wp-json\/wp\/v2\/posts\/67416\/revisions\/67418"}],"wp:featuredmedia":[{"embeddable":true,"href":"https:\/\/kamucalisani.net\/index.php\/wp-json\/wp\/v2\/media\/67417"}],"wp:attachment":[{"href":"https:\/\/kamucalisani.net\/index.php\/wp-json\/wp\/v2\/media?parent=67416"}],"wp:term":[{"taxonomy":"category","embeddable":true,"href":"https:\/\/kamucalisani.net\/index.php\/wp-json\/wp\/v2\/categories?post=67416"},{"taxonomy":"post_tag","embeddable":true,"href":"https:\/\/kamucalisani.net\/index.php\/wp-json\/wp\/v2\/tags?post=67416"}],"curies":[{"name":"wp","href":"https:\/\/api.w.org\/{rel}","templated":true}]}}