{"id":67544,"date":"2024-07-20T19:36:07","date_gmt":"2024-07-20T19:36:07","guid":{"rendered":"https:\/\/kamucalisani.net\/?p=67544"},"modified":"2024-07-20T19:36:07","modified_gmt":"2024-07-20T19:36:07","slug":"baba-aciden-bulent-cihantimura-babalar-gunu-nasil-geciyor","status":"publish","type":"post","link":"https:\/\/kamucalisani.net\/index.php\/2024\/07\/20\/baba-aciden-bulent-cihantimura-babalar-gunu-nasil-geciyor\/","title":{"rendered":"Baba Aci&#8217;den B\u00fclent Cihantimur&#8217;a: Babalar G\u00fcn\u00fc nas\u0131l ge\u00e7iyor?"},"content":{"rendered":"<p><p>Yazar Eylem Tok ile Op. Dr. B\u00fclent Cihantimur&#8217;un 17 ya\u015f\u0131ndaki o\u011flu T.C. iddiaya g\u00f6re 1 Mart 2024&#8217;te Kemerburgaz&#8217;da kulland\u0131\u011f\u0131 l\u00fcks otomobille bozulan ATV&#8217;lerini yol kenar\u0131na \u00e7eken ki\u015filere \u00e7arp\u0131p O\u011fuz Murat Aci&#8217;nin (29) \u00f6l\u00fcm\u00fcne neden olurken annesi Eylem Tok taraf\u0131ndan M\u0131s\u0131r&#8217;a, oradan da ABD&#8217;ye ka\u00e7\u0131r\u0131lm\u0131\u015ft\u0131.<\/p>\n<p>Olay\u0131n \u00fczerinden yakla\u015f\u0131k 3,5 ay ge\u00e7erken k\u0131rm\u0131z\u0131 b\u00fclten de \u00e7\u0131kart\u0131lan anne ve o\u011ful halen yakalanmad\u0131. Vefat eden O\u011fuz Murat Aci&#8217;nin 21 ayl\u0131k o\u011flu Pars Ege ise babas\u0131 yan\u0131 ba\u015f\u0131ndayken do\u011fdu\u011fu hastaneye bu kez babas\u0131z getirilerek s\u00fcnnet ettirildi.<\/p>\n<p>Ger\u00e7ekle\u015fen operasyonda torunlar\u0131n\u0131n yan\u0131nda olan Aci&#8217;nin annesi Pervin Aci ve babas\u0131 \u00d6zer Aci, Babalar G\u00fcn\u00fc ve Kurban Bayram\u0131&#8217;na g\u00fcnler kala ac\u0131lar\u0131n\u0131n hala taze oldu\u011funu anlat\u0131rken torunlar\u0131 Pars Ege i\u00e7in \u00fcz\u00fcld\u00fcklerini belirtti. Aci \u00e7ifti, Eylem Tok ve o\u011flunun teslim olmalar\u0131 i\u00e7in \u00e7a\u011fr\u0131lar\u0131n\u0131 yineledi. \u00c7ift ya\u015fananlar\u0131 anlat\u0131rken duygusal anlar ya\u015fad\u0131, anne Pervin Aci g\u00f6zya\u015flar\u0131na hakim olmad\u0131. \u00d6te yandan kaza sonras\u0131 beyin ameliyat\u0131 ge\u00e7iren Aci&#8217;nin kay\u0131nbiraderi 22 ya\u015f\u0131ndaki Tahsin Arslan&#8217;\u0131n kay\u0131p telefonunun hala bulunamad\u0131\u011f\u0131 belirtildi.<\/p>\n<div>\n<div> <img decoding=\"async\" src=\"https:\/\/kamucalisani.net\/wp-content\/uploads\/2024\/07\/baba-aciden-bulent-cihantimura-babalar-gunu-nasil-geciyor-0-VmYWWKSR.jpg\"\/><\/img> <\/div>\n<\/p><\/div>\n<\/p>\n<p><strong>&#8220;UNUTMAYACA\u011eIZ, M\u00dcCADELEM\u0130ZE DEVAM EDECE\u011e\u0130Z&#8221;<\/strong><\/p>\n<p>Ac\u0131lar\u0131n\u0131n ilk g\u00fcnk\u00fc gibi taze oldu\u011funu s\u00f6yleyen \u00d6zer Aci, \u201cK\u00fc\u00e7\u00fck o\u011flumun s\u00fcnnetini yapt\u0131rd\u0131k. Bu hastanede do\u011fmu\u015ftu, do\u011fumunda yoktum, memleketteydik. O\u011flumla, rahmetliyle g\u00f6r\u00fc\u015ft\u00fcm, \u2018Baba bamba\u015fka bir duygu, anlatamam&#8217; dedi. O\u011flum, duygular\u0131m\u0131 ya\u015f\u0131yorsun dedim. Kendisi, o\u011flunun s\u00fcnnetinde bulunamad\u0131 ama onun vazifesini harfiyen yerine getirdik. \u015eu an annesi, hem annelik hem babal\u0131k yap\u0131yor, babas\u0131 olsayd\u0131 yan\u0131nda torunum, belki daha az a\u011flayacakt\u0131. E\u015fine, \u00e7ocu\u011funa destek olmu\u015f olacakt\u0131. Her ne kadar vazifeleri yerine getirsek bile bir baba olam\u0131yoruz ancak b\u00fcy\u00fck baba sevgisi verece\u011fiz. Kurban Bayram\u0131, kurban\u0131m\u0131z\u0131 kesece\u011fiz ancak bayramlar\u0131m\u0131z sevin\u00e7, bahar bayramlar\u0131 de\u011fil, karalar giymi\u015fiz. Unutam\u0131yoruz, unutmayaca\u011f\u0131z, m\u00fccadelemize devam edece\u011fiz. Bu bayram olmaz, \u00f6teki bayram olur. \u00c7a\u011fr\u0131m\u0131zdan hi\u00e7bir \u015feyden vazge\u00e7medik, vazge\u00e7meyece\u011fiz. \u015eu an bence saklan\u0131yor, bir yerden bir yere hareket etti\u011fi an k\u0131rm\u0131z\u0131 b\u00fclten yakalayacak, herhalde \u015fu an o b\u00f6lgede sabit bir yerde duruyor. 24 Kas\u0131m&#8217;da vizesi bitiyor, o zaman ne yapacak? Eli kelep\u00e7eli olarak bu \u00fclkeye gelecek, hesab\u0131n\u0131 verecek. O\u011flu istemeyerek yapt\u0131 da o pahal\u0131 arabay\u0131 baba ald\u0131, alt\u0131na tahsis etti, anne anahtar\u0131 tahsis etti. Kazadan birka\u00e7 saat \u00f6nce annenin yan\u0131na geliyor, \u00e7ocuk 25-30 ya\u015f\u0131nda gibi oturuyor. Anne babaya da bu olaydan dolay\u0131 bir ceza verilmeli, anne \u00e7ocu\u011fu ka\u00e7\u0131rd\u0131, telefonlar\u0131 toplad\u0131. \u015eu ana kadar bildi\u011fim kadar\u0131yla telefon bulunmad\u0131 Onu da Eylem Han\u0131m al\u0131p g\u00f6t\u00fcrm\u00fc\u015ft\u00fcr, belki ABD&#8217;ye kadar g\u00f6t\u00fcrm\u00fc\u015ft\u00fcr diye d\u00fc\u015f\u00fcn\u00fcyorum&#8221; \u015feklinde konu\u015ftu.<\/p>\n<p><strong>&#8220;BEN B\u00dcLENT BEY&#8217;E SORAYIM; BABALAR G\u00dcN\u00dc NASIL GE\u00c7\u0130YOR&#8221;<\/strong><\/p>\n<p>Anne ve o\u011flun bir an \u00f6nce teslim olmas\u0131 gerekti\u011fini s\u00f6yleyen Aci, \u201cKendime g\u00f6re bir yas tutuyorum, yakaland\u0131\u011f\u0131n\u0131 duydu\u011fum an o yastan \u00e7\u0131kaca\u011f\u0131m\u0131 d\u00fc\u015f\u00fcn\u00fcyorum. Onu davul zurnayla kar\u015f\u0131layaca\u011f\u0131m. Son g\u00fclen iyi g\u00fclermi\u015f, son g\u00fclen ben olaca\u011f\u0131m \u00e7\u00fcnk\u00fc ben hakl\u0131y\u0131m. Bir bayram geliyor ama bizim bayram\u0131m\u0131z yok art\u0131k, bayramlar\u0131m\u0131z karaya d\u00f6nd\u00fc. \u015eu ana kadar ne \u00e7ocuklar\u0131n\u0131 ne e\u015fini teslim etti B\u00fclent Bey, ne de arad\u0131, sordu. Maddi manevi yan\u0131mdayd\u0131 da maddi k\u0131sm\u0131n\u0131 kenara b\u0131rak\u0131n dedik, tamam ama manevi olarak da hi\u00e7bir zaman yan\u0131mda olmad\u0131lar, insanl\u0131k bitmi\u015f. Evlad\u0131m \u00f6ld\u00fc gitti ama 4 tane yaral\u0131 gencimiz vard\u0131. Onu b\u0131rak orada 9 tane daha aile var, o aileler dahil bu 3,5 ayd\u0131r hi\u00e7 kimse ne arayan ne soran oldu. Her \u015fey hayatta para de\u011fil, a\u00e7 de\u011filiz, Allah&#8217;a \u015f\u00fck\u00fcr a\u00e7\u0131kta de\u011filiz. Babalar G\u00fcn\u00fc&#8217;nde ondan mahrum olduk, hep ba\u015f\u0131mdan \u00f6perdi, benden daha boyluydu. Babalar G\u00fcn\u00fc de Anneler G\u00fcn\u00fc gibi buruk ge\u00e7ecek. Mezar\u0131n\u0131 ziyaret ederiz, geldik deriz ger\u00e7i her g\u00fcn ediyoruz. Ben B\u00fclent Bey&#8217;e soray\u0131m; Babalar G\u00fcn\u00fc nas\u0131l ge\u00e7iyor diye, benim iyi ge\u00e7medi\u011fi her hal\u00fckarda belli. Bir baba deyip elinden \u00f6pemeyecek hi\u00e7bir bayramda \u00e7ocu\u011fum, Babalar G\u00fcn\u00fc&#8217;n\u00fc kutlayamayacak o dal\u0131, y\u00f6n\u00fc hep eksik olacak. S\u00fcnnetinde yan\u0131nda olamad\u0131, olsayd\u0131 \u00e7ok iyi olurdu, kendi istiyordu \u015fu an s\u00fcnnet yapt\u0131rmam\u0131zdaki en b\u00fcy\u00fck etken rahmetli o\u011flum. Gelinim, ac\u0131l\u0131 bir e\u015f olarak, e\u015fim b\u00f6yle istiyordu ya\u015f\u0131 dolmadan yapal\u0131m, istedi\u011fi \u015fey yerine gelsin ruhu rahat etsin diye \u00e7aba g\u00f6sterdi. Daha sonra da olabilirdi ama o\u011flum \u00f6yle istedi\u011fi i\u00e7in \u00f6yle oldu. Hem s\u00fcnnet hem Babalar G\u00fcn\u00fc ama ne yaz\u0131k ki ac\u0131 bir olayla\u201d dedi.<\/p>\n<div>\n<div> <img decoding=\"async\" src=\"https:\/\/kamucalisani.net\/wp-content\/uploads\/2024\/07\/baba-aciden-bulent-cihantimura-babalar-gunu-nasil-geciyor-1-xOK9nWAS.jpg\"\/><\/img> <\/div>\n<\/p><\/div>\n<\/p>\n<p><strong>&#8220;BEN\u0130M EL\u0130M\u0130 \u00d6PECEK O\u011eLUM YOK&#8221;<\/strong><\/p>\n<p>O\u011flunun her an akl\u0131nda ve kalbinde oldu\u011funu s\u00f6yleyen anne Pervin Aci, \u201cO\u011flumun heyecan\u0131n\u0131, o g\u00fczel babal\u0131\u011f\u0131n\u0131, bekleyi\u015fini hep g\u00f6z\u00fcmden ge\u00e7irdim. Hepimiz bug\u00fcn \u00e7ocu\u011fumuz yok diye a\u011fl\u0131yoruz. H\u00fcz\u00fcn, herkes de bir ya\u015f var, g\u00f6zya\u015f\u0131 durmad\u0131 ki ne yapaca\u011f\u0131z bilmiyorum. Gittik\u00e7e kin de art\u0131yor, o\u011flumu \u00e7ok \u00f6zledim. Kinim kad\u0131na gelmedi, k\u0131rm\u0131z\u0131 b\u00fclten \u00e7\u0131kar\u0131ld\u0131, ondan da bir haber yok, in\u015fallah yak\u0131nda gelir. Bayram ertesi bekliyorum. O\u011flumun kurban\u0131n\u0131 ba\u011f\u0131\u015flad\u0131k, kurban kesece\u011fiz ama ne bayram\u0131, bayram benim neyime, neyimize. Kurban keserken foto\u011fraflar\u0131 var, heyecan\u0131 var. Benim elimi \u00f6perdi, elimi \u00f6pecek o\u011flum yok, k\u0131z\u0131m, damad\u0131m herkes var ama o \u00e7ok farkl\u0131. Cumhurba\u015fkan\u0131m, Adalet Bakan\u0131ma, D\u0131\u015fi\u015fleri Bakan\u0131ma da sesleniyorum, ac\u0131m daha beter, zannediyorum ki o yakalan\u0131rsa yanan yere bir su serpilir, \u00f6yle hissediyorum. Bilmiyorum, gelirse \u00f6yle olur muyum, Eylem Tok, akl\u0131 ba\u015f\u0131ndaysa gelsin art\u0131k biraz toparlas\u0131n kendini, bundan ka\u00e7\u0131\u015f yok. Nereye kadar gidecek ki \u00f6mr\u00fcn\u00fcn sonuna kadar ka\u00e7abilecek mi, bir g\u00fcn tutuklanacak, gelsin, adalete teslim olsun. O \u00e7ocuk da bir an evvel hayata d\u00f6ns\u00fcn, yeniden bir yol \u00e7izsin. Babay\u0131 g\u00f6rmedim, maddi manevi hi\u00e7bir \u015fey beklemiyorum. Kar\u0131s\u0131n\u0131 \u00e7ocu\u011funu als\u0131n, gelsin, kimse ondan bir \u015fey istemiyor. Onda bunda g\u00f6z\u00fcm yok, adam ne yaparsa yaps\u0131n, umurumda de\u011fil. Doktor olsayd\u0131 \u00e7ocu\u011fumun kanayan yaras\u0131na az\u0131c\u0131k, 2 parmak bassayd\u0131. 10-15 dakika ileride hastanemize getirseydi o g\u00fczelim doktorlar\u0131n elinde \u00e7ocu\u011fum kurtulurdu. O doktor de\u011fil, ne o anne ne de o doktor, ikisi de ne anne olabilir ne doktor olur\u201d dedi.<\/p>\n\n<p><\/p>\n<p>Kaynak :\u00a0<span style=\"background-color: rgb(255, 249, 236); color: rgb(55, 58, 60); font-size: 14px;\">http:\/\/www.milliyet.com.tr\/gundem\/baba-aciden-bulent-cihantimura-babalar-gunu-nasil-geciyor-7141490<\/span><\/p>\n","protected":false},"excerpt":{"rendered":"<p>Yazar Eylem Tok&#8217;un 17 ya\u015f\u0131ndaki o\u011flu T.C.&#8217;nin yapt\u0131\u011f\u0131 kazada hayat\u0131n\u0131 kaybeden O\u011fuz Murat Aci&#8217;nin o\u011flu, babas\u0131 yan\u0131 ba\u015f\u0131ndayken do\u011fdu\u011fu hastanede bu kez babas\u0131 olmadan s\u00fcnnet edildi. Aci&#8217;nin annesi ve babas\u0131 duygusal anlar ya\u015farken baba \u00d6zer Aci, &#8220;B\u00fclent Bey&#8217;e soray\u0131m; Babalar G\u00fcn\u00fc nas\u0131l ge\u00e7iyor? Torunum, baba deyip elinden \u00f6pemeyecek hi\u00e7bir bayramda, Babalar G\u00fcn\u00fc&#8217;n\u00fc kutlayamayacak. M\u00fccadelemize devam edece\u011fiz, yakaland\u0131\u011f\u0131nda davul zurnayla kar\u015f\u0131layaca\u011f\u0131m, son g\u00fclen iyi g\u00fclermi\u015f&#8221; dedi.<\/p>\n","protected":false},"author":1,"featured_media":67545,"comment_status":"open","ping_status":"open","sticky":false,"template":"","format":"standard","meta":{"footnotes":""},"categories":[3],"tags":[3669,237,439,1682,540],"class_list":["post-67544","post","type-post","status-publish","format-standard","has-post-thumbnail","hentry","category-guncel","tag-aci","tag-anne","tag-baba","tag-bayram","tag-oglu"],"_links":{"self":[{"href":"https:\/\/kamucalisani.net\/index.php\/wp-json\/wp\/v2\/posts\/67544","targetHints":{"allow":["GET"]}}],"collection":[{"href":"https:\/\/kamucalisani.net\/index.php\/wp-json\/wp\/v2\/posts"}],"about":[{"href":"https:\/\/kamucalisani.net\/index.php\/wp-json\/wp\/v2\/types\/post"}],"author":[{"embeddable":true,"href":"https:\/\/kamucalisani.net\/index.php\/wp-json\/wp\/v2\/users\/1"}],"replies":[{"embeddable":true,"href":"https:\/\/kamucalisani.net\/index.php\/wp-json\/wp\/v2\/comments?post=67544"}],"version-history":[{"count":1,"href":"https:\/\/kamucalisani.net\/index.php\/wp-json\/wp\/v2\/posts\/67544\/revisions"}],"predecessor-version":[{"id":67548,"href":"https:\/\/kamucalisani.net\/index.php\/wp-json\/wp\/v2\/posts\/67544\/revisions\/67548"}],"wp:featuredmedia":[{"embeddable":true,"href":"https:\/\/kamucalisani.net\/index.php\/wp-json\/wp\/v2\/media\/67545"}],"wp:attachment":[{"href":"https:\/\/kamucalisani.net\/index.php\/wp-json\/wp\/v2\/media?parent=67544"}],"wp:term":[{"taxonomy":"category","embeddable":true,"href":"https:\/\/kamucalisani.net\/index.php\/wp-json\/wp\/v2\/categories?post=67544"},{"taxonomy":"post_tag","embeddable":true,"href":"https:\/\/kamucalisani.net\/index.php\/wp-json\/wp\/v2\/tags?post=67544"}],"curies":[{"name":"wp","href":"https:\/\/api.w.org\/{rel}","templated":true}]}}