{"id":67652,"date":"2024-07-21T01:48:05","date_gmt":"2024-07-21T01:48:05","guid":{"rendered":"https:\/\/kamucalisani.net\/?p=67652"},"modified":"2024-07-21T01:48:05","modified_gmt":"2024-07-21T01:48:05","slug":"candan-kardesler-sorusturmasinda-yeni-gelisme-hakim-karsisina-cikacaklari-tarih-belli-oldu","status":"publish","type":"post","link":"https:\/\/kamucalisani.net\/index.php\/2024\/07\/21\/candan-kardesler-sorusturmasinda-yeni-gelisme-hakim-karsisina-cikacaklari-tarih-belli-oldu\/","title":{"rendered":"Candan karde\u015fler soru\u015fturmas\u0131nda yeni geli\u015fme! Hakim kar\u015f\u0131s\u0131na \u00e7\u0131kacaklar\u0131 tarih belli oldu"},"content":{"rendered":"<p><p>Doland\u0131r\u0131c\u0131l\u0131k ve kara para aklama su\u00e7lar\u0131ndan haklar\u0131nda soru\u015fturma ba\u015flat\u0131lan ve Alisya Bahar Candan&#8217;\u0131n 14 y\u0131ldan 44 y\u0131la kadar, G\u00fclnihal \u00c7i\u00e7ek&#8217;in ise 8 y\u0131ldan 24 y\u0131la kadar hapsi istenen iddianame mahkeme taraf\u0131ndan kabul edildi.<\/p>\n<p>K\u00fc\u00e7\u00fck\u00e7ekmece 5. A\u011f\u0131r Ceza Mahkemesi taraf\u0131ndan kabul edilen iddianame kapsam\u0131nda Eyl\u00fcl ay\u0131nda Alisya Bahar Candan ve ablas\u0131 G\u00fclnihal \u00c7i\u00e7ek san\u0131k s\u0131fat\u0131yla hakim kar\u015f\u0131s\u0131na \u00e7\u0131kacak.<\/p>\n<p>\u00d6te yandan davaya ili\u015fkin a\u00e7\u0131klama yapan Avukat Burak Temizer \u201cYarg\u0131laman\u0131n ilerleyen a\u015famalar\u0131nda yeni ma\u011fdurlar\u0131n da ortaya \u00e7\u0131kabilece\u011fini, ba\u015fka davalar\u0131n da bu dava alt\u0131nda birle\u015febilece\u011fini d\u00fc\u015f\u00fcn\u00fcyorum zira yurdun farkl\u0131 illerinde ayn\u0131 \u015fekilde doland\u0131r\u0131lm\u0131\u015f olmas\u0131na ra\u011fmen halen daha \u015fikayet\u00e7i olmayan paralar\u0131n\u0131 geri alabileceklerine olan inanc\u0131yla bekleyen veya ya\u015fad\u0131klar\u0131 olaydan \u00f6t\u00fcr\u00fc isminin bilinmesini istemeyen ma\u011fdurlar\u0131n oldu\u011funu biliyorum\u201d dedi.<\/p>\n<p><strong>\u0130DD\u0130ANAMEDEN <\/strong><\/p>\n<p>K\u00fc\u00e7\u00fck\u00e7ekmece Cumhuriyet Ba\u015fsavc\u0131l\u0131\u011f\u0131 taraf\u0131ndan haz\u0131rlanan iddianamede 38 m\u00fc\u015fteki, 1 m\u00fc\u015fteki \u015f\u00fcpheli ve Nihal ile Bahar Candan&#8217;\u0131n aralar\u0131nda bulundu\u011fu 21 \u015f\u00fcpheli yer alm\u0131\u015ft\u0131. \u0130ddianamede tutuklu \u015f\u00fcpheli G\u00fclnihal \u00c7i\u00e7ek&#8217;in tutuklulukta ge\u00e7irdi\u011fi s\u00fcre dikkate al\u0131narak adli kontrol \u015fart\u0131yla tahliye edildi\u011fi de aktar\u0131lm\u0131\u015ft\u0131. \u0130ddianamede Onur Apayd\u0131n ve \u0130lker Oflu&#8217;nun liderli\u011findeki \u015febekenin ucuza ara\u00e7 satt\u0131klar\u0131n\u0131 s\u00f6yleyerek vatanda\u015flar\u0131 sazan sarmal\u0131 y\u00f6ntemiyle doland\u0131rd\u0131\u011f\u0131 belirtilmi\u015fti. Bahar ve Nihal Candan&#8217;\u0131n su\u00e7 \u00f6rg\u00fct\u00fcn\u00fcn hiyerar\u015fik ve organik yap\u0131s\u0131 i\u00e7erisinde yer ald\u0131\u011f\u0131 iddianamede kaydedilmi\u015fti. \u0130ddianamenin devam\u0131nda \u201c\u015e\u00fcphelilerin \u00f6nceki tarihlerde \u00e7e\u015fitli televizyon programlar\u0131na uzun s\u00fcre kat\u0131ld\u0131\u011f\u0131, \u00fcnl\u00fc olduktan sonra magazin programlar\u0131nda da yer ald\u0131\u011f\u0131, sosyal medya platformunda \u00e7ok say\u0131da takip\u00e7iye ula\u015fmas\u0131 sebebiyle g\u00fcn\u00fcm\u00fczde sosyal medya fenomeni ve ekran y\u00fcz\u00fc olarak tabir edilen bir s\u0131fat\u0131n\u0131n bulundu\u011fu, dolay\u0131s\u0131yla toplumun geni\u015f kesimleri taraf\u0131ndan tan\u0131nan bir sima oldu\u011fu, bu \u00f6zelli\u011fi sebebiyle de su\u00e7 \u00f6rg\u00fct\u00fc taraf\u0131ndan doland\u0131r\u0131c\u0131l\u0131k eylemlerine y\u00f6nelik d\u00fczenlenen \u00f6zel toplant\u0131larda ma\u011fdurlar\u0131n kand\u0131r\u0131lmas\u0131nda etkin rol oynad\u0131\u011f\u0131\u201d ifade edilmi\u015fti. \u015e\u00fcphelilerin \u00f6rg\u00fct lideri Onur Apayd\u0131n ile yak\u0131n ili\u015fki i\u00e7erisinde oldu\u011fu da iddianamede a\u00e7\u0131klanm\u0131\u015ft\u0131. \u0130ddianamede \u00f6rg\u00fct lideri Onur Apayd\u0131n&#8217;\u0131n \u00f6rg\u00fct i\u00e7erisinde \u2018gizli muhasebeci ve kasa&#8217; konumunda olan \u015f\u00fcpheli Alisya Bahar Candan \u00fczerinden bankac\u0131l\u0131k faaliyetlerini ger\u00e7ekle\u015ftirdi\u011fi ve elde edilen su\u00e7 gelirinin akland\u0131\u011f\u0131 belirtilmi\u015fti. \u00d6te yandan ma\u011fdur temin etme g\u00f6revlisi olan \u015f\u00fcpheli Hac\u0131 \u0130srafil Sa\u011flam iddianamede yer verilen ifadesinde \u00f6rg\u00fct toplant\u0131lar\u0131na kat\u0131ld\u0131\u011f\u0131n\u0131 s\u00f6yleyerek \u201cToplant\u0131lara \u00fcst kademeden herkes kat\u0131l\u0131yordu. Saha elemanlar\u0131 ve alt kademe asla kat\u0131lamazd\u0131. \u00d6rg\u00fct\u00fcn \u00fcst y\u00f6netimindeki herkes i\u015ftirak ediyordu. Toplant\u0131lar\u0131n ikisinde Nihal Candan&#8217;\u0131 g\u00f6rd\u00fcm. Nihal Candan \u00f6rg\u00fct lideri Onur Apayd\u0131n&#8217;\u0131n sevgilisiydi. Di\u011fer \u015fah\u0131slar Nihal Candan&#8217;a sayg\u0131 g\u00f6steriyor ve mesafeli davran\u0131yordu. Nihal Candan&#8217;\u0131n yan\u0131nda \u00f6rg\u00fct\u00fcn i\u00e7 i\u015fleyi\u015fine ili\u015fkin konular araba al\u0131m sat\u0131m i\u015fler konu\u015fuldu\u201d \u015feklinde beyanda bulundu\u011fu da iddianamede ifade edilmi\u015fti. \u0130ddianamede Bahar Candan&#8217;\u0131n &#8216;su\u00e7 \u00f6rg\u00fct\u00fcne \u00fcye olmak&#8217; su\u00e7undan 2 y\u0131ldan 4 y\u0131la kadar &#8216;ki\u015finin, kendisini kamu g\u00f6revlisi veya banka, sigorta ya da kredi kurumlar\u0131n\u0131n \u00e7al\u0131\u015fan\u0131 olarak tan\u0131tmas\u0131 veya bu kurum ve kurulu\u015flarla ili\u015fkili oldu\u011funu s\u00f6ylemesi suretiyle doland\u0131r\u0131c\u0131l\u0131k&#8217; su\u00e7undan ise 2 kez 12 y\u0131ldan 40 y\u0131la kadar olmak \u00fczere toplamda 14 y\u0131ldan 44 y\u0131la kadar hapisle, Nihal Candan&#8217;\u0131n ise ayn\u0131 su\u00e7lardan 8 y\u0131ldan 24 y\u0131la kadar hapisle cezaland\u0131r\u0131lmas\u0131 talep edildi. \u00d6te yandan di\u011fer 20 \u015f\u00fcpheli hakk\u0131nda ise de\u011fi\u015fen oranlarda hapis cezas\u0131 istenmi\u015fti.<\/p>\n\n<p><\/p>\n<p>Kaynak :\u00a0<span style=\"background-color: rgb(255, 249, 236); color: rgb(55, 58, 60); font-size: 14px;\">http:\/\/www.milliyet.com.tr\/gundem\/candan-kardesler-sorusturmasinda-yeni-gelisme-hakim-karsisina-cikacaklari-tarih-belli-oldu-7141555<\/span><\/p>\n","protected":false},"excerpt":{"rendered":"<p>Doland\u0131r\u0131c\u0131l\u0131k ve kara para aklama su\u00e7lar\u0131ndan haklar\u0131nda soru\u015fturma ba\u015flat\u0131lan Candan karde\u015flerin hakim kar\u015f\u0131s\u0131na \u00e7\u0131kaca\u011f\u0131 tarih belli oldu. Alisya Bahar Candan&#8217;\u0131n 14 y\u0131ldan 44 y\u0131la kadar, G\u00fclnihal \u00c7i\u00e7ek&#8217;in ise 8 y\u0131ldan 24 y\u0131la kadar hapsi istenen iddianame mahkeme taraf\u0131ndan kabul edildi. K\u00fc\u00e7\u00fck\u00e7ekmece 5. A\u011f\u0131r Ceza Mahkemesinde Candan karde\u015fler ve di\u011fer 20 san\u0131\u011f\u0131n yarg\u0131lanmas\u0131na Eyl\u00fcl ay\u0131nda ba\u015flanacak.<\/p>\n","protected":false},"author":1,"featured_media":67653,"comment_status":"open","ping_status":"open","sticky":false,"template":"","format":"standard","meta":{"footnotes":""},"categories":[3],"tags":[1599,3684,811,644,3683],"class_list":["post-67652","post","type-post","status-publish","format-standard","has-post-thumbnail","hentry","category-guncel","tag-iddianame","tag-nihal-candan","tag-suc","tag-supheli","tag-yildan"],"_links":{"self":[{"href":"https:\/\/kamucalisani.net\/index.php\/wp-json\/wp\/v2\/posts\/67652","targetHints":{"allow":["GET"]}}],"collection":[{"href":"https:\/\/kamucalisani.net\/index.php\/wp-json\/wp\/v2\/posts"}],"about":[{"href":"https:\/\/kamucalisani.net\/index.php\/wp-json\/wp\/v2\/types\/post"}],"author":[{"embeddable":true,"href":"https:\/\/kamucalisani.net\/index.php\/wp-json\/wp\/v2\/users\/1"}],"replies":[{"embeddable":true,"href":"https:\/\/kamucalisani.net\/index.php\/wp-json\/wp\/v2\/comments?post=67652"}],"version-history":[{"count":1,"href":"https:\/\/kamucalisani.net\/index.php\/wp-json\/wp\/v2\/posts\/67652\/revisions"}],"predecessor-version":[{"id":67654,"href":"https:\/\/kamucalisani.net\/index.php\/wp-json\/wp\/v2\/posts\/67652\/revisions\/67654"}],"wp:featuredmedia":[{"embeddable":true,"href":"https:\/\/kamucalisani.net\/index.php\/wp-json\/wp\/v2\/media\/67653"}],"wp:attachment":[{"href":"https:\/\/kamucalisani.net\/index.php\/wp-json\/wp\/v2\/media?parent=67652"}],"wp:term":[{"taxonomy":"category","embeddable":true,"href":"https:\/\/kamucalisani.net\/index.php\/wp-json\/wp\/v2\/categories?post=67652"},{"taxonomy":"post_tag","embeddable":true,"href":"https:\/\/kamucalisani.net\/index.php\/wp-json\/wp\/v2\/tags?post=67652"}],"curies":[{"name":"wp","href":"https:\/\/api.w.org\/{rel}","templated":true}]}}