{"id":68487,"date":"2024-07-22T19:48:09","date_gmt":"2024-07-22T19:48:09","guid":{"rendered":"https:\/\/kamucalisani.net\/?p=68487"},"modified":"2024-07-22T19:48:09","modified_gmt":"2024-07-22T19:48:09","slug":"kocaelide-feci-son-otomobil-takla-atti-3-kisi-oldu","status":"publish","type":"post","link":"https:\/\/kamucalisani.net\/index.php\/2024\/07\/22\/kocaelide-feci-son-otomobil-takla-atti-3-kisi-oldu\/","title":{"rendered":"Kocaeli&#8217;de feci son! Otomobil takla att\u0131, 3 ki\u015fi \u00f6ld\u00fc"},"content":{"rendered":"<p><p>Kaza, saat 00.30 s\u0131ralar\u0131nda \u00c7ay\u0131rova il\u00e7esine ba\u011fl\u0131 Cumhuriyet Mahallesi\u2019nde, D-100 ba\u011flant\u0131 yolunda meydana geldi.<\/p>\n<p>Ankara istikametine giden \u00d6mer B., Hasan K. ve S.A.\u2019n\u0131n i\u00e7erisinde bulundu\u011fu, hangisinin s\u00fcr\u00fcc\u00fcs\u00fc oldu\u011fu \u00f6\u011frenilemeyen 35 AGB 557 plakal\u0131 otomobil, kontrolden \u00e7\u0131karak bariyerlere \u00e7arpt\u0131.<\/p>\n<div>\n<div> <img decoding=\"async\" src=\"https:\/\/kamucalisani.net\/wp-content\/uploads\/2024\/07\/kocaelide-feci-son-otomobil-takla-atti-3-kisi-oldu-0-p7WRfcqJ.jpg\"\/><\/img> <\/div>\n<\/p><\/div>\n<\/p>\n<p>Otomobil daha sonra bariyer \u00fczerinde ters d\u00f6nd\u00fc. Kazay\u0131 g\u00f6renlerin ihbar\u0131 \u00fczerine olay yerine sa\u011fl\u0131k, itfaiye ve polis ekibi sevk edildi.<\/p>\n<p>Yap\u0131lan incelemede \u00d6mer B. ve S.A.\u2019n\u0131n olay yerinde hayat\u0131n\u0131 kaybetti\u011fi belirlendi.<\/p>\n<div>\n<div> <img decoding=\"async\" src=\"https:\/\/kamucalisani.net\/wp-content\/uploads\/2024\/07\/kocaelide-feci-son-otomobil-takla-atti-3-kisi-oldu-1-K3QL5P9y.jpg\"\/><\/img> <\/div>\n<\/p><\/div>\n<\/p>\n<p>Ara\u00e7 i\u00e7erisinde s\u0131k\u0131\u015fan Hasan K., ise a\u011f\u0131r yaral\u0131 halde Gebze\u2019deki \u00f6zel bir hastaneye kald\u0131r\u0131ld\u0131. Hasan K., hastanede doktorlar\u0131n t\u00fcm m\u00fcdahalesine ra\u011fmen hayat\u0131n\u0131 kaybetti. Cenazeler inceleme sonras\u0131 Gebze Adli T\u0131p Kurumu\u2019na kald\u0131r\u0131ld\u0131. Kazayla ilgili soru\u015fturma ba\u015flat\u0131ld\u0131.<\/p>\n\n<p><\/p>\n<p>Kaynak :\u00a0<span style=\"background-color: rgb(255, 249, 236); color: rgb(55, 58, 60); font-size: 14px;\">http:\/\/www.milliyet.com.tr\/gundem\/kocaelide-feci-son-otomobil-takla-atti-3-kisi-oldu-7142048<\/span><\/p>\n","protected":false},"excerpt":{"rendered":"<p>Kocaeli&#8217;nin \u00c7ay\u0131rova il\u00e7esinde bir otomobil bariyerlere \u00e7arparak ters d\u00f6nd\u00fc. Kaza sonucu otomobildeki 3 ki\u015fi hayat\u0131n\u0131 kaybetti.<\/p>\n","protected":false},"author":1,"featured_media":68488,"comment_status":"open","ping_status":"open","sticky":false,"template":"","format":"standard","meta":{"footnotes":""},"categories":[3],"tags":[],"class_list":["post-68487","post","type-post","status-publish","format-standard","has-post-thumbnail","hentry","category-guncel"],"_links":{"self":[{"href":"https:\/\/kamucalisani.net\/index.php\/wp-json\/wp\/v2\/posts\/68487","targetHints":{"allow":["GET"]}}],"collection":[{"href":"https:\/\/kamucalisani.net\/index.php\/wp-json\/wp\/v2\/posts"}],"about":[{"href":"https:\/\/kamucalisani.net\/index.php\/wp-json\/wp\/v2\/types\/post"}],"author":[{"embeddable":true,"href":"https:\/\/kamucalisani.net\/index.php\/wp-json\/wp\/v2\/users\/1"}],"replies":[{"embeddable":true,"href":"https:\/\/kamucalisani.net\/index.php\/wp-json\/wp\/v2\/comments?post=68487"}],"version-history":[{"count":1,"href":"https:\/\/kamucalisani.net\/index.php\/wp-json\/wp\/v2\/posts\/68487\/revisions"}],"predecessor-version":[{"id":68491,"href":"https:\/\/kamucalisani.net\/index.php\/wp-json\/wp\/v2\/posts\/68487\/revisions\/68491"}],"wp:featuredmedia":[{"embeddable":true,"href":"https:\/\/kamucalisani.net\/index.php\/wp-json\/wp\/v2\/media\/68488"}],"wp:attachment":[{"href":"https:\/\/kamucalisani.net\/index.php\/wp-json\/wp\/v2\/media?parent=68487"}],"wp:term":[{"taxonomy":"category","embeddable":true,"href":"https:\/\/kamucalisani.net\/index.php\/wp-json\/wp\/v2\/categories?post=68487"},{"taxonomy":"post_tag","embeddable":true,"href":"https:\/\/kamucalisani.net\/index.php\/wp-json\/wp\/v2\/tags?post=68487"}],"curies":[{"name":"wp","href":"https:\/\/api.w.org\/{rel}","templated":true}]}}