{"id":68721,"date":"2024-07-23T07:12:06","date_gmt":"2024-07-23T07:12:06","guid":{"rendered":"https:\/\/kamucalisani.net\/?p=68721"},"modified":"2024-07-23T07:12:06","modified_gmt":"2024-07-23T07:12:06","slug":"ios-18den-once-son-guncelleme-ios-17-6-cok-yakinda-yayinlaniyor","status":"publish","type":"post","link":"https:\/\/kamucalisani.net\/index.php\/2024\/07\/23\/ios-18den-once-son-guncelleme-ios-17-6-cok-yakinda-yayinlaniyor\/","title":{"rendered":"iOS 18&#8217;den \u00f6nce son g\u00fcncelleme: iOS 17.6 \u00e7ok yak\u0131nda yay\u0131nlan\u0131yor"},"content":{"rendered":"<p><figure> <span> <img decoding=\"async\" src=\"https:\/\/kamucalisani.net\/wp-content\/uploads\/2024\/07\/ios-18den-once-son-guncelleme-ios-176-cok-yakinda-yayinlaniyor-0-mmrG8MT2.jpg\"\/> <\/span> <strong>Apple<\/strong>, ge\u00e7ti\u011fimiz g\u00fcnlerde\u00a0<strong>iOS 18<\/strong> s\u00fcr\u00fcm\u00fcn\u00fcn herkese a\u00e7\u0131k beta g\u00fcncellemesini yay\u0131nlad\u0131. G\u00fcncellemenin kararl\u0131 s\u00fcr\u00fcm\u00fc ise eyl\u00fcl ay\u0131nda tan\u0131t\u0131lacak <strong>iPhone 16<\/strong> modelleri ile birlikte kullan\u0131ma sunulacak. <\/figure>\n<p><b>iOS 18&#8217;den \u00f6nceki son g\u00fcncelleme olacak<\/b><\/p>\n<p>Apple, iOS 18 g\u00fcncellemesinden \u00f6nceki son s\u00fcr\u00fcm olmas\u0131 beklenen <strong>iOS 17.6<\/strong> \u00fczerinde \u00e7al\u0131\u015f\u0131yor. Yak\u0131nda yay\u0131nlanmas\u0131 beklenen g\u00fcncellemenin <strong>iPhone&#8217;lara<\/strong> birka\u00e7 k\u00fc\u00e7\u00fck \u00f6zellik getirmesi bekleniyor.<\/p>\n<p>Kaynaklardan gelen bilgilere g\u00f6re <strong>Apple<\/strong>, bu s\u00fcr\u00fcmde daha \u00e7ok hata d\u00fczeltmeleri ve performans iyile\u015ftirmelerine odaklanacak. Ancak yine de ufak da olsa baz\u0131 de\u011fi\u015fiklikler kar\u015f\u0131m\u0131za \u00e7\u0131kacak. iOS 17.6 ile gelece\u011fi bilinen tek yeni \u00f6zellik <strong>Apple\u00a0TV<\/strong> kullan\u0131c\u0131lar\u0131n\u0131 ilgilendiriyor.<\/p>\n<p>\u015eirket, MLS canl\u0131 yay\u0131nlar\u0131 i\u00e7in k\u00fc\u00e7\u00fck klipler sa\u011flayacak. B\u00f6ylelikle canl\u0131 yay\u0131nlar\u0131n ba\u015f\u0131n\u0131 ka\u00e7\u0131ran Apple TV kullan\u0131c\u0131lar\u0131 kar\u015f\u0131la\u015fmalar\u0131n k\u0131sa \u00f6zetlerini izleyebilecek. G\u00fcncellemenin tam olarak hangi tarihte kullan\u0131ma sunulaca\u011f\u0131 \u015fimdilik belirsizli\u011fini koruyor. Apple, iOS 17.6 s\u00fcr\u00fcm\u00fcn\u00fcn beta g\u00fcncellemesini zaten yay\u0131nlad\u0131. Bu nedenle kararl\u0131 s\u00fcr\u00fcm\u00fcn iPhone&#8217;lara ula\u015fmas\u0131 \u00e7ok uzun s\u00fcrmeyecek.<\/p>\n\n<p>Kaynak\u00a0 :\u00a0<span style=\"background-color: rgb(255, 249, 236); color: rgb(55, 58, 60); font-size: 14px;\">https:\/\/www.donanimhaber.com\/ios-18-den-once-son-guncelleme-ios-17-6-cok-yakinda-yayinlaniyor&#8211;179759<\/span><\/p>\n","protected":false},"excerpt":{"rendered":"<p>Apple, ge\u00e7ti\u011fimiz g\u00fcnlerde\u00a0iOS 18 s\u00fcr\u00fcm\u00fcn\u00fcn herkese a\u00e7\u0131k beta g\u00fcncellemesini yay\u0131nlad\u0131. G\u00fcncellemenin kararl\u0131 s\u00fcr\u00fcm\u00fc ise eyl\u00fcl ay\u0131nda tan\u0131t\u0131lacak iPhone 16 modelleri ile birlikte kullan\u0131ma sunulacak. iOS 18&#8217;den \u00f6nceki son g\u00fcncelleme olacak &#8230;<\/p>\n","protected":false},"author":1,"featured_media":68722,"comment_status":"open","ping_status":"open","sticky":false,"template":"","format":"standard","meta":{"footnotes":""},"categories":[8],"tags":[82,86,1560,1742],"class_list":["post-68721","post","type-post","status-publish","format-standard","has-post-thumbnail","hentry","category-teknoloji","tag-apple","tag-guncelleme","tag-ios","tag-surum"],"_links":{"self":[{"href":"https:\/\/kamucalisani.net\/index.php\/wp-json\/wp\/v2\/posts\/68721","targetHints":{"allow":["GET"]}}],"collection":[{"href":"https:\/\/kamucalisani.net\/index.php\/wp-json\/wp\/v2\/posts"}],"about":[{"href":"https:\/\/kamucalisani.net\/index.php\/wp-json\/wp\/v2\/types\/post"}],"author":[{"embeddable":true,"href":"https:\/\/kamucalisani.net\/index.php\/wp-json\/wp\/v2\/users\/1"}],"replies":[{"embeddable":true,"href":"https:\/\/kamucalisani.net\/index.php\/wp-json\/wp\/v2\/comments?post=68721"}],"version-history":[{"count":1,"href":"https:\/\/kamucalisani.net\/index.php\/wp-json\/wp\/v2\/posts\/68721\/revisions"}],"predecessor-version":[{"id":68724,"href":"https:\/\/kamucalisani.net\/index.php\/wp-json\/wp\/v2\/posts\/68721\/revisions\/68724"}],"wp:featuredmedia":[{"embeddable":true,"href":"https:\/\/kamucalisani.net\/index.php\/wp-json\/wp\/v2\/media\/68722"}],"wp:attachment":[{"href":"https:\/\/kamucalisani.net\/index.php\/wp-json\/wp\/v2\/media?parent=68721"}],"wp:term":[{"taxonomy":"category","embeddable":true,"href":"https:\/\/kamucalisani.net\/index.php\/wp-json\/wp\/v2\/categories?post=68721"},{"taxonomy":"post_tag","embeddable":true,"href":"https:\/\/kamucalisani.net\/index.php\/wp-json\/wp\/v2\/tags?post=68721"}],"curies":[{"name":"wp","href":"https:\/\/api.w.org\/{rel}","templated":true}]}}