{"id":68725,"date":"2024-07-23T07:24:06","date_gmt":"2024-07-23T07:24:06","guid":{"rendered":"https:\/\/kamucalisani.net\/?p=68725"},"modified":"2024-07-23T07:24:06","modified_gmt":"2024-07-23T07:24:06","slug":"sanliurfada-trajikomik-olay-su-borusuna-sondaj-vurdular","status":"publish","type":"post","link":"https:\/\/kamucalisani.net\/index.php\/2024\/07\/23\/sanliurfada-trajikomik-olay-su-borusuna-sondaj-vurdular\/","title":{"rendered":"\u015eanl\u0131urfa\u2019da trajikomik olay! Su borusuna sondaj vurdular"},"content":{"rendered":"<p><p>\u015eanl\u0131urfa\u2019n\u0131n Suru\u00e7 il\u00e7esinde trajikomik bir olay ya\u015fand\u0131. G\u00fcneydo\u011fu Anadolu Projesi (GAP) Eylem Plan\u0131 \u00e7er\u00e7evesinde birka\u00e7 y\u0131l \u00f6nce Suru\u00e7 Ovas\u0131na su getirildi. D\u00fcnyan\u0131n en uzun 5\u2019inci t\u00fcneliyle suya kavu\u015fan b\u00f6lgede 560 bin dekar tar\u0131m arazisi, bas\u0131n\u00e7l\u0131 borulu sulama \u015febekesi, ya\u011fmurlama ve damlama sistemiyle sulanmaya ba\u015fland\u0131.<\/p>\n<p><strong>TABAN SUYU Y\u00dcKSELD\u0130<\/strong><\/p>\n<p>Baz\u0131 \u00e7ift\u00e7ilerin bilin\u00e7siz sulama yapmas\u0131 nedeniyle k\u0131sa s\u00fcrede b\u00f6lgedeki taban suyu y\u00fckseldi. Biriken sular nedeniyle sazl\u0131k ve batakl\u0131klar olu\u015ftu, tar\u0131m \u00fcr\u00fcnleri su nedeniyle bozulmaya ba\u015flad\u0131. B\u00f6lgedeki sorunu gidermek i\u00e7in \u00e7al\u0131\u015fma ba\u015flatan ekipler, tarlalara sondaj vurarak taban suyu seviyesini \u00f6l\u00e7meye ba\u015flad\u0131.<\/p>\n<div>\n<div> <img decoding=\"async\" src=\"https:\/\/kamucalisani.net\/wp-content\/uploads\/2024\/07\/sanliurfada-trajikomik-olay-su-borusuna-sondaj-vurdular-0-sneNyqhr.jpg\"\/><\/img> <\/div>\n<\/p><\/div>\n<\/p>\n<p><strong>B\u0130NLERCE D\u00d6N\u00dcML\u00dcK ARAZ\u0130DE BORUYA DENK GET\u0130RD\u0130LER<\/strong><\/p>\n<p>Devlet Su \u0130\u015fleri (DS\u0130) sondaj \u00e7al\u0131\u015fmas\u0131 yap\u0131lmas\u0131 i\u00e7in ta\u015feron bir firmay\u0131 g\u00f6revlendirdi. \u0130l\u00e7eye ba\u011fl\u0131 Ulud\u00fcz k\u0131rsal Mahallesine giden g\u00f6revliler, tarlaya sondaj yapmaya ba\u015flad\u0131. Yakla\u015f\u0131k 2 metre derinli\u011fe inen ekipler, b\u00fcy\u00fck bir s\u00fcrpriz ile kar\u015f\u0131la\u015ft\u0131.<\/p>\n<p><strong>YER\u0130N ALTINDAN SU FI\u015eKIRDI<\/strong><\/p>\n<p>Ekipler \u00e7al\u0131\u015fmas\u0131n\u0131 s\u00fcrd\u00fcrd\u00fc\u011f\u00fc s\u0131rada yerden tazyikli su f\u0131\u015fk\u0131rd\u0131. \u00c7al\u0131\u015fmalar\u0131 durduran ekipler, ne oldu\u011funu anlamaya \u00e7al\u0131\u015f\u0131rken mahallede ya\u015fayan vatanda\u015flar olay yerine gitti. B\u00f6lgedeki arazilerin su ihtiyac\u0131n\u0131 kar\u015f\u0131layan borunun delindi\u011fini fark eden mahalleli boru hatt\u0131n\u0131n vanas\u0131n\u0131 kapatt\u0131rd\u0131ktan sonra durumu jandarma ekiplerine bildirdi. Olay yerine giden jandarma ekipleri \u00e7evrede \u00f6nlem alarak herhangi bir olumsuzlu\u011fun ya\u015fanmas\u0131n\u0131 engelledi. Borudan \u00e7\u0131kan su nedeniyle baz\u0131 pamuk tarlalar\u0131n\u0131n su alt\u0131nda kald\u0131\u011f\u0131 \u00f6\u011frenildi.<\/p>\n<p><strong>\u201cTABAN SUYU \u00d6L\u00c7\u00dcM C\u0130HAZLARI D\u0130REKT SONDAJI ANA HATTIN \u00dcZER\u0130NE VURMU\u015eLAR\u201d<\/strong><\/p>\n<p>Firma yetkililerinin orada boru oldu\u011funu bilmediklerini s\u00f6yleyen Ulud\u00fcz Mahalle Muhtar\u0131 Servet G\u00f6ren, \u201cTa\u015feron firmaya verilen bir ihale sonucu taban suyu \u00f6l\u00e7\u00fcm cihazlar\u0131 direkt sondaj\u0131 ana hatt\u0131n \u00fczerine vurmu\u015flar. Olay neticesinde Ulud\u00fcz m\u0131nt\u0131kas\u0131na ba\u011fl\u0131 L9 suyu komple \u015fu anda kesik durumda. Boruyu deldi yani. Bununla alakal\u0131 direk jandarmaya haber verdik. DS\u0130 g\u00f6revlileri geldi. Sulama birli\u011fi g\u00f6revlileri geldi. Suyu tahliye ettik. Ta\u015feron firma yetkilileri orada boru oldu\u011funu bilmiyorlard\u0131. Sulama birli\u011fi yetkilileri firmadan \u015fikayet\u00e7i oldu\u201d diye konu\u015ftu.<\/p>\n\n<p><\/p>\n<p>Kaynak :\u00a0<span style=\"background-color: rgb(255, 249, 236); color: rgb(55, 58, 60); font-size: 14px;\">http:\/\/www.milliyet.com.tr\/gundem\/sanliurfada-trajikomik-olay-su-borusuna-sondaj-vurdular-7142139<\/span><\/p>\n","protected":false},"excerpt":{"rendered":"<p>\u015eanl\u0131urfa\u2019n\u0131n Suru\u00e7 il\u00e7esinde tarlalar\u0131n taban suyunu \u00f6l\u00e7mek isteyen i\u015f\u00e7iler, binlerce d\u00f6n\u00fcml\u00fck d\u00fcz arazide sondaj\u0131 su borusuna denk getirdi. Birden f\u0131\u015fk\u0131ran su nedeniyle pamuk tarlalar\u0131n\u0131 su bast\u0131.<\/p>\n","protected":false},"author":1,"featured_media":68726,"comment_status":"open","ping_status":"open","sticky":false,"template":"","format":"standard","meta":{"footnotes":""},"categories":[3],"tags":[3808,322,161,3809],"class_list":["post-68725","post","type-post","status-publish","format-standard","has-post-thumbnail","hentry","category-guncel","tag-boru","tag-ekipler","tag-firma","tag-sondaj"],"_links":{"self":[{"href":"https:\/\/kamucalisani.net\/index.php\/wp-json\/wp\/v2\/posts\/68725","targetHints":{"allow":["GET"]}}],"collection":[{"href":"https:\/\/kamucalisani.net\/index.php\/wp-json\/wp\/v2\/posts"}],"about":[{"href":"https:\/\/kamucalisani.net\/index.php\/wp-json\/wp\/v2\/types\/post"}],"author":[{"embeddable":true,"href":"https:\/\/kamucalisani.net\/index.php\/wp-json\/wp\/v2\/users\/1"}],"replies":[{"embeddable":true,"href":"https:\/\/kamucalisani.net\/index.php\/wp-json\/wp\/v2\/comments?post=68725"}],"version-history":[{"count":1,"href":"https:\/\/kamucalisani.net\/index.php\/wp-json\/wp\/v2\/posts\/68725\/revisions"}],"predecessor-version":[{"id":68728,"href":"https:\/\/kamucalisani.net\/index.php\/wp-json\/wp\/v2\/posts\/68725\/revisions\/68728"}],"wp:featuredmedia":[{"embeddable":true,"href":"https:\/\/kamucalisani.net\/index.php\/wp-json\/wp\/v2\/media\/68726"}],"wp:attachment":[{"href":"https:\/\/kamucalisani.net\/index.php\/wp-json\/wp\/v2\/media?parent=68725"}],"wp:term":[{"taxonomy":"category","embeddable":true,"href":"https:\/\/kamucalisani.net\/index.php\/wp-json\/wp\/v2\/categories?post=68725"},{"taxonomy":"post_tag","embeddable":true,"href":"https:\/\/kamucalisani.net\/index.php\/wp-json\/wp\/v2\/tags?post=68725"}],"curies":[{"name":"wp","href":"https:\/\/api.w.org\/{rel}","templated":true}]}}