{"id":68742,"date":"2024-07-23T08:12:06","date_gmt":"2024-07-23T08:12:06","guid":{"rendered":"https:\/\/kamucalisani.net\/?p=68742"},"modified":"2024-07-23T08:12:06","modified_gmt":"2024-07-23T08:12:06","slug":"yusuf-kavakli-hayatini-kaybetti-cumhurbaskani-erdogandan-taziye","status":"publish","type":"post","link":"https:\/\/kamucalisani.net\/index.php\/2024\/07\/23\/yusuf-kavakli-hayatini-kaybetti-cumhurbaskani-erdogandan-taziye\/","title":{"rendered":"Yusuf Kavakl\u0131 hayat\u0131n\u0131 kaybetti! Cumhurba\u015fkan\u0131 Erdo\u011fan&#8217;dan taziye"},"content":{"rendered":"<p><p>Kanser tedavisi g\u00f6ren Yusuf Kavakl\u0131 tedavi g\u00f6rd\u00fc\u011f\u00fc hastanede hayat\u0131n\u0131 kaybetti. Aile cenazenin yar\u0131n \u00f6\u011fle namaz\u0131na m\u00fcteakip \u0130stanbul Faith Camii&#8217;nde k\u0131l\u0131nacak cenaze namaz\u0131ndan sonra defnedilece\u011fini duyurdu.<\/p>\n<p><strong>CUMHURBA\u015eKANI ERDO\u011eAN&#8217;DAN TAZ\u0130YE<\/strong><\/p>\n<p>Kavakl\u0131&#8217;n\u0131n vefat haberinin ard\u0131ndan Cumhurba\u015fkan\u0131 Recep Tayyip Erdo\u011fan bir taziye mesaj\u0131 yay\u0131nlad\u0131.<\/p>\n<p>Erdo\u011fan mesaj\u0131nda, &#8216;Vefat\u0131n\u0131 \u00fcz\u00fcnt\u00fcyle \u00f6\u011frendi\u011fim ilahiyat\u00e7\u0131 Yusuf Kavakl\u0131 hocam\u0131za Allah\u2019tan rahmet niyaz ediyor, ailesine ve sevenlerine ba\u015fsa\u011fl\u0131\u011f\u0131 diliyorum. Mek\u00e2n\u0131 cennet olsun.&#8217; dedi.<\/p>\n<p>AK Parti Genel Ba\u015fkan Yard\u0131mc\u0131s\u0131 ve Parti S\u00f6zc\u00fcs\u00fc \u00d6mer \u00c7elik de taziyelerini ileterek, &#8220;Yusuf Kavakl\u0131 hocam\u0131z\u0131n vefat\u0131ndan b\u00fcy\u00fck \u00fcz\u00fcnt\u00fc duyduk. Allah rahmet eylesin. De\u011ferli ailesine ve sevenlerine ba\u015fsa\u011fl\u0131\u011f\u0131 diliyoruz. Mek\u00e2n\u0131 cennet olsun.&#8221; dedi.<\/p>\n<p><strong>KAVAKLI A\u0130LES\u0130&#8217;NDEN A\u00c7IKLAMA<\/strong><\/p>\n<p><em>Can\u0131m\u0131z, kan\u0131m\u0131z bir tanemiz, ailemizin direi\u011fi, annemizin 56 y\u0131ll\u0131k hayat arkada\u015f\u0131 ve k\u0131ymetli e\u015fi, biz evlatlar\u0131n\u0131n ve e\u015flerimizin biricik babas\u0131, \u00e7ocuklar\u0131m\u0131z\u0131n sevgili dedeleri, karde\u015flerinin de\u011ferli a\u011fabeyleri, yurt i\u00e7i ve yurt d\u0131\u015f\u0131 izleyicilerinin YUSUF KAVAKLI HOCALARI 14.06.2024 tarihinde vefat etmi\u015ftir.Dualar\u0131n\u0131z\u0131 bekliyoruz.<\/em><\/p>\n<p>\u00a0<\/p>\n\n<p><\/p>\n<p>Kaynak :\u00a0<span style=\"background-color: rgb(255, 249, 236); color: rgb(55, 58, 60); font-size: 14px;\">http:\/\/www.milliyet.com.tr\/gundem\/yusuf-kavakli-hayatini-kaybetti-cumhurbaskani-erdogandan-taziye-7142190<\/span><\/p>\n","protected":false},"excerpt":{"rendered":"<p>\u0130lahiyat\u00e7\u0131 Yusuf Kavakl\u0131 tedavi g\u00f6rd\u00fc\u011f\u00fc hastanede hayat\u0131n\u0131 kaybetti. Cumhurba\u015fkan\u0131 Erdo\u011fan, Kavakl\u0131&#8217;ya taziyelerini iletti.<\/p>\n","protected":false},"author":1,"featured_media":68743,"comment_status":"open","ping_status":"open","sticky":false,"template":"","format":"standard","meta":{"footnotes":""},"categories":[3],"tags":[441,3811],"class_list":["post-68742","post","type-post","status-publish","format-standard","has-post-thumbnail","hentry","category-guncel","tag-aile","tag-kavakli"],"_links":{"self":[{"href":"https:\/\/kamucalisani.net\/index.php\/wp-json\/wp\/v2\/posts\/68742","targetHints":{"allow":["GET"]}}],"collection":[{"href":"https:\/\/kamucalisani.net\/index.php\/wp-json\/wp\/v2\/posts"}],"about":[{"href":"https:\/\/kamucalisani.net\/index.php\/wp-json\/wp\/v2\/types\/post"}],"author":[{"embeddable":true,"href":"https:\/\/kamucalisani.net\/index.php\/wp-json\/wp\/v2\/users\/1"}],"replies":[{"embeddable":true,"href":"https:\/\/kamucalisani.net\/index.php\/wp-json\/wp\/v2\/comments?post=68742"}],"version-history":[{"count":1,"href":"https:\/\/kamucalisani.net\/index.php\/wp-json\/wp\/v2\/posts\/68742\/revisions"}],"predecessor-version":[{"id":68744,"href":"https:\/\/kamucalisani.net\/index.php\/wp-json\/wp\/v2\/posts\/68742\/revisions\/68744"}],"wp:featuredmedia":[{"embeddable":true,"href":"https:\/\/kamucalisani.net\/index.php\/wp-json\/wp\/v2\/media\/68743"}],"wp:attachment":[{"href":"https:\/\/kamucalisani.net\/index.php\/wp-json\/wp\/v2\/media?parent=68742"}],"wp:term":[{"taxonomy":"category","embeddable":true,"href":"https:\/\/kamucalisani.net\/index.php\/wp-json\/wp\/v2\/categories?post=68742"},{"taxonomy":"post_tag","embeddable":true,"href":"https:\/\/kamucalisani.net\/index.php\/wp-json\/wp\/v2\/tags?post=68742"}],"curies":[{"name":"wp","href":"https:\/\/api.w.org\/{rel}","templated":true}]}}