{"id":68925,"date":"2024-07-23T18:12:05","date_gmt":"2024-07-23T18:12:05","guid":{"rendered":"https:\/\/kamucalisani.net\/?p=68925"},"modified":"2024-07-23T18:12:05","modified_gmt":"2024-07-23T18:12:05","slug":"a-milli-futbol-takimi-radara-alindi-euro-2024-sonrasi-transfer-yapabilecek-10-yildiz","status":"publish","type":"post","link":"https:\/\/kamucalisani.net\/index.php\/2024\/07\/23\/a-milli-futbol-takimi-radara-alindi-euro-2024-sonrasi-transfer-yapabilecek-10-yildiz\/","title":{"rendered":"A Milli Futbol Tak\u0131m\u0131 radara al\u0131nd\u0131! EURO 2024 sonras\u0131 transfer yapabilecek 10 y\u0131ld\u0131z"},"content":{"rendered":"<p><p>Vincenzo Montella y\u00f6netimindeki A Milli Futbol Tak\u0131m\u0131, EURO 2024 heyecan\u0131na G\u00fcrcistan ma\u00e7\u0131yla ba\u015flayacak. Almanya&#8217;da \u00e7ok say\u0131da T\u00fcrk taraftar\u0131n \u00f6n\u00fcnde sahne alacak y\u0131ld\u0131zlar, Avrupa devlerinin yak\u0131n takibinde olacak.<\/p>\n<p>A Milli Futbol Tak\u0131m\u0131&#8217;nda forma giyen y\u0131ld\u0131zlar, EURO 2024 sonras\u0131 transferin g\u00f6zdeleri haline gelecek.<\/p>\n<p><span><strong>\u0130\u015fte EURO 2024 sonras\u0131 transfer yapmas\u0131 beklenen 10 milli y\u0131ld\u0131z:<\/strong><\/span><\/p>\n<p><strong>U\u011eURCAN \u00c7AKIR<\/strong><\/p>\n<p>Trabzonspor&#8217;un kaptan\u0131 U\u011furcan \u00c7ak\u0131r&#8217;\u0131n ad\u0131 uzun s\u00fcredir yurt d\u0131\u015f\u0131 transferi ile an\u0131l\u0131yor. Trabzonspor Ba\u015fkan\u0131 Ertu\u011frul Do\u011fan, sezonun son b\u00f6l\u00fcm\u00fcnde yapt\u0131\u011f\u0131 a\u00e7\u0131klamada, U\u011furcan&#8217;a yurt d\u0131\u015f\u0131ndan iyi bir teklif gelmesi durumunda izin vereceklerine dair milli kaleciye s\u00f6z verdiklerini s\u00f6ylemi\u015fti. Do\u011fan, \u00e7e\u015fitli kul\u00fcplerin U\u011furcan i\u00e7in kendileriyle ba\u011flant\u0131ya ge\u00e7tiklerini kaydetmi\u015fti.<\/p>\n<p>Ba\u015far\u0131l\u0131 kalecinin menajeri William D&#8217;Avila, Ertu\u011frul Do\u011fan&#8217;\u0131n s\u00f6zlerinin ard\u0131ndan, &#8220;Avrupa&#8217;dan \u00f6nemli kul\u00fcpler ve Suudi Arabistan&#8217;\u0131n en iyi kul\u00fcpleriyle g\u00f6r\u00fc\u015f\u00fcyoruz&#8221; \u015feklinde konu\u015fmu\u015ftu. U\u011furcan \u00c7ak\u0131r, EURO2024 sonras\u0131 transfer yapabilecek oyunculardan biri olarak \u00f6ne \u00e7\u0131k\u0131yor.<\/p>\n<p><strong>ABD\u00dcLKER\u0130M BARDAKCI<\/strong><\/p>\n<p>Galatasaray&#8217;\u0131n ba\u015far\u0131l\u0131 stoperi Abd\u00fclkerim Bardakc\u0131&#8217;n\u0131n ad\u0131 daha \u00f6nce Rus ekipleriyle an\u0131lm\u0131\u015ft\u0131. Milli oyuncunun ba\u015far\u0131l\u0131 performans\u0131 sonras\u0131 Rus ekiplerinin yan\u0131 s\u0131ra \u0130talyan ekipleri i\u00e7in de transfer haberleri \u00e7\u0131kt\u0131.<\/p>\n<p>29 ya\u015f\u0131ndaki futbolcunun, Avrupa Futbol \u015eampiyonas\u0131&#8217;nda milli tak\u0131m savunmas\u0131n\u0131n vazge\u00e7ilmez isimlerinden biri olmas\u0131 bekleniyor. Galatasaray ile s\u00f6zle\u015fmesini uzatan ve &#8220;Galatasaray&#8217;da efsane olmak istiyorum&#8221; diyen Abd\u00fclkerim, bu s\u00f6zlerine ra\u011fmen turnuva sonras\u0131 kariyerinde yeni bir sayfa a\u00e7abilir.<\/p>\n<p><strong>FERD\u0130 KADIO\u011eLU<\/strong><\/p>\n<p>Bu listede transfer olmas\u0131 en y\u00fcksek isimlerden biri olarak Ferdi Kad\u0131o\u011flu \u00f6ne \u00e7\u0131k\u0131yor. Fenerbah\u00e7e&#8217;ye bir orta saha oyuncusu olarak transfer olan ve sar\u0131-lacivertlilerde bek oyuncusuna d\u00f6n\u00fc\u015fen Ferdi Kad\u0131o\u011flu, milli tak\u0131m\u0131n da \u00f6nemli isimlerinden biri olmay\u0131 ba\u015fard\u0131. Ferdi&#8217;nin bir\u00e7ok mevkide oynamas\u0131 hem milli tak\u0131m i\u00e7in hem de transfer i\u00e7in \u00f6nemli detaylardan biri olarak \u00f6ne \u00e7\u0131k\u0131yor.<\/p>\n<p>Ali Ko\u00e7, sezon i\u00e7erisinde yapt\u0131\u011f\u0131 a\u00e7\u0131klamada ba\u015far\u0131l\u0131 futbolcu i\u00e7in, &#8220;Ferdi benim ilk yurt d\u0131\u015f\u0131 transferimdir. On numara pozisyonu i\u00e7in alm\u0131\u015ft\u0131k. O kadar g\u00fczel geli\u015fti ki&#8230; Fenerbah\u00e7e&#8217;de mutlu ama art\u0131k yeni bir hikaye yazma zaman\u0131 geldi. Ferdi, 24 ya\u015f\u0131nda. Her ma\u00e7 \u00fcst\u00fcne koyarak gidiyor. Benim tahminim ve d\u00fc\u015f\u00fcncem, sezon sonunda yeni bir hikayeye yelken a\u00e7aca\u011f\u0131 y\u00f6n\u00fcnde.&#8221; diye konu\u015fmu\u015ftu.<\/p>\n<p><strong>\u0130SMA\u0130L Y\u00dcKSEK<\/strong><\/p>\n<p>Fenerbah\u00e7e&#8217;de Jorge Jesus d\u00f6neminde (2022-2023) orta sahada farkl\u0131 bir g\u00f6rev \u00fcstlenen \u0130smail Y\u00fcksek, o g\u00fcnden beri hep \u00fczerine koydu. Sar\u0131-lacivertlilerde orta sahada vazge\u00e7ilmez isimlerden biri olan \u0130smail Y\u00fcksek, milli tak\u0131mla H\u0131rvatistan ile deplasmanda oynanan ma\u00e7ta sergiledi\u011fi performansla ad\u0131ndan s\u00f6z ettirmi\u015fti.<\/p>\n<p>\u0130smail Y\u00fcksek, turnuvada sergileyece\u011fi performansla birlikte kariyerine Avrupa&#8217;da devam edebilecek isimlerden biri olarak dikkat \u00e7ekiyor.<\/p>\n<p><strong>KEREM AKT\u00dcRKO\u011eLU<\/strong><\/p>\n<p>Galatasaray&#8217;a imza att\u0131\u011f\u0131ndan bu yana sergiledi\u011fi ba\u015far\u0131l\u0131 performansla dikkat \u00e7eken Kerem Akt\u00fcrko\u011flu, EURO2024 sonras\u0131 transfer yapabilecek oyunculardan biri olabilir.<\/p>\n<p>Galatasaray&#8217;da zaman zaman performans\u0131 nedeniyle ele\u015ftirilen, taraftarlarla aras\u0131 a\u00e7\u0131lan ve &#8220;Yapt\u0131\u011f\u0131m \u015feyler \u00e7ok \u00e7abuk unutuluyor. Yapamad\u0131klar\u0131m hi\u00e7 unutulmuyor&#8221; diyen Kerem i\u00e7in bu yaz yeni bir sayfa a\u00e7\u0131labilir.<\/p>\n<p><strong>\u0130RFAN CAN KAHVEC\u0130<\/strong><\/p>\n<p>Fenerbah\u00e7e&#8217;ye bir orta saha oyuncusu olarak transfer edilen \u0130rfan Can Kahveci, sar\u0131-lacivertlilerde bir sa\u011f kanat oyuncusuna evrildi. Geride kalan sezonda kariyerindeki en skorer sezonu geride b\u0131rakan 28 ya\u015f\u0131ndaki futbolcu i\u00e7in \u00f6zellikle \u0130spanya&#8217;dan Sevilla&#8217;n\u0131n ad\u0131 \u00f6n plana \u00e7\u0131km\u0131\u015ft\u0131.<\/p>\n<p>Deneyimli futbolcu da Avrupa Futbol \u015eampiyonas\u0131 sonras\u0131 kariyerine Avrupa&#8217;da devam edebilecek oyunculardan biri.<\/p>\n<p><strong>BARI\u015e ALPER YILMAZ<\/strong><\/p>\n<p>Galatasaray&#8217;da her b\u00f6lgenin adam\u0131 olan Bar\u0131\u015f Alper Y\u0131lmaz, milli tak\u0131mda ise daha \u00e7ok h\u00fccum hatt\u0131nda g\u00f6rev yap\u0131yor. Galatasaray&#8217;da sezonun son b\u00f6l\u00fcm\u00fcnde sol kanatta formay\u0131 alan ve olduk\u00e7a etkili bir performans ortaya koyan 23 ya\u015f\u0131ndaki futbolcu, EURO2024&#8217;te de milli tak\u0131m\u0131n \u00f6nemli isimlerinden biri olacak.<\/p>\n<p>Bar\u0131\u015f Alper, Galatasaray&#8217;da sergiledi\u011fi ba\u015far\u0131l\u0131 performans\u0131 Almanya&#8217;daki turnuvada da s\u00fcrd\u00fcrmesi durumunda Avrupa&#8217;ya transfer olma ihtimali bir hayli y\u00fcksek.<\/p>\n<p><strong>YUSUF YAZICI<\/strong><\/p>\n<p>Lille formas\u0131 giyen milli futbolcu Yusuf Yaz\u0131c\u0131, Frans\u0131z ekibiyle s\u00f6zle\u015fmesinin bitmesi nedeniyle sezon bitmeden \u00f6nce transferin g\u00f6zde ismi olmay\u0131 ba\u015fard\u0131.<\/p>\n<p>27 ya\u015f\u0131ndaki futbolcu i\u00e7in sezon bitmeden \u00f6nce Ajax, Milan ve Sevilla haberleri g\u00fcndeme gelmi\u015fti. Yusuf Yaz\u0131c\u0131, A Milli Tak\u0131m ile turnuvada etkili bir performans g\u00f6stermesi durumunda sezon ba\u015flamadan \u00f6nemli bir imza atabilir.<\/p>\n<p><strong>YUNUS AKG\u00dcN<\/strong><\/p>\n<p>Yunus Akg\u00fcn, A Milli Tak\u0131m&#8217;da Vincenzo Montella&#8217;n\u0131n g\u00f6reve gelmesinin ard\u0131ndan en \u00e7ok forma \u015fans\u0131 bulan isimlerin ba\u015f\u0131nda geliyor. 23 ya\u015f\u0131ndaki futbolcu, ge\u00e7en sezonu \u0130ngiliz ekibi Leicester City&#8217;de kiral\u0131k olarak ge\u00e7irdi ve Premier Lig&#8217;e y\u00fckselme ba\u015far\u0131s\u0131 g\u00f6sterdi.<\/p>\n<p>Yunus Akg\u00fcn, EURO2024&#8217;te g\u00f6sterece\u011fi performansla yeniden Avrupa&#8217;ya transfer yapabilir.<\/p>\n<p><strong>SEM\u0130H KILI\u00c7SOY<\/strong><\/p>\n<p>Be\u015fikta\u015f formas\u0131 giyen Semih K\u0131l\u0131\u00e7soy, EURO2024 sonras\u0131 transfer yapabilecek bir ba\u015fka isim olarak \u00f6ne \u00e7\u0131k\u0131yor. Gen\u00e7 ya\u015f\u0131yla dikkat \u00e7eken Semih, farkl\u0131 b\u00f6lgelerde forma giyebilmesi dolay\u0131s\u0131yla da Avrupa ekiplerinin i\u015ftah\u0131n\u0131 kabart\u0131yor.<\/p>\n<p>Be\u015fikta\u015f&#8217;\u0131n 18 ya\u015f\u0131ndaki futbolcuyu kolay kolay b\u0131rakmaya niyeti olmasa da Semih gen\u00e7 ya\u015f\u0131nda Avrupa&#8217;n\u0131n yolunu tutabilir.<\/p>\n\n<p><\/p>\n<p>Kaynak :\u00a0<span style=\"background-color: rgb(255, 249, 236); color: rgb(55, 58, 60); font-size: 14px;\">http:\/\/www.milliyet.com.tr\/skorer\/a-milli-futbol-takimi-radara-alindi-euro-2024-sonrasi-transfer-yapabilecek-10-yildiz-7142321<\/span><\/p>\n","protected":false},"excerpt":{"rendered":"<p>Almanya&#8217;da d\u00fczenlenen EURO 2024&#8217;te g\u00f6zler A Milli Futbol Tak\u0131m\u0131&#8217;n\u0131n y\u0131ld\u0131zlar\u0131na \u00e7evrildi. \u0130\u015fte EURO 2024 sonras\u0131 transfer yapabilecek 10 milli y\u0131ld\u0131z.<\/p>\n","protected":false},"author":1,"featured_media":68926,"comment_status":"open","ping_status":"open","sticky":false,"template":"","format":"standard","meta":{"footnotes":""},"categories":[7],"tags":[43,983,499,256,589],"class_list":["post-68925","post","type-post","status-publish","format-standard","has-post-thumbnail","hentry","category-spor","tag-avrupa","tag-isim","tag-performans","tag-sezon","tag-transfer"],"_links":{"self":[{"href":"https:\/\/kamucalisani.net\/index.php\/wp-json\/wp\/v2\/posts\/68925","targetHints":{"allow":["GET"]}}],"collection":[{"href":"https:\/\/kamucalisani.net\/index.php\/wp-json\/wp\/v2\/posts"}],"about":[{"href":"https:\/\/kamucalisani.net\/index.php\/wp-json\/wp\/v2\/types\/post"}],"author":[{"embeddable":true,"href":"https:\/\/kamucalisani.net\/index.php\/wp-json\/wp\/v2\/users\/1"}],"replies":[{"embeddable":true,"href":"https:\/\/kamucalisani.net\/index.php\/wp-json\/wp\/v2\/comments?post=68925"}],"version-history":[{"count":1,"href":"https:\/\/kamucalisani.net\/index.php\/wp-json\/wp\/v2\/posts\/68925\/revisions"}],"predecessor-version":[{"id":68927,"href":"https:\/\/kamucalisani.net\/index.php\/wp-json\/wp\/v2\/posts\/68925\/revisions\/68927"}],"wp:featuredmedia":[{"embeddable":true,"href":"https:\/\/kamucalisani.net\/index.php\/wp-json\/wp\/v2\/media\/68926"}],"wp:attachment":[{"href":"https:\/\/kamucalisani.net\/index.php\/wp-json\/wp\/v2\/media?parent=68925"}],"wp:term":[{"taxonomy":"category","embeddable":true,"href":"https:\/\/kamucalisani.net\/index.php\/wp-json\/wp\/v2\/categories?post=68925"},{"taxonomy":"post_tag","embeddable":true,"href":"https:\/\/kamucalisani.net\/index.php\/wp-json\/wp\/v2\/tags?post=68925"}],"curies":[{"name":"wp","href":"https:\/\/api.w.org\/{rel}","templated":true}]}}