{"id":69139,"date":"2024-07-24T03:12:06","date_gmt":"2024-07-24T03:12:06","guid":{"rendered":"https:\/\/kamucalisani.net\/?p=69139"},"modified":"2024-07-24T03:12:06","modified_gmt":"2024-07-24T03:12:06","slug":"meta-yeni-ar-gozlugunu-bu-yil-tanitacak-garip-bir-tasarimi-var","status":"publish","type":"post","link":"https:\/\/kamucalisani.net\/index.php\/2024\/07\/24\/meta-yeni-ar-gozlugunu-bu-yil-tanitacak-garip-bir-tasarimi-var\/","title":{"rendered":"Meta, yeni AR g\u00f6zl\u00fc\u011f\u00fcn\u00fc bu y\u0131l tan\u0131tacak: Garip bir tasar\u0131m\u0131 var"},"content":{"rendered":"<p><figure> <span> <img decoding=\"async\" src=\"https:\/\/kamucalisani.net\/wp-content\/uploads\/2024\/07\/meta-yeni-ar-gozlugunu-bu-yil-tanitacak-garip-bir-tasarimi-var-0-4y7MxsJ2.jpg\"\/> <\/span> <strong>Meta<\/strong>, bir s\u00fcredir <strong>AR<\/strong> ve <strong>VR<\/strong> alan\u0131nda olduk\u00e7a ba\u015far\u0131l\u0131 donan\u0131mlara sahip. Ancak \u015firket yak\u0131nda portf\u00f6y\u00fcne yeni bir \u00fcr\u00fcn ekleyecek. Meta Ray Ban&#8217;\u0131n devam\u0131 oldu\u011fu d\u00fc\u015f\u00fcn\u00fclen <strong>yeni AR g\u00f6zl\u00fc\u011f\u00fcn<\/strong> garip bir \u015fekilde b\u00fck\u00fclen saplara sahip olabilir. \u00dcstelik yeni ak\u0131ll\u0131 g\u00f6zl\u00fckler bu y\u0131l i\u00e7erisinde tan\u0131t\u0131lacak. <\/figure>\n<p><b>Meta\u2019dan yeni g\u00f6zl\u00fck geliyor<\/b><\/p>\n<p>Meta\u2019n\u0131n Ray-Ban ak\u0131ll\u0131 g\u00f6zl\u00fckleri halihaz\u0131rda piyasada bulunan en i\u015flevsel ak\u0131ll\u0131 g\u00f6zl\u00fck konumunda. Ancak yeni \u00fcr\u00fcn\u00fcn bu markay\u0131 kullan\u0131p kullanmayaca\u011f\u0131 \u015fimdilik belirsiz durumda. Ancak CEO <strong>Mark Zuckerberg<\/strong>, yeni g\u00f6zl\u00fcklerin bu y\u0131l i\u00e7erisinde gelece\u011fini do\u011frulad\u0131.<\/p>\n<figure> <span> <img decoding=\"async\" src=\"https:\/\/kamucalisani.net\/wp-content\/uploads\/2024\/07\/meta-yeni-ar-gozlugunu-bu-yil-tanitacak-garip-bir-tasarimi-var-1-b1dD9Ds2.jpg\"\/> <\/span> \u015eimdilik yeni g\u00f6zl\u00fckler hakk\u0131ndaki bilgimiz \u00fcst taraftaki bulan\u0131k foto\u011fraftan ibaret. Zuckerberg g\u00f6rselde g\u00f6sterilen ak\u0131ll\u0131 g\u00f6zl\u00fc\u011f\u00fcn yeni Meta ak\u0131ll\u0131 g\u00f6zl\u00fck oldu\u011funu do\u011frudan teyit etmese de inkar da etmedi. Meta&#8217;n\u0131n yeni AR ak\u0131ll\u0131 g\u00f6zl\u00fc\u011f\u00fcn\u00fc \u015firketin <strong>25 Eyl\u00fcl<\/strong> tarihinde d\u00fczenleyece\u011fi y\u0131ll\u0131k <strong>Meta Connect<\/strong> konferans\u0131 s\u0131ras\u0131nda tan\u0131tmas\u0131 da bekleniyor. Firma ge\u00e7ti\u011fimiz y\u0131l ayn\u0131 etkinlikte Ray-Ban Meta g\u00f6zl\u00fcklerini tan\u0131tm\u0131\u015ft\u0131. <\/figure>\n<p>\u00d6te yandan merak edilen as\u0131l konu ise yeni g\u00f6zl\u00fcklerin Ray Ban markas\u0131n\u0131 koruyup korumayaca\u011f\u0131. Hen\u00fcz net bilgiler olmasa da ge\u00e7ti\u011fimiz haftalarda markan\u0131n b\u0131rak\u0131labilece\u011fi g\u00fcndeme gelmi\u015fti. Ayr\u0131ca Meta\u2019n\u0131n yeni cihazda ne gibi \u00f6zellik sunaca\u011f\u0131 da belirsiz. Foto\u011frafta yeni g\u00f6zl\u00fc\u011f\u00fcn (muhtemelen prototip bir cihaz) daha kal\u0131n \u00e7er\u00e7evelere ve c\u00fcsseli bir yap\u0131ya sahip oldu\u011fu g\u00f6r\u00fcl\u00fcyor. Mevcut Ray-Ban Meta g\u00f6zl\u00fckleri geleneksel g\u00f6zl\u00fckler gibi g\u00f6r\u00fcn\u00fcyordu.<\/p>\n\n<p>Kaynak\u00a0 :\u00a0<span style=\"background-color: rgb(255, 249, 236); color: rgb(55, 58, 60); font-size: 14px;\">https:\/\/www.donanimhaber.com\/meta-yeni-ar-gozlugunu-bu-yil-tanitacak-garip-bir-tasarimi-var&#8211;179785<\/span><\/p>\n","protected":false},"excerpt":{"rendered":"<p>Meta, bir s\u00fcredir AR ve VR alan\u0131nda olduk\u00e7a ba\u015far\u0131l\u0131 donan\u0131mlara sahip. Ancak \u015firket yak\u0131nda portf\u00f6y\u00fcne yeni bir \u00fcr\u00fcn ekleyecek. Meta Ray Ban&#8217;\u0131n devam\u0131 oldu\u011fu d\u00fc\u015f\u00fcn\u00fclen yeni AR g\u00f6zl\u00fc\u011f\u00fcn garip bir \u015fekilde b\u00fck\u00fclen saplara sahip olabilir. \u00dcstelik &#8230;<\/p>\n","protected":false},"author":1,"featured_media":69140,"comment_status":"open","ping_status":"open","sticky":false,"template":"","format":"standard","meta":{"footnotes":""},"categories":[8],"tags":[1012,3859,158,3855],"class_list":["post-69139","post","type-post","status-publish","format-standard","has-post-thumbnail","hentry","category-teknoloji","tag-akilli","tag-ban","tag-meta","tag-ray"],"_links":{"self":[{"href":"https:\/\/kamucalisani.net\/index.php\/wp-json\/wp\/v2\/posts\/69139","targetHints":{"allow":["GET"]}}],"collection":[{"href":"https:\/\/kamucalisani.net\/index.php\/wp-json\/wp\/v2\/posts"}],"about":[{"href":"https:\/\/kamucalisani.net\/index.php\/wp-json\/wp\/v2\/types\/post"}],"author":[{"embeddable":true,"href":"https:\/\/kamucalisani.net\/index.php\/wp-json\/wp\/v2\/users\/1"}],"replies":[{"embeddable":true,"href":"https:\/\/kamucalisani.net\/index.php\/wp-json\/wp\/v2\/comments?post=69139"}],"version-history":[{"count":1,"href":"https:\/\/kamucalisani.net\/index.php\/wp-json\/wp\/v2\/posts\/69139\/revisions"}],"predecessor-version":[{"id":69143,"href":"https:\/\/kamucalisani.net\/index.php\/wp-json\/wp\/v2\/posts\/69139\/revisions\/69143"}],"wp:featuredmedia":[{"embeddable":true,"href":"https:\/\/kamucalisani.net\/index.php\/wp-json\/wp\/v2\/media\/69140"}],"wp:attachment":[{"href":"https:\/\/kamucalisani.net\/index.php\/wp-json\/wp\/v2\/media?parent=69139"}],"wp:term":[{"taxonomy":"category","embeddable":true,"href":"https:\/\/kamucalisani.net\/index.php\/wp-json\/wp\/v2\/categories?post=69139"},{"taxonomy":"post_tag","embeddable":true,"href":"https:\/\/kamucalisani.net\/index.php\/wp-json\/wp\/v2\/tags?post=69139"}],"curies":[{"name":"wp","href":"https:\/\/api.w.org\/{rel}","templated":true}]}}